{"id":2828,"date":"2023-01-05T10:03:46","date_gmt":"2023-01-05T10:03:46","guid":{"rendered":"https:\/\/www.acfo-acaf.com\/?p=19452"},"modified":"2023-01-05T10:03:46","modified_gmt":"2023-01-05T10:03:46","slug":"serie-de-formations-sur-ledi-comment-etre-un-e-allie-e-de-la-communaute-2slgbtqia","status":"publish","type":"post","link":"https:\/\/www.acfo-acaf.com\/fr\/serie-de-formations-sur-ledi-comment-etre-un-e-allie-e-de-la-communaute-2slgbtqia\/","title":{"rendered":"S\u00e9rie de formations sur l\u2019EDI\u00a0: Comment \u00eatre un(e) alli\u00e9(e) de la communaut\u00e9 2SLGBTQIA+?"},"content":{"rendered":"\n<p class=\"wp-block-paragraph\">L\u2019ACFO-ACAF a le plaisir d\u2019annoncer qu\u2019elle a programm\u00e9 sa premi\u00e8re s\u00e9ance de la s\u00e9rie de formations sur l\u2019EDI de 2023. Cette s\u00e9rie de webinaires en ligne offre aux membres de l\u2019ACFO-ACAF l\u2019occasion de se r\u00e9unir \u00e0 l\u2019heure du d\u00eener et de discuter de sujets li\u00e9s \u00e0 l\u2019\u00e9quit\u00e9, \u00e0 la diversit\u00e9 et \u00e0 l\u2019inclusion. Chaque cours vous offrira un moment d\u2019\u00e9coute, d\u2019apprentissage et de r\u00e9flexion sur les informations pr\u00e9sent\u00e9es.<\/p>\n\n\n\n<p class=\"wp-block-paragraph\">Au cours du prochain webinaire, les participants apprendront comment \u00eatre des alli\u00e9s pour les membres de la communaut\u00e9 2SLGBTQIA+ qui sont en transition en milieu de travail. La s\u00e9ance aura lieu le <strong>vendredi 20 janvier, en fran\u00e7ais uniquement, de 11&nbsp;h \u00e0 13&nbsp;h (HE) sur Microsoft Teams<\/strong>. Nous vous prions de nous excuser pour tout inconv\u00e9nient que cela pourrait vous causer.<\/p>\n\n\n\n<p class=\"wp-block-paragraph\">L\u2019ACFO-ACAF s\u2019est associ\u00e9e \u00e0 la <a href=\"https:\/\/www.fondationemergence.org\/\" target=\"_blank\" rel=\"noreferrer noopener\">Fondation \u00c9mergence<\/a> pour offrir cette s\u00e9ance de formation, et l\u2019un de leurs animateurs abordera plusieurs sujets, notamment&nbsp;:<\/p>\n\n\n\n<ul class=\"wp-block-list\"><li>un examen approfondi des concepts de sexe, de genre, d\u2019attirance et d\u2019expression de genre;<\/li><li>ce que chaque partie du sigle LGBTQ+ repr\u00e9sente;<\/li><li>les obstacles auxquels les membres de la communaut\u00e9 LGBTQ+ sont confront\u00e9s en milieu de travail et leur impact;<\/li><li>comment \u00eatre un bon(ne) alli\u00e9(e).<\/li><\/ul>\n\n\n\n<p class=\"wp-block-paragraph\">Cette s\u00e9ance donnera aux membres l\u2019occasion d\u2019en savoir plus sur certains des probl\u00e8mes courants auxquels les personnes de la communaut\u00e9 LGBTQ+ sont confront\u00e9s en milieu de travail, tout en proposant des solutions qui contribueront \u00e0 assurer des espaces plus inclusifs pour tous. La s\u00e9ance comprendra le t\u00e9moignage d\u2019une personne trans qui a v\u00e9cu sa transition en milieu de travail. Toute personne souhaitant en savoir plus sur les meilleures pratiques en mati\u00e8re d\u2019inclusion des LGBTQ+ en milieu de travail avant le webinaire peut consulter le Guide ProAlli\u00e9.<\/p>\n\n\n\n<div data-wp-interactive=\"core\/file\" class=\"wp-block-file\"><object data-wp-bind--hidden=\"!state.hasPdfPreview\" hidden class=\"wp-block-file__embed\" data=\"https:\/\/www.acfo-acaf.com\/wp-content\/uploads\/2023\/01\/InclusionEnMilieuDeTravailPourDesPersonnesLGBTQ.pdf\" type=\"application\/pdf\" style=\"width:100%;height:600px\" aria-label=\"Contenu embarqu\u00e9 Embed of InclusionEnMilieuDeTravailPourDesPersonnesLGBTQ..\"><\/object><a id=\"wp-block-file--media-6b9db08a-a029-43fe-9af6-409d88746da8\" href=\"https:\/\/www.acfo-acaf.com\/wp-content\/uploads\/2023\/01\/InclusionEnMilieuDeTravailPourDesPersonnesLGBTQ.pdf\">InclusionEnMilieuDeTravailPourDesPersonnesLGBTQ<\/a><a href=\"https:\/\/www.acfo-acaf.com\/wp-content\/uploads\/2023\/01\/InclusionEnMilieuDeTravailPourDesPersonnesLGBTQ.pdf\" class=\"wp-block-file__button\" download aria-describedby=\"wp-block-file--media-6b9db08a-a029-43fe-9af6-409d88746da8\">Download<\/a><\/div>\n\n\n\n<p class=\"wp-block-paragraph\">Il n\u2019est pas n\u00e9cessaire de r\u00e9pondre \u00e0 la pr\u00e9sente invitation. Veuillez simplement communiquer avec Rex Tshibanda (<a href=\"mailto:rtshibanda@acfo-acaf.com\" target=\"_blank\" rel=\"noreferrer noopener\">rtshibanda@acfo-acaf.com<\/a>) pour recevoir le lien qui vous donnera acc\u00e8s au webinaire.<\/p>\n\n\n\n<p class=\"wp-block-paragraph\">Pour toute question concernant le webinaire, veuillez communiquer avec St\u00e9phanie Rochon Perras, directrice de l\u2019\u00e9valuation des emplois et de l\u2019\u00e9quit\u00e9, en lui envoyant un courriel \u00e0 <a href=\"mailto:srochon@acfo-acaf.com\" target=\"_blank\" rel=\"noreferrer noopener\">srochon@acfo-acaf.com<\/a> ou en lui t\u00e9l\u00e9phonant au 1-877-728-0695, poste 235.<\/p>\n\n\n\n<p class=\"wp-block-paragraph\">Nous nous r\u00e9jouissons de vous accueillir \u00e0 cette s\u00e9ance de la s\u00e9rie de formations sur l\u2019EDI, et nous esp\u00e9rons que vous la trouverez enrichissante.<\/p>\n","protected":false},"excerpt":{"rendered":"<p>L\u2019ACFO-ACAF a le plaisir d\u2019annoncer qu\u2019elle a programm\u00e9 sa premi\u00e8re s\u00e9ance de la s\u00e9rie de formations sur l\u2019EDI de 2023. [&hellip;]<\/p>\n","protected":false},"author":0,"featured_media":2477,"comment_status":"closed","ping_status":"closed","sticky":false,"template":"","format":"standard","meta":{"_acf_changed":false,"footnotes":""},"categories":[38],"tags":[],"class_list":["post-2828","post","type-post","status-publish","format-standard","has-post-thumbnail","hentry","category-mise-jour","group-ct-eav-fr","group-ct-fin-fr","group-ct-iau-fr","group-nav-canada-fl-fr"],"acf":{"categories":[38],"groups":[30,32,34,36],"canBeFeatured":false},"_links":{"self":[{"href":"https:\/\/www.acfo-acaf.com\/fr\/wp-json\/wp\/v2\/posts\/2828","targetHints":{"allow":["GET"]}}],"collection":[{"href":"https:\/\/www.acfo-acaf.com\/fr\/wp-json\/wp\/v2\/posts"}],"about":[{"href":"https:\/\/www.acfo-acaf.com\/fr\/wp-json\/wp\/v2\/types\/post"}],"replies":[{"embeddable":true,"href":"https:\/\/www.acfo-acaf.com\/fr\/wp-json\/wp\/v2\/comments?post=2828"}],"version-history":[{"count":0,"href":"https:\/\/www.acfo-acaf.com\/fr\/wp-json\/wp\/v2\/posts\/2828\/revisions"}],"acf:term":[{"embeddable":true,"taxonomy":"group","href":"https:\/\/www.acfo-acaf.com\/fr\/wp-json\/wp\/v2\/group\/36"},{"embeddable":true,"taxonomy":"group","href":"https:\/\/www.acfo-acaf.com\/fr\/wp-json\/wp\/v2\/group\/34"},{"embeddable":true,"taxonomy":"group","href":"https:\/\/www.acfo-acaf.com\/fr\/wp-json\/wp\/v2\/group\/32"},{"embeddable":true,"taxonomy":"group","href":"https:\/\/www.acfo-acaf.com\/fr\/wp-json\/wp\/v2\/group\/30"},{"embeddable":true,"taxonomy":"category","href":"https:\/\/www.acfo-acaf.com\/fr\/wp-json\/wp\/v2\/categories\/38"}],"wp:featuredmedia":[{"embeddable":true,"href":"https:\/\/www.acfo-acaf.com\/fr\/wp-json\/wp\/v2\/media\/2477"}],"wp:attachment":[{"href":"https:\/\/www.acfo-acaf.com\/fr\/wp-json\/wp\/v2\/media?parent=2828"}],"wp:term":[{"taxonomy":"category","embeddable":true,"href":"https:\/\/www.acfo-acaf.com\/fr\/wp-json\/wp\/v2\/categories?post=2828"},{"taxonomy":"post_tag","embeddable":true,"href":"https:\/\/www.acfo-acaf.com\/fr\/wp-json\/wp\/v2\/tags?post=2828"}],"curies":[{"name":"wp","href":"https:\/\/api.w.org\/{rel}","templated":true}]}}