{"id":2936,"date":"2022-03-08T09:09:47","date_gmt":"2022-03-08T09:09:47","guid":{"rendered":"https:\/\/www.acfo-acaf.com\/?p=17691"},"modified":"2022-03-08T09:09:47","modified_gmt":"2022-03-08T09:09:47","slug":"journee-internationale-des-femmes-2022-diversite-equite-et-inclusion-dans-la-reprise","status":"publish","type":"post","link":"https:\/\/www.acfo-acaf.com\/fr\/journee-internationale-des-femmes-2022-diversite-equite-et-inclusion-dans-la-reprise\/","title":{"rendered":"Journ\u00e9e internationale des femmes 2022 : Diversit\u00e9, \u00e9quit\u00e9 et inclusion dans la reprise\u00a0"},"content":{"rendered":"\n<p>Chaque ann\u00e9e, \u00e0 l\u2019occasion de la Journ\u00e9e internationale des femmes, nous prenons le temps de c\u00e9l\u00e9brer les femmes extraordinaires qui font partie de nos vies et celles du monde entier. Il est \u00e9galement essentiel que nous prenions le temps de r\u00e9fl\u00e9chir aux progr\u00e8s r\u00e9alis\u00e9s dans la marche vers l\u2019\u00e9galit\u00e9 des sexes, ainsi qu\u2019\u00e0 la mani\u00e8re dont nous pouvons assurer un avenir plus \u00e9quitable pour les femmes.<\/p>\n\n\n\n<p>La pand\u00e9mie de COVID-19 a \u00e9t\u00e9 dure pour tout le monde, mais elle a \u00e9t\u00e9 particuli\u00e8rement d\u00e9vastatrice pour les femmes. Alors que les provinces commencent \u00e0 abandonner les restrictions et les politiques li\u00e9es \u00e0 la pand\u00e9mie, il est imp\u00e9ratif que les gouvernements et les organisations accordent une attention particuli\u00e8re au r\u00f4le que les femmes joueront dans tout plan de reprise. <a href=\"https:\/\/www150.statcan.gc.ca\/n1\/fr\/pub\/36-28-0001\/2021005\/article\/00005-fra.pdf?st=LiST9CcQ\" target=\"_blank\" rel=\"noreferrer noopener\">Les femmes ont \u00e9t\u00e9 plus susceptibles de perdre leur emploi ou de choisir de quitter le march\u00e9 du travail au cours des deux derni\u00e8res ann\u00e9es<\/a>, et nous devrons travailler d\u2019arrache-pied pour que notre soci\u00e9t\u00e9 et notre main-d\u2019\u0153uvre ne r\u00e9gressent pas alors que nous entrons dans un monde post-pand\u00e9mique. La lutte pour l\u2019\u00e9quit\u00e9 salariale et la protection contre le harc\u00e8lement et la discrimination ne sont que quelques-uns des nombreux moyens que nous pouvons utiliser pour veiller \u00e0 ce que les femmes ne soient pas laiss\u00e9es pour compte.<\/p>\n\n\n\n<p>Pour l\u2019ACFO-ACAF, l\u2019action en faveur de l\u2019\u00e9galit\u00e9 des sexes pour nos membres et pour la fonction publique en g\u00e9n\u00e9ral commence par les services que nous offrons. Depuis quelque temps, nous travaillons avec Canadian Equality Consulting (CEC), une soci\u00e9t\u00e9 de conseil en mati\u00e8re de diversit\u00e9, d\u2019\u00e9quit\u00e9 et d\u2019inclusion, pour qu\u2019elle nous aide \u00e0 r\u00e9fl\u00e9chir \u00e0 nos programmes internes de perfectionnement professionnel, ceux du <a href=\"https:\/\/www.acfo-acaf.com\/professional-development\/jcdp\/\" target=\"_blank\" rel=\"noreferrer noopener\">Programme mixte de perfectionnement professionnel <\/a>(PMPP) et ceux du <a href=\"http:\/\/comptrollershiptraining.ca\/\" target=\"_blank\" rel=\"noreferrer noopener\">Centre de formation des contr\u00f4leur<\/a>s (CFC), et \u00e0 les \u00e9valuer. L\u2019\u00e9tude que nous menons avec CEC nous permettra de nous assurer que nous offrons \u00e0 nos membres des programmes et des cours de formation qui sont diversifi\u00e9s, \u00e9quitables et inclusifs pour toutes les personnes qui y participent.<\/p>\n\n\n\n<p>Parall\u00e8lement, nous avons \u00e9galement men\u00e9 un sondage interne de l\u2019ACFO-ACAF pour que le personnel puisse, de mani\u00e8re anonyme et volontaire, identifier son appartenance \u00e0 des groupes vis\u00e9s par l\u2019\u00e9quit\u00e9. Alors que ce travail est en cours et progresse, nous attendons impatiemment de recevoir et de mettre en \u0153uvre les recommandations de CEC vers la fin du mois.<\/p>\n\n\n\n<p>Enfin, le travail de r\u00e8glement de la plainte en mati\u00e8re d\u2019\u00e9quit\u00e9 salariale d\u00e9pos\u00e9e en 2016 est en cours et progresse bien. Nous avons bon espoir que l\u2019\u00e9tude conjointe men\u00e9e en collaboration avec l\u2019employeur sera <a href=\"https:\/\/www.acfo-acaf.com\/fr\/2021\/06\/11\/le-point-sur-la-plainte-en-matiere-dequite-salariale\/\" target=\"_blank\" rel=\"noreferrer noopener\">termin\u00e9e dans un proche avenir<\/a>.<\/p>\n\n\n\n<p>La majorit\u00e9 des membres de l\u2019ACFO-ACAF sont des femmes et, par cons\u00e9quent, nous portons une attention particuli\u00e8re aux probl\u00e8mes qui touchent les femmes de mani\u00e8re disproportionn\u00e9e en milieu de travail. En tant que syndicat, nous d\u00e9fendrons toujours vos int\u00e9r\u00eats.<\/p>\n\n\n\n<p>\u00c0 l\u2019occasion de la Journ\u00e9e internationale des femmes 2022, nous rendons hommage \u00e0 toutes les femmes merveilleuses et travailleuses de la communaut\u00e9 CT. Merci pour tout ce que vous faites, et bonne #JIF2022!<\/p>\n","protected":false},"excerpt":{"rendered":"<p>Chaque ann\u00e9e, \u00e0 l\u2019occasion de la Journ\u00e9e internationale des femmes, nous prenons le temps de c\u00e9l\u00e9brer les femmes extraordinaires qui [&hellip;]<\/p>\n","protected":false},"author":0,"featured_media":2420,"comment_status":"closed","ping_status":"closed","sticky":false,"template":"","format":"standard","meta":{"_acf_changed":false,"footnotes":""},"categories":[38],"tags":[],"class_list":["post-2936","post","type-post","status-publish","format-standard","has-post-thumbnail","hentry","category-mise-jour","group-ct-eav-fr","group-ct-fin-fr","group-ct-iau-fr","group-nav-canada-fl-fr"],"acf":{"categories":[38],"groups":[30,32,34,36],"canBeFeatured":false},"_links":{"self":[{"href":"https:\/\/www.acfo-acaf.com\/fr\/wp-json\/wp\/v2\/posts\/2936","targetHints":{"allow":["GET"]}}],"collection":[{"href":"https:\/\/www.acfo-acaf.com\/fr\/wp-json\/wp\/v2\/posts"}],"about":[{"href":"https:\/\/www.acfo-acaf.com\/fr\/wp-json\/wp\/v2\/types\/post"}],"replies":[{"embeddable":true,"href":"https:\/\/www.acfo-acaf.com\/fr\/wp-json\/wp\/v2\/comments?post=2936"}],"version-history":[{"count":0,"href":"https:\/\/www.acfo-acaf.com\/fr\/wp-json\/wp\/v2\/posts\/2936\/revisions"}],"acf:term":[{"embeddable":true,"taxonomy":"group","href":"https:\/\/www.acfo-acaf.com\/fr\/wp-json\/wp\/v2\/group\/36"},{"embeddable":true,"taxonomy":"group","href":"https:\/\/www.acfo-acaf.com\/fr\/wp-json\/wp\/v2\/group\/34"},{"embeddable":true,"taxonomy":"group","href":"https:\/\/www.acfo-acaf.com\/fr\/wp-json\/wp\/v2\/group\/32"},{"embeddable":true,"taxonomy":"group","href":"https:\/\/www.acfo-acaf.com\/fr\/wp-json\/wp\/v2\/group\/30"},{"embeddable":true,"taxonomy":"category","href":"https:\/\/www.acfo-acaf.com\/fr\/wp-json\/wp\/v2\/categories\/38"}],"wp:featuredmedia":[{"embeddable":true,"href":"https:\/\/www.acfo-acaf.com\/fr\/wp-json\/wp\/v2\/media\/2420"}],"wp:attachment":[{"href":"https:\/\/www.acfo-acaf.com\/fr\/wp-json\/wp\/v2\/media?parent=2936"}],"wp:term":[{"taxonomy":"category","embeddable":true,"href":"https:\/\/www.acfo-acaf.com\/fr\/wp-json\/wp\/v2\/categories?post=2936"},{"taxonomy":"post_tag","embeddable":true,"href":"https:\/\/www.acfo-acaf.com\/fr\/wp-json\/wp\/v2\/tags?post=2936"}],"curies":[{"name":"wp","href":"https:\/\/api.w.org\/{rel}","templated":true}]}}