{"id":2940,"date":"2022-02-09T13:25:18","date_gmt":"2022-02-09T13:25:18","guid":{"rendered":"https:\/\/www.acfo-acaf.com\/?p=17626"},"modified":"2022-02-09T13:25:18","modified_gmt":"2022-02-09T13:25:18","slug":"le-point-sur-la-negociation-collective-nomination-dun-comite","status":"publish","type":"post","link":"https:\/\/www.acfo-acaf.com\/fr\/le-point-sur-la-negociation-collective-nomination-dun-comite\/","title":{"rendered":"Le point sur la n\u00e9gociation collective : nomination d\u2019un comit\u00e9"},"content":{"rendered":"\n<p>Le conseil d\u2019administration de l\u2019ACFO-ACAF a nomm\u00e9 le comit\u00e9 de n\u00e9gociation collective pour la prochaine ronde de n\u00e9gociations avec le Conseil du Tr\u00e9sor. Le comit\u00e9 comprend des repr\u00e9sentants de divers minist\u00e8res et de diverses r\u00e9gions ayant une exp\u00e9rience vari\u00e9e dans la communaut\u00e9 CT.<\/p>\n\n\n\n<p>Le comit\u00e9 se r\u00e9unira pour la premi\u00e8re fois les 19 et 20 mars afin d\u2019examiner les propositions d\u00e9coulant du sondage sur la n\u00e9gociation collective soumis aux membres \u00e0 l\u2019automne 2021 et d\u2019\u00e9laborer les revendications contractuelles de l\u2019ACFO-ACAF pour la prochaine ronde de n\u00e9gociations. Alors que la convention collective des CT-IAU (anciennement AS) a expir\u00e9 en juin 2021, celles des CT-EAV (anciennement AU) et des CT-FI (anciennement FI) expireront cette ann\u00e9e, en juin et en novembre respectivement.<\/p>\n\n\n\n<p>Le conseil d\u2019administration remercie tous les membres de l\u2019ACFO-ACAF qui ont r\u00e9pondu au sondage sur la n\u00e9gociation et il remercie de leur engagement \u00e0 l\u2019\u00e9gard de la communaut\u00e9 CT ceux et celles qui se sont port\u00e9s volontaires pour faire partie du comit\u00e9. Si vous avez des questions sur le processus de s\u00e9lection du comit\u00e9, veuillez communiquer avec <a href=\"mailto:schamberlain@acfo-acaf.com\">Scott Chamberlain<\/a>.<\/p>\n\n\n\n<p>Voici la liste compl\u00e8te des membres du comit\u00e9 de n\u00e9gociation collective&nbsp;:<\/p>\n\n\n\n<figure class=\"wp-block-table\"><table><tbody><tr><td><strong>Nom<\/strong><\/td><td><strong>Niveau CT<\/strong><\/td><td><strong>Minist\u00e8re<\/strong><\/td><td><strong>R\u00e9gion<\/strong><\/td><\/tr><tr><td>Rob Hawkins (pr\u00e9sident)<\/td><td>CT-FIN-2<\/td><td>Service correctionnel du Canada<\/td><td>Ontario<\/td><\/tr><tr><td>Ayanna Alleyne<\/td><td>CT-FIN-3<\/td><td>Agence de la sant\u00e9 publique du Canada<\/td><td>RCN (Montr\u00e9al)<\/td><\/tr><tr><td>Marc Belanger<\/td><td>CT-FIN-4<\/td><td>Agriculture et Agroalimentaire Canada<\/td><td>RCN<\/td><\/tr><tr><td>Ian Boyle<\/td><td>CT-FIN-2<\/td><td>Affaires mondiales Canada<\/td><td>RCN<\/td><\/tr><tr><td>Andrew Burt<\/td><td>CT-FIN-3<\/td><td>Anciens combattants Canada<\/td><td>Atlantique<\/td><\/tr><tr><td>Nadia Colova<\/td><td>CT-FIN-2<\/td><td>Minist\u00e8re de la D\u00e9fense nationale<\/td><td>RCN<\/td><\/tr><tr><td>Emilie M. Comeau<\/td><td>CT-FIN-2<\/td><td>Services publics et Approvisionnement Canada<\/td><td>RCN (Miramichi)<\/td><\/tr><tr><td>Julie Couvillon<\/td><td>CT-FIN-3<\/td><td>Service correctionnel du Canada<\/td><td>RCN<\/td><\/tr><tr><td>Brittany Davis<\/td><td>CT-IAU (AS-3)<\/td><td>Secr\u00e9tariat du Conseil du Tr\u00e9sor<\/td><td>RCN<\/td><\/tr><tr><td>Peggy Duarte<\/td><td>CT-FIN-3<\/td><td>Gendarmerie royale du Canada<\/td><td>RCN (Moncton)<\/td><\/tr><tr><td>Robert Finkle<\/td><td>CT-FIN-2<\/td><td>Minist\u00e8re de la D\u00e9fense nationale<\/td><td>RCN (Edmonton)<\/td><\/tr><tr><td>Pat Grantis<\/td><td>CT-FIN-4<\/td><td>Sant\u00e9 Canada<\/td><td>RCN<\/td><\/tr><tr><td>Rene Haddad<\/td><td>CT-FIN-3<\/td><td>Minist\u00e8re de la D\u00e9fense nationale<\/td><td>RCN<\/td><\/tr><tr><td>Claude Huard<\/td><td>CT-FIN-4<\/td><td>Services publics et Approvisionnement Canada \/ Environnement et Changement climatique Canada<\/td><td>RCN<\/td><\/tr><tr><td>Amal Khatib<\/td><td>CT-FIN-3<\/td><td>Affaires mondiales Canada<\/td><td>RCN<\/td><\/tr><tr><td>Maxime Labrecque<\/td><td>CT-FIN-2<\/td><td>Agence spatiale canadienne<\/td><td>Qu\u00e9bec<\/td><\/tr><tr><td>Sylvain Lapierre<\/td><td>CT-FIN-3<\/td><td>Services publics et Approvisionnement Canada<\/td><td>RCN<\/td><\/tr><tr><td>Mike Lefebvre<\/td><td>CT-FIN-3<\/td><td>Agriculture et Agroalimentaire Canada<\/td><td>RCN<\/td><\/tr><tr><td>Jean-Philippe Letourneau<\/td><td>CT-FIN-2<\/td><td>Immigration, R\u00e9fugi\u00e9s et Citoyennet\u00e9 Canada<\/td><td>RCN<\/td><\/tr><tr><td>Pierre Liu<\/td><td>CT-FIN-4<\/td><td>Services publics et Approvisionnement Canada<\/td><td>RCN<\/td><\/tr><tr><td>Catharine Lynch<\/td><td>CT-FIN-3<\/td><td>Emploi et d\u00e9veloppement social Canada<\/td><td>RCN<\/td><\/tr><tr><td>Carole Mailloux<\/td><td>CT-FIN-2<\/td><td>Agriculture et Agroalimentaire Canada<\/td><td>RCN (Montr\u00e9al)<\/td><\/tr><tr><td>Shawn Melnychuk<\/td><td>CT-FIN-4<\/td><td>Diversification de l\u2019\u00e9conomie de l\u2019Ouest Canada (PacifiCan)<\/td><td>Pacifique<\/td><\/tr><tr><td>Mark Nowostawski<\/td><td>CT-FIN-1<\/td><td>Innovation, Sciences et D\u00e9veloppement \u00e9conomique Canada<\/td><td>RCN<\/td><\/tr><tr><td>Olajumoke Oni<\/td><td>CT-FIN-3<\/td><td>Services aux Autochtones Canada<\/td><td>Prairies<\/td><\/tr><tr><td>Rachel Pelletier<\/td><td>CT-FIN-1<\/td><td>Emploi et d\u00e9veloppement social Canada<\/td><td>Atlantique<\/td><\/tr><tr><td>John Perkins<\/td><td>CT-FIN-2<\/td><td>Minist\u00e8re de la D\u00e9fense nationale<\/td><td>RCN<\/td><\/tr><tr><td>Preet Phungura<\/td><td>CT-FIN-2<\/td><td>Emploi et d\u00e9veloppement social Canada<\/td><td>Pacifique<\/td><\/tr><tr><td>Toma Radev<\/td><td>CT-EAV (AU-3)<\/td><td>Agence des services frontaliers du Canada<\/td><td>RCN<\/td><\/tr><tr><td>Natacha Ruiz Tardif<\/td><td>CT-FIN-3<\/td><td>Secr\u00e9tariat du Conseil du Tr\u00e9sor<\/td><td>RCN<\/td><\/tr><tr><td>Paula Sams<\/td><td>CT-FIN-4<\/td><td>Agence de la sant\u00e9 publique du Canada<\/td><td>RCN<\/td><\/tr><tr><td>Francois Thivierge<\/td><td>CT-FIN-3<\/td><td>Services aux Autochtones Canada<\/td><td>RCN<\/td><\/tr><tr><td>Linda Vienneau<\/td><td>CT-FIN-1<\/td><td>P\u00eaches et Oc\u00e9ans Canada<\/td><td>Atlantique<\/td><\/tr><tr><td>William Wong<\/td><td>CT-FIN-3<\/td><td>Minist\u00e8re de la D\u00e9fense nationale<\/td><td>RCN<\/td><\/tr><tr><td>Brian Yantha<\/td><td>CT-IAU (AS-7)<\/td><td>Agence de la sant\u00e9 publique du Canada<\/td><td>RCN<\/td><\/tr><\/tbody><\/table><\/figure>\n","protected":false},"excerpt":{"rendered":"<p>Le conseil d\u2019administration de l\u2019ACFO-ACAF a nomm\u00e9 le comit\u00e9 de n\u00e9gociation collective pour la prochaine ronde de n\u00e9gociations avec le [&hellip;]<\/p>\n","protected":false},"author":0,"featured_media":1556,"comment_status":"closed","ping_status":"closed","sticky":false,"template":"","format":"standard","meta":{"_acf_changed":false,"footnotes":""},"categories":[20],"tags":[],"class_list":["post-2940","post","type-post","status-publish","format-standard","has-post-thumbnail","hentry","category-negociation-collective","group-ct-eav-fr","group-ct-fin-fr","group-ct-iau-fr"],"acf":{"categories":[20],"groups":[30,32,34],"canBeFeatured":false},"_links":{"self":[{"href":"https:\/\/www.acfo-acaf.com\/fr\/wp-json\/wp\/v2\/posts\/2940","targetHints":{"allow":["GET"]}}],"collection":[{"href":"https:\/\/www.acfo-acaf.com\/fr\/wp-json\/wp\/v2\/posts"}],"about":[{"href":"https:\/\/www.acfo-acaf.com\/fr\/wp-json\/wp\/v2\/types\/post"}],"replies":[{"embeddable":true,"href":"https:\/\/www.acfo-acaf.com\/fr\/wp-json\/wp\/v2\/comments?post=2940"}],"version-history":[{"count":0,"href":"https:\/\/www.acfo-acaf.com\/fr\/wp-json\/wp\/v2\/posts\/2940\/revisions"}],"acf:term":[{"embeddable":true,"taxonomy":"group","href":"https:\/\/www.acfo-acaf.com\/fr\/wp-json\/wp\/v2\/group\/34"},{"embeddable":true,"taxonomy":"group","href":"https:\/\/www.acfo-acaf.com\/fr\/wp-json\/wp\/v2\/group\/32"},{"embeddable":true,"taxonomy":"group","href":"https:\/\/www.acfo-acaf.com\/fr\/wp-json\/wp\/v2\/group\/30"},{"embeddable":true,"taxonomy":"category","href":"https:\/\/www.acfo-acaf.com\/fr\/wp-json\/wp\/v2\/categories\/20"}],"wp:featuredmedia":[{"embeddable":true,"href":"https:\/\/www.acfo-acaf.com\/fr\/wp-json\/wp\/v2\/media\/1556"}],"wp:attachment":[{"href":"https:\/\/www.acfo-acaf.com\/fr\/wp-json\/wp\/v2\/media?parent=2940"}],"wp:term":[{"taxonomy":"category","embeddable":true,"href":"https:\/\/www.acfo-acaf.com\/fr\/wp-json\/wp\/v2\/categories?post=2940"},{"taxonomy":"post_tag","embeddable":true,"href":"https:\/\/www.acfo-acaf.com\/fr\/wp-json\/wp\/v2\/tags?post=2940"}],"curies":[{"name":"wp","href":"https:\/\/api.w.org\/{rel}","templated":true}]}}