{"id":2978,"date":"2021-11-16T14:44:33","date_gmt":"2021-11-16T14:44:33","guid":{"rendered":"https:\/\/www.acfo-acaf.com\/?p=17132"},"modified":"2021-11-16T14:44:33","modified_gmt":"2021-11-16T14:44:33","slug":"presentation-du-seminaire-sur-la-sante-mentale-et-le-bien-etre-de-2022","status":"publish","type":"post","link":"https:\/\/www.acfo-acaf.com\/fr\/presentation-du-seminaire-sur-la-sante-mentale-et-le-bien-etre-de-2022\/","title":{"rendered":"Pr\u00e9sentation du s\u00e9minaire sur la sant\u00e9 mentale et le bien-\u00eatre de 2022"},"content":{"rendered":"\n<p>L\u2019ACFO-ACAF est fi\u00e8re d\u2019annoncer son deuxi\u00e8me s\u00e9minaire sur la sant\u00e9 mentale et le bien-\u00eatre, qui fait partie du calendrier 2021-2022 du&nbsp;<a href=\"https:\/\/www.acfo-acaf.com\/fr\/perfectionnement-professionnel\/pmpp\/\">Programme mixte de perfectionnement professionnel<\/a>&nbsp;(PMPP).<br><br>Ce s\u00e9minaire se d\u00e9roulera en ligne, en direct, le 26 janvier 2022 (de 10 h \u00e0 16 h HE) et accueillera des conf\u00e9renciers exp\u00e9riment\u00e9s et des experts en sant\u00e9 mentale qui pr\u00e9senteront une combinaison d\u2019histoires \u00e9clairantes et motivantes ainsi que des strat\u00e9gies pratiques pour vous aider \u00e0 g\u00e9rer votre sant\u00e9 mentale et votre bien-\u00eatre. Vous trouverez de plus amples renseignements sur les conf\u00e9renciers ici :&nbsp;<a href=\"https:\/\/www.acfo-acaf.com\/fr\/perfectionnement-professionnel\/pmpp\/seminaire-sante-mentale-et-bien-etre\/conferenciers-seminaire-sante-mentale-et-bien-etre\/\" target=\"_blank\" rel=\"noreferrer noopener\">https:\/\/www.acfo-acaf.com\/fr\/perfectionnement-professionnel\/pmpp\/seminaire-sante-mentale-et-bien-etre\/conferenciers-seminaire-sante-mentale-et-bien-etre\/<\/a><br><br>Alors que nous aurons v\u00e9cu pr\u00e8s de deux ans de pand\u00e9mie de COVID-19 au moment du s\u00e9minaire et que les \u00e9ch\u00e9ances de fin d\u2019exercice approchent, c\u2019est l\u2019occasion pour la communaut\u00e9 CT de donner la priorit\u00e9 \u00e0 sa sant\u00e9 mentale.<\/p>\n\n\n\n<h3 class=\"wp-block-heading\">Horaire<\/h3>\n\n\n\n<p><em><strong>(Heure de l\u2019Est)<\/strong><\/em><br>10&nbsp;h \u2013 Discours d\u2019ouverture<br>10 h 10 \u2013 Steven Page&nbsp;: Promouvoir la sant\u00e9 mentale partout<br>11&nbsp;h&nbsp;20 \u2013 Samra Zafar&nbsp;: L\u2019authenticit\u00e9, voie de la r\u00e9silience et du leadership<br>12&nbsp;h&nbsp;30 \u2013 St\u00e9phane Grenier&nbsp;: Tirer parti de la plus grande ressource inexploit\u00e9e en mati\u00e8re de sant\u00e9 mentale dans le monde : les gens<br>13&nbsp;h&nbsp;40 \u2013 Panel de praticiens<br>14&nbsp;h&nbsp;50 \u2013 Dre Susan Biali Haas&nbsp;: Se r\u00e9tablir compl\u00e8tement&nbsp;: fondements du bien-\u00eatre mental, de la gu\u00e9rison et de la r\u00e9silience<br>15&nbsp;h&nbsp;50 \u2013 R\u00e9flexions de cl\u00f4ture<\/p>\n\n\n\n<h3 class=\"wp-block-heading\">Inscription &nbsp;<\/h3>\n\n\n\n<p>Les inscriptions au s\u00e9minaire sont accept\u00e9es d\u00e8s \u00e0 pr\u00e9sent. Pour vous inscrire, cliquez ici&nbsp;<a href=\"https:\/\/events.eply.com\/MHWS202120223364345\" target=\"_blank\" rel=\"noreferrer noopener\">https:\/\/events.eply.com\/MHWS202120223364345<\/a>.<\/p>\n\n\n\n<p>Le s\u00e9minaire est offert&nbsp;<strong>gratuitement \u00e0 tous les membres de l\u2019ACFO-ACAF.<\/strong><br><br>Si vous avez des questions, veuillez envoyer un courriel \u00e0&nbsp;<a href=\"mailto:jcdp@acfo-acaf.com\">jcdp@acfo-acaf.com<\/a>.<\/p>\n","protected":false},"excerpt":{"rendered":"<p>L\u2019ACFO-ACAF est fi\u00e8re d\u2019annoncer son deuxi\u00e8me s\u00e9minaire sur la sant\u00e9 mentale et le bien-\u00eatre, qui fait partie du calendrier 2021-2022 [&hellip;]<\/p>\n","protected":false},"author":0,"featured_media":2321,"comment_status":"closed","ping_status":"closed","sticky":false,"template":"","format":"standard","meta":{"_acf_changed":false,"footnotes":""},"categories":[50],"tags":[],"class_list":["post-2978","post","type-post","status-publish","format-standard","has-post-thumbnail","hentry","category-perfectionnement-professionnel","group-ct-eav-fr","group-ct-fin-fr","group-ct-iau-fr","group-nav-canada-fl-fr"],"acf":{"categories":[50],"groups":[30,32,34,36],"canBeFeatured":false},"_links":{"self":[{"href":"https:\/\/www.acfo-acaf.com\/fr\/wp-json\/wp\/v2\/posts\/2978","targetHints":{"allow":["GET"]}}],"collection":[{"href":"https:\/\/www.acfo-acaf.com\/fr\/wp-json\/wp\/v2\/posts"}],"about":[{"href":"https:\/\/www.acfo-acaf.com\/fr\/wp-json\/wp\/v2\/types\/post"}],"replies":[{"embeddable":true,"href":"https:\/\/www.acfo-acaf.com\/fr\/wp-json\/wp\/v2\/comments?post=2978"}],"version-history":[{"count":0,"href":"https:\/\/www.acfo-acaf.com\/fr\/wp-json\/wp\/v2\/posts\/2978\/revisions"}],"acf:term":[{"embeddable":true,"taxonomy":"group","href":"https:\/\/www.acfo-acaf.com\/fr\/wp-json\/wp\/v2\/group\/36"},{"embeddable":true,"taxonomy":"group","href":"https:\/\/www.acfo-acaf.com\/fr\/wp-json\/wp\/v2\/group\/34"},{"embeddable":true,"taxonomy":"group","href":"https:\/\/www.acfo-acaf.com\/fr\/wp-json\/wp\/v2\/group\/32"},{"embeddable":true,"taxonomy":"group","href":"https:\/\/www.acfo-acaf.com\/fr\/wp-json\/wp\/v2\/group\/30"},{"embeddable":true,"taxonomy":"category","href":"https:\/\/www.acfo-acaf.com\/fr\/wp-json\/wp\/v2\/categories\/50"}],"wp:featuredmedia":[{"embeddable":true,"href":"https:\/\/www.acfo-acaf.com\/fr\/wp-json\/wp\/v2\/media\/2321"}],"wp:attachment":[{"href":"https:\/\/www.acfo-acaf.com\/fr\/wp-json\/wp\/v2\/media?parent=2978"}],"wp:term":[{"taxonomy":"category","embeddable":true,"href":"https:\/\/www.acfo-acaf.com\/fr\/wp-json\/wp\/v2\/categories?post=2978"},{"taxonomy":"post_tag","embeddable":true,"href":"https:\/\/www.acfo-acaf.com\/fr\/wp-json\/wp\/v2\/tags?post=2978"}],"curies":[{"name":"wp","href":"https:\/\/api.w.org\/{rel}","templated":true}]}}