{"id":2996,"date":"2021-09-30T13:00:00","date_gmt":"2021-09-30T13:00:00","guid":{"rendered":"https:\/\/www.acfo-acaf.com\/?p=16662"},"modified":"2021-09-30T13:00:00","modified_gmt":"2021-09-30T13:00:00","slug":"journee-nationale-de-la-verite-et-de-la-reconciliation-2021-travaillons-pour-la-justice","status":"publish","type":"post","link":"https:\/\/www.acfo-acaf.com\/fr\/journee-nationale-de-la-verite-et-de-la-reconciliation-2021-travaillons-pour-la-justice\/","title":{"rendered":"Journ\u00e9e nationale de la v\u00e9rit\u00e9 et de la reconciliation 2021 : travaillons pour la justice"},"content":{"rendered":"\n<p>C\u2019est aujourd\u2019hui la premi\u00e8re Journ\u00e9e nationale annuelle pour la v\u00e9rit\u00e9 et la r\u00e9conciliation, au cours de laquelle nous prenons le temps de rendre hommage aux peuples autochtones qui ont subi des violences et des souffrances tout au long de l\u2019histoire du Canada, et de r\u00e9fl\u00e9chir \u00e0 la mani\u00e8re dont nous pouvons tous travailler \u00e0 la r\u00e9conciliation et \u00e0 la justice pour les peuples autochtones de toute l\u2019Am\u00e9rique du Nord.<\/p>\n\n\n\n<p>\u00c0 l\u2019ACFO-ACAF, nous profitons de cette journ\u00e9e pour rechercher des moyens de nous instruire sur l\u2019histoire et la culture autochtones, et pour soutenir les entreprises et les organisations dirig\u00e9es par des Autochtones dans notre communaut\u00e9.<\/p>\n\n\n\n<p>Ce nouveau jour f\u00e9ri\u00e9 s\u2019applique \u00e0 tous les membres de l\u2019ACFO-ACAF, en vertu de la convention collective de chacune de leurs classifications, qui permet de d\u00e9signer un jour f\u00e9ri\u00e9 suppl\u00e9mentaire si une loi du Parlement le proclame&nbsp;:<\/p>\n\n\n\n<ul class=\"wp-block-list\"><li>CT-EAV (convention collective des AU)&nbsp;: article 12.01(l)<\/li><li>CT-FIN (convention collective des FI)&nbsp;: article 22.01(l)<\/li><li>CT-IAU (convention collective des AS)&nbsp;: article 30.02(l)<\/li><li>Convention collective de NAV Canada&nbsp;: article 25.01(l)<\/li><\/ul>\n\n\n\n<p>Bien que nous soyons encourag\u00e9s par les progr\u00e8s qui se manifestent en mati\u00e8re de r\u00e9conciliation, comme la cr\u00e9ation de ce jour f\u00e9ri\u00e9, nous reconnaissons qu\u2019il reste encore beaucoup \u00e0 faire. C\u2019est pourquoi nous demandons au Parlement qui vient d\u2019\u00eatre \u00e9lu de progresser dans la mise en \u0153uvre des <a href=\"https:\/\/ehprnh2mwo3.exactdn.com\/wp-content\/uploads\/2021\/04\/4-Appels_a_l-Action_French.pdf\" target=\"_blank\" rel=\"noreferrer noopener\">94&nbsp;Appels \u00e0 l\u2019action<\/a> lanc\u00e9s par la Commission de v\u00e9rit\u00e9 et r\u00e9conciliation du Canada.<\/p>\n","protected":false},"excerpt":{"rendered":"<p>C\u2019est aujourd\u2019hui la premi\u00e8re Journ\u00e9e nationale annuelle pour la v\u00e9rit\u00e9 et la r\u00e9conciliation, au cours de laquelle nous prenons le [&hellip;]<\/p>\n","protected":false},"author":0,"featured_media":2218,"comment_status":"closed","ping_status":"closed","sticky":false,"template":"","format":"standard","meta":{"_acf_changed":false,"footnotes":""},"categories":[38],"tags":[],"class_list":["post-2996","post","type-post","status-publish","format-standard","has-post-thumbnail","hentry","category-mise-jour","group-ct-eav-fr","group-ct-fin-fr","group-ct-iau-fr","group-nav-canada-fl-fr"],"acf":{"categories":[38],"groups":[30,32,34,36],"canBeFeatured":false},"_links":{"self":[{"href":"https:\/\/www.acfo-acaf.com\/fr\/wp-json\/wp\/v2\/posts\/2996","targetHints":{"allow":["GET"]}}],"collection":[{"href":"https:\/\/www.acfo-acaf.com\/fr\/wp-json\/wp\/v2\/posts"}],"about":[{"href":"https:\/\/www.acfo-acaf.com\/fr\/wp-json\/wp\/v2\/types\/post"}],"replies":[{"embeddable":true,"href":"https:\/\/www.acfo-acaf.com\/fr\/wp-json\/wp\/v2\/comments?post=2996"}],"version-history":[{"count":0,"href":"https:\/\/www.acfo-acaf.com\/fr\/wp-json\/wp\/v2\/posts\/2996\/revisions"}],"acf:term":[{"embeddable":true,"taxonomy":"group","href":"https:\/\/www.acfo-acaf.com\/fr\/wp-json\/wp\/v2\/group\/36"},{"embeddable":true,"taxonomy":"group","href":"https:\/\/www.acfo-acaf.com\/fr\/wp-json\/wp\/v2\/group\/34"},{"embeddable":true,"taxonomy":"group","href":"https:\/\/www.acfo-acaf.com\/fr\/wp-json\/wp\/v2\/group\/32"},{"embeddable":true,"taxonomy":"group","href":"https:\/\/www.acfo-acaf.com\/fr\/wp-json\/wp\/v2\/group\/30"},{"embeddable":true,"taxonomy":"category","href":"https:\/\/www.acfo-acaf.com\/fr\/wp-json\/wp\/v2\/categories\/38"}],"wp:featuredmedia":[{"embeddable":true,"href":"https:\/\/www.acfo-acaf.com\/fr\/wp-json\/wp\/v2\/media\/2218"}],"wp:attachment":[{"href":"https:\/\/www.acfo-acaf.com\/fr\/wp-json\/wp\/v2\/media?parent=2996"}],"wp:term":[{"taxonomy":"category","embeddable":true,"href":"https:\/\/www.acfo-acaf.com\/fr\/wp-json\/wp\/v2\/categories?post=2996"},{"taxonomy":"post_tag","embeddable":true,"href":"https:\/\/www.acfo-acaf.com\/fr\/wp-json\/wp\/v2\/tags?post=2996"}],"curies":[{"name":"wp","href":"https:\/\/api.w.org\/{rel}","templated":true}]}}