{"id":2998,"date":"2021-09-17T11:19:41","date_gmt":"2021-09-17T11:19:41","guid":{"rendered":"https:\/\/www.acfo-acaf.com\/?p=16640"},"modified":"2021-09-17T11:19:41","modified_gmt":"2021-09-17T11:19:41","slug":"avis-preliminaire-assemblee-generale-annuelle-de-2021","status":"publish","type":"post","link":"https:\/\/www.acfo-acaf.com\/fr\/avis-preliminaire-assemblee-generale-annuelle-de-2021\/","title":{"rendered":"Avis pr\u00e9liminaire \u2013 Assembl\u00e9e g\u00e9n\u00e9rale annuelle de 2021"},"content":{"rendered":"\n<p>L\u2019avis pr\u00e9liminaire de convocation \u00e0 la 32<sup>e<\/sup>&nbsp;assembl\u00e9e g\u00e9n\u00e9rale annuelle (AGA) de l\u2019ACFO-ACAF est par&nbsp;la&nbsp;pr\u00e9sente donn\u00e9 conform\u00e9ment \u00e0&nbsp;l\u2019alin\u00e9a&nbsp;9.13.1 du&nbsp;<a href=\"https:\/\/www.acfo-acaf.com\/fr\/reglements\/\" target=\"_blank\" rel=\"noreferrer noopener\"><strong>R\u00e8glement num\u00e9ro 1<\/strong><\/a>.&nbsp;<\/p>\n\n\n\n<p>En raison des restrictions sur les rassemblements en place en raison du COVID-19, l&rsquo;AGA de cette ann\u00e9e sera un \u00e9v\u00e9nement exclusivement en ligne.&nbsp;&nbsp;&nbsp;<\/p>\n\n\n\n<p>L\u2019AGA aura lieu :&nbsp;<\/p>\n\n\n\n<p>Le&nbsp;17&nbsp;novembre 2021&nbsp;\u00e0&nbsp;16h 30&nbsp;(HE)&nbsp;<\/p>\n\n\n\n<p>Des liens pour voir et participer \u00e0 la r\u00e9union seront fournis avec les informations d&rsquo;inscription dans les semaines \u00e0 venir.&nbsp;&nbsp;<\/p>\n\n\n\n<h3 class=\"wp-block-heading\"><strong>Proposition de r\u00e9solutions, de modifications aux r\u00e8glements ou d\u2019autres points<\/strong>&nbsp;<\/h3>\n\n\n\n<p>Tous les membres titulaires sont invit\u00e9s \u00e0 proposer des r\u00e9solutions, des modifications aux r\u00e8glements ou d\u2019autres points\u202fafin qu\u2019ils soient soumis \u00e0 l\u2019examen des membres \u00e0 l\u2019AGA.&nbsp;<\/p>\n\n\n\n<p>Les propositions de r\u00e9solutions et de modifications doivent \u00eatre envoy\u00e9es par courriel \u00e0&nbsp;<a href=\"mailto:information@acfo-acaf.com\" target=\"_blank\" rel=\"noreferrer noopener\"><strong>information@acfo-acaf.com<\/strong><\/a>&nbsp;au plus tard le&nbsp;28&nbsp;septembre&nbsp;2021&nbsp;(50 jours avant l\u2019AGA conform\u00e9ment au sous-alin\u00e9a&nbsp;17.2.1 a)&nbsp;du R\u00e8glement num\u00e9ro 1).&nbsp;<\/p>\n\n\n\n<h3 class=\"wp-block-heading\"><strong>Consultation des r\u00e8glements de&nbsp;l\u2019ACFO-ACAF<\/strong>&nbsp;<\/h3>\n\n\n\n<p><a href=\"https:\/\/www.acfo-acaf.com\/fr\/reglements\/\" target=\"_blank\" rel=\"noreferrer noopener\"><strong>Les r\u00e8glements de l\u2019ACFO-ACAF<\/strong><\/a>&nbsp;peuvent \u00eatre consult\u00e9s sur le site Web de l\u2019Association.&nbsp;<\/p>\n\n\n\n<h3 class=\"wp-block-heading\"><strong>Consultation de la trousse d\u2019information de l\u2019AGA<\/strong>\u202f&nbsp;<\/h3>\n\n\n\n<p>Des exemplaires du rapport annuel, du budget, des r\u00e9solutions \u00e0 examiner et de la proc\u00e9dure de vote seront mis \u00e0 la disposition des membres par voie \u00e9lectronique d\u2019ici au&nbsp;27&nbsp;octobre&nbsp;2021&nbsp;(21 jours avant l\u2019AGA, conform\u00e9ment au sous-alin\u00e9a 17.2.1 b) du R\u00e8glement num\u00e9ro 1).\u202f\u202f&nbsp;<\/p>\n\n\n\n<h3 class=\"wp-block-heading\"><strong>\u00c9lection<\/strong>\u202f&nbsp;<\/h3>\n\n\n\n<p>\u00c0 l\u2019AGA de 2021, il y aura \u00e9lection \u00e0 un poste du Conseil d\u2019administration :&nbsp;<\/p>\n\n\n\n<ul class=\"wp-block-list\"><li>Administrateur(trice) (x2)&nbsp;<\/li><\/ul>\n\n\n\n<p>Conform\u00e9ment \u00e0 l&rsquo;alin\u00e9a&nbsp;6.4.4 du&nbsp;R\u00e8glement num\u00e9ro 1, approuv\u00e9 lors de l&rsquo;AGA 2020, des \u00e9lections auront \u00e9galement lieu cette ann\u00e9e pour les postes suivants au sein du&nbsp;Conseil d&rsquo;administration\u202f:&nbsp;<\/p>\n\n\n\n<ul class=\"wp-block-list\"><li>Administrateur(trice) CT-EAV&nbsp;(Mandat de transition)&nbsp;<\/li><li>Administrateur(trice)&nbsp;CT-IAU (Mandat de transition)&nbsp;<\/li><\/ul>\n\n\n\n<p>Ces postes sont limit\u00e9s aux membres des sous-groupes CT-EAV (ancien AU) et CT-IAU (ancien AS) et serviront des mandats transitoires d&rsquo;un an.\u00a0<\/p>\n\n\n\n<p>Conform\u00e9ment \u00e0 l\u2019alin\u00e9a 6.3.1 du R\u00e8glement num\u00e9ro 1\u202f:\u00a0<\/p>\n\n\n\n<p><em>Pour \u00eatre \u00e9ligible \u00e0 un poste d\u2019administrateur, il faut \u00eatre membre titulaire et avoir \u00e9t\u00e9 membre titulaire en r\u00e8gle de l\u2019Association pour une p\u00e9riode d\u2019au moins deux (2) ans cons\u00e9cutifs.<\/em>&nbsp;<\/p>\n\n\n\n<p>Une bonne r\u00e9putation aupr\u00e8s des agents n\u00e9gociateurs ant\u00e9rieurs comptera pour la qualification de deux ans pour les\u00a0CT-EAV et CT-IAU.<\/p>\n\n\n\n<p>Les candidatures au poste de pr\u00e9sident du Conseil doivent \u00eatre pr\u00e9sent\u00e9es par courriel \u00e0\u00a0<a rel=\"noreferrer noopener\" href=\"mailto:information@acfo-acaf.com\" target=\"_blank\"><strong>information@acfo-acaf.com<\/strong><\/a>\u00a0au plus tard\u00a0le\u00a01\u00a0octobre 2021.\u202f\u00a0<\/p>\n\n\n\n<ul class=\"wp-block-list\"><li><a href=\"https:\/\/www.acfo-acaf.com\/wp-content\/uploads\/2017\/09\/2017-BoardDutiesOverview.pdf\" target=\"_blank\" rel=\"noreferrer noopener\">Obligations et responsabilit\u00e9s de l\u2019administrateur(trice) de l\u2019ACFO-ACAF<\/a>&nbsp;<\/li><\/ul>\n\n\n\n<ul class=\"wp-block-list\"><li><a href=\"https:\/\/www.acfo-acaf.com\/wp-content\/uploads\/2017\/09\/2017-NominationTemplate-FR.pdf\" target=\"_blank\" rel=\"noreferrer noopener\">Mod\u00e8le de lettre de mise en candidature<\/a>&nbsp;<\/li><\/ul>\n\n\n\n<h3 class=\"wp-block-heading\"><strong>Pr\u00e9sence \u00e0 l\u2019AGA<\/strong>\u202f&nbsp;<\/h3>\n\n\n\n<p>L&rsquo;inscription \u00e0 l&rsquo;AGA&nbsp;s\u2019ouvrira&nbsp;sous peu. Un&nbsp;courriel&nbsp;sera envoy\u00e9 \u00e0 tous les membres avec l&rsquo;ordre du jour et les instructions compl\u00e8tes pour s&rsquo;inscrire.&nbsp;<\/p>\n\n\n\n<h3 class=\"wp-block-heading\"><strong>Renseignements suppl\u00e9mentaires<\/strong>\u202f&nbsp;<\/h3>\n\n\n\n<p>Si vous avez besoin de renseignements suppl\u00e9mentaires ou d\u2019aide concernant ce qui pr\u00e9c\u00e8de, veuillez communiquer avec&nbsp;la directrice administrative&nbsp;de l\u2019ACFO-ACAF,&nbsp;Catherine&nbsp;Day, en lui envoyant un courriel \u00e0\u202f<a rel=\"noreferrer noopener\" href=\"mailto:cday@acfo-acaf.com\" target=\"_blank\">cday@acfo-acaf.com<\/a>&nbsp;ou en t\u00e9l\u00e9phonant au num\u00e9ro sans frais&nbsp;18777280695,&nbsp;poste 224 ou au num\u00e9ro local 613-728-0695.\u202f&nbsp;<\/p>\n","protected":false},"excerpt":{"rendered":"<p>L\u2019avis pr\u00e9liminaire de convocation \u00e0 la 32e&nbsp;assembl\u00e9e g\u00e9n\u00e9rale annuelle (AGA) de l\u2019ACFO-ACAF est par&nbsp;la&nbsp;pr\u00e9sente donn\u00e9 conform\u00e9ment \u00e0&nbsp;l\u2019alin\u00e9a&nbsp;9.13.1 du&nbsp;R\u00e8glement num\u00e9ro 1.&nbsp; [&hellip;]<\/p>\n","protected":false},"author":0,"featured_media":1955,"comment_status":"closed","ping_status":"closed","sticky":false,"template":"","format":"standard","meta":{"_acf_changed":false,"footnotes":""},"categories":[38],"tags":[],"class_list":["post-2998","post","type-post","status-publish","format-standard","has-post-thumbnail","hentry","category-mise-jour","group-ct-eav-fr","group-ct-fin-fr","group-ct-iau-fr","group-nav-canada-fl-fr"],"acf":{"categories":[38],"groups":[30,32,34,36],"canBeFeatured":false},"_links":{"self":[{"href":"https:\/\/www.acfo-acaf.com\/fr\/wp-json\/wp\/v2\/posts\/2998","targetHints":{"allow":["GET"]}}],"collection":[{"href":"https:\/\/www.acfo-acaf.com\/fr\/wp-json\/wp\/v2\/posts"}],"about":[{"href":"https:\/\/www.acfo-acaf.com\/fr\/wp-json\/wp\/v2\/types\/post"}],"replies":[{"embeddable":true,"href":"https:\/\/www.acfo-acaf.com\/fr\/wp-json\/wp\/v2\/comments?post=2998"}],"version-history":[{"count":0,"href":"https:\/\/www.acfo-acaf.com\/fr\/wp-json\/wp\/v2\/posts\/2998\/revisions"}],"acf:term":[{"embeddable":true,"taxonomy":"group","href":"https:\/\/www.acfo-acaf.com\/fr\/wp-json\/wp\/v2\/group\/36"},{"embeddable":true,"taxonomy":"group","href":"https:\/\/www.acfo-acaf.com\/fr\/wp-json\/wp\/v2\/group\/34"},{"embeddable":true,"taxonomy":"group","href":"https:\/\/www.acfo-acaf.com\/fr\/wp-json\/wp\/v2\/group\/32"},{"embeddable":true,"taxonomy":"group","href":"https:\/\/www.acfo-acaf.com\/fr\/wp-json\/wp\/v2\/group\/30"},{"embeddable":true,"taxonomy":"category","href":"https:\/\/www.acfo-acaf.com\/fr\/wp-json\/wp\/v2\/categories\/38"}],"wp:featuredmedia":[{"embeddable":true,"href":"https:\/\/www.acfo-acaf.com\/fr\/wp-json\/wp\/v2\/media\/1955"}],"wp:attachment":[{"href":"https:\/\/www.acfo-acaf.com\/fr\/wp-json\/wp\/v2\/media?parent=2998"}],"wp:term":[{"taxonomy":"category","embeddable":true,"href":"https:\/\/www.acfo-acaf.com\/fr\/wp-json\/wp\/v2\/categories?post=2998"},{"taxonomy":"post_tag","embeddable":true,"href":"https:\/\/www.acfo-acaf.com\/fr\/wp-json\/wp\/v2\/tags?post=2998"}],"curies":[{"name":"wp","href":"https:\/\/api.w.org\/{rel}","templated":true}]}}