{"id":3004,"date":"2021-08-25T11:15:53","date_gmt":"2021-08-25T11:15:53","guid":{"rendered":"https:\/\/www.acfo-acaf.com\/?p=16558"},"modified":"2021-08-25T11:15:53","modified_gmt":"2021-08-25T11:15:53","slug":"vos-droits-et-responsabilites-a-titre-de-fonctionnaire-pendant-la-periode-electorale-federale-2","status":"publish","type":"post","link":"https:\/\/www.acfo-acaf.com\/fr\/vos-droits-et-responsabilites-a-titre-de-fonctionnaire-pendant-la-periode-electorale-federale-2\/","title":{"rendered":"Vos droits et responsabilit\u00e9s \u00e0 titre de fonctionnaire pendant la p\u00e9riode \u00e9lectorale f\u00e9d\u00e9rale"},"content":{"rendered":"\n<p>La p\u00e9riode \u00e9lectorale f\u00e9d\u00e9rale de 2021 \u00e9tant bien amorc\u00e9e, nous voulons nous assurer que tous les fonctionnaires membres de l&rsquo;ACFO-ACAF connaissent leurs droits et responsabilit\u00e9s lorsqu\u2019ils entreprennent des activit\u00e9s politiques. Que vous soyez vous-m\u00eame candidat ou candidate \u00e0 une charge \u00e9lective ou que vous souhaitiez manifester votre soutien \u00e0 un parti ou \u00e0 un candidat, nous avons les renseignements dont vous aurez besoin pour le faire de mani\u00e8re appropri\u00e9e.<\/p>\n\n\n\n<h2 class=\"wp-block-heading\">Je suis candidat ou candidate \u00e0 l\u2019\u00e9lection<\/h2>\n\n\n\n<p>\u00c0 titre d\u2019employ\u00e9 ou d\u2019employ\u00e9e de la fonction publique f\u00e9d\u00e9rale, vous avez le droit, en vertu de la <em><a href=\"https:\/\/laws-lois.justice.gc.ca\/fra\/lois\/p-33.01\/page-10.html#:~:text=113%C2%A0(1)%C2%A0Les%20fonctionnaires%20peuvent%20se%20livrer%20%C3%A0%20des%20activit%C3%A9s%20politiques%2C%20sauf%20si%20celles-ci%20portent%20ou%20semblent%20porter%20atteinte%20%C3%A0%20leur%20capacit%C3%A9%20d%E2%80%99exercer%20leurs%20fonctions%20de%20fa%C3%A7on%20politiquement%20impartiale\" target=\"_blank\" rel=\"noreferrer noopener\">Loi sur l\u2019emploi dans la fonction publique (LEFP)<\/a><\/em>, de vous livrer \u00e0 des activit\u00e9s politiques aux niveaux f\u00e9d\u00e9ral, provincial, territorial ou municipal, \u00e0 condition de respecter le principe de l\u2019impartialit\u00e9 politique dans la fonction publique.<\/p>\n\n\n\n<p>Dans la pratique, la participation \u00e0 des activit\u00e9s politiques est examin\u00e9e au cas par cas. La Commission de la fonction publique (CFP) a de <a href=\"https:\/\/www.canada.ca\/fr\/commission-fonction-publique\/services\/activites-politiques.html\" target=\"_blank\" rel=\"noreferrer noopener\">nombreuses ressources utiles<\/a> qui peuvent vous aider \u00e0 d\u00e9terminer si vos activit\u00e9s politiques sont appropri\u00e9es, notamment une <a href=\"http:\/\/www2.psc-cfp.gc.ca\/pat-oap\/list-liste.do\" target=\"_blank\" rel=\"noreferrer noopener\">liste d\u2019activit\u00e9s politiques<\/a> et un <a href=\"http:\/\/www2.psc-cfp.gc.ca\/pat-oap\/intro.do\" target=\"_blank\" rel=\"noreferrer noopener\">outil d\u2019auto\u00e9valuation des activit\u00e9s politiques<\/a>.<\/p>\n\n\n\n<p>Si vous envisagez de devenir candidat ou candidate \u00e0 une \u00e9lection f\u00e9d\u00e9rale, provinciale, territoriale ou municipale, vous devez d\u2019abord obtenir la permission de la CFP et \u00eatre pr\u00eat-e \u00e0 prendre un cong\u00e9 sans solde, s\u2019il y a lieu. Vous trouverez sur le <a href=\"https:\/\/www.canada.ca\/fr\/commission-fonction-publique\/services\/activites-politiques\/je-souhaite-etre-candidat.html\" target=\"_blank\" rel=\"noreferrer noopener\">site Web de la CFP<\/a> des renseignements sur les activit\u00e9s relatives \u00e0 une candidature et sur le processus de demande de permission.<\/p>\n\n\n\n<h2 class=\"wp-block-heading\">Je veux soutenir un candidat, une candidate ou un parti<\/h2>\n\n\n\n<p>Vous ne devez pas obtenir la permission de la CFP pour vous livrer \u00e0 des \u00ab&nbsp;activit\u00e9s politiques non li\u00e9es \u00e0 une candidature&nbsp;\u00bb, d\u00e9finies par la LEFP comme des \u00ab&nbsp;activit\u00e9s exerc\u00e9es au sein d\u2019un parti politique, ou exerc\u00e9es pour soutenir un tel parti ou un candidat ou pour s\u2019y opposer avant ou pendant la p\u00e9riode \u00e9lectorale&nbsp;\u00bb. Les activit\u00e9s politiques non li\u00e9es \u00e0 une candidature peuvent \u00eatre des activit\u00e9s de b\u00e9n\u00e9volat et de collecte de fonds pour un candidat ou pour un parti politique; l\u2019affichage de mat\u00e9riel politique comme des photos, des autocollants, des macarons ou des affiches \u00e9lectorales; la participation \u00e0 des activit\u00e9s, \u00e0 des r\u00e9unions, \u00e0 des congr\u00e8s, \u00e0 des ralliements ou \u00e0 d\u2019autres rassemblements politiques.<\/p>\n\n\n\n<p>Cela dit, il vous incombe personnellement de veiller \u00e0 ce que la participation \u00e0 ces activit\u00e9s ne porte pas ou ne semble pas porter atteinte \u00e0 votre capacit\u00e9 d\u2019exercer vos fonctions de fa\u00e7on politiquement impartiale. La CFP donne \u00e9galement des <a href=\"https:\/\/www.canada.ca\/fr\/commission-fonction-publique\/services\/activites-politiques\/autres-activites-politiques\/document-orientation-participation-activites-politiques-non-liees-candidature.html\" target=\"_blank\" rel=\"noreferrer noopener\">renseignements sur les activit\u00e9s politiques non li\u00e9es \u00e0 une candidature<\/a> sur son site Web.<\/p>\n\n\n\n<p>Si vous avez des doutes ou des questions concernant vos activit\u00e9s politiques pendant la p\u00e9riode \u00e9lectorale, nous vous encourageons fortement \u00e0 communiquer avec votre <a href=\"https:\/\/www.canada.ca\/fr\/commission-fonction-publique\/services\/activites-politiques\/representants-designes-matiere-activites-politiques-organisations-assujetties-dispositions-loi-emploi-fonction-publique-regissant-activites-politiques.html\" target=\"_blank\" rel=\"noreferrer noopener\">repr\u00e9sentant d\u00e9sign\u00e9 en mati\u00e8re d\u2019activit\u00e9s politiques<\/a> ou <a href=\"mailto:CFP.ActivitesPolitiques-PoliticalActivities.PSC@cfp-psc.gc.ca\" target=\"_blank\" rel=\"noreferrer noopener\">directement avec la CFP<\/a>. Des activit\u00e9s inad\u00e9quates peuvent avoir des r\u00e9percussions et nous voulons nous assurer que nos membres sont prot\u00e9g\u00e9s.<\/p>\n\n\n\n<h2 class=\"wp-block-heading\">Appartenance politique de l\u2019ACFO-ACAF<\/h2>\n\n\n\n<p>L\u2019ACFO-ACAF est une organisation non partisane, ce qui signifie que nous ne soutenons ni n\u2019appuyons aucun candidat ou parti pendant une \u00e9lection ou \u00e0 tout autre moment. Bien que nous ne soutenions pas de partis ou de candidats, nous collaborons avec des d\u00e9put\u00e9s et d\u2019autres groupes ou personnes ayant des affiliations partisanes sur des questions pertinentes pour nos membres, telles que l\u2019\u00e9quit\u00e9 salariale et l\u2019\u00e9quit\u00e9 fiscale.<\/p>\n\n\n\n<p>Un conseiller des relations de travail de l&rsquo;ACFO-ACAF peut \u00e9galement vous aider \u00e0 trouver des r\u00e9ponses \u00e0 vos questions; vous pouvez donc envoyer un courriel \u00e0 <a href=\"mailto:labourrelations@acfo-acaf.com\" target=\"_blank\" rel=\"noreferrer noopener\">labourrelations@acfo-acaf.com<\/a>. Notre principale pr\u00e9occupation \u00e0 titre de syndicat est de nous assurer que vos droits sont prot\u00e9g\u00e9s.<\/p>\n","protected":false},"excerpt":{"rendered":"<p>La p\u00e9riode \u00e9lectorale f\u00e9d\u00e9rale de 2021 \u00e9tant bien amorc\u00e9e, nous voulons nous assurer que tous les fonctionnaires membres de l&rsquo;ACFO-ACAF [&hellip;]<\/p>\n","protected":false},"author":0,"featured_media":1813,"comment_status":"closed","ping_status":"closed","sticky":false,"template":"","format":"standard","meta":{"_acf_changed":false,"footnotes":""},"categories":[38],"tags":[],"class_list":["post-3004","post","type-post","status-publish","format-standard","has-post-thumbnail","hentry","category-mise-jour","group-ct-eav-fr","group-ct-fin-fr","group-ct-iau-fr"],"acf":{"categories":[38],"groups":[30,32,34],"canBeFeatured":false},"_links":{"self":[{"href":"https:\/\/www.acfo-acaf.com\/fr\/wp-json\/wp\/v2\/posts\/3004","targetHints":{"allow":["GET"]}}],"collection":[{"href":"https:\/\/www.acfo-acaf.com\/fr\/wp-json\/wp\/v2\/posts"}],"about":[{"href":"https:\/\/www.acfo-acaf.com\/fr\/wp-json\/wp\/v2\/types\/post"}],"replies":[{"embeddable":true,"href":"https:\/\/www.acfo-acaf.com\/fr\/wp-json\/wp\/v2\/comments?post=3004"}],"version-history":[{"count":0,"href":"https:\/\/www.acfo-acaf.com\/fr\/wp-json\/wp\/v2\/posts\/3004\/revisions"}],"acf:term":[{"embeddable":true,"taxonomy":"group","href":"https:\/\/www.acfo-acaf.com\/fr\/wp-json\/wp\/v2\/group\/34"},{"embeddable":true,"taxonomy":"group","href":"https:\/\/www.acfo-acaf.com\/fr\/wp-json\/wp\/v2\/group\/32"},{"embeddable":true,"taxonomy":"group","href":"https:\/\/www.acfo-acaf.com\/fr\/wp-json\/wp\/v2\/group\/30"},{"embeddable":true,"taxonomy":"category","href":"https:\/\/www.acfo-acaf.com\/fr\/wp-json\/wp\/v2\/categories\/38"}],"wp:featuredmedia":[{"embeddable":true,"href":"https:\/\/www.acfo-acaf.com\/fr\/wp-json\/wp\/v2\/media\/1813"}],"wp:attachment":[{"href":"https:\/\/www.acfo-acaf.com\/fr\/wp-json\/wp\/v2\/media?parent=3004"}],"wp:term":[{"taxonomy":"category","embeddable":true,"href":"https:\/\/www.acfo-acaf.com\/fr\/wp-json\/wp\/v2\/categories?post=3004"},{"taxonomy":"post_tag","embeddable":true,"href":"https:\/\/www.acfo-acaf.com\/fr\/wp-json\/wp\/v2\/tags?post=3004"}],"curies":[{"name":"wp","href":"https:\/\/api.w.org\/{rel}","templated":true}]}}