{"id":3062,"date":"2021-04-20T14:40:58","date_gmt":"2021-04-20T14:40:58","guid":{"rendered":"https:\/\/www.acfo-acaf.com\/?p=15844"},"modified":"2021-04-20T14:40:58","modified_gmt":"2021-04-20T14:40:58","slug":"le-budget-de-2021-met-en-relief-le-role-essentiel-exerce-aujourdhui-et-a-lavenir-par-les-travailleurs-de-la-finance-et-de-laudit-de-la-fonction-publique","status":"publish","type":"post","link":"https:\/\/www.acfo-acaf.com\/fr\/le-budget-de-2021-met-en-relief-le-role-essentiel-exerce-aujourdhui-et-a-lavenir-par-les-travailleurs-de-la-finance-et-de-laudit-de-la-fonction-publique\/","title":{"rendered":"Le budget de 2021 met en relief le r\u00f4le essentiel exerc\u00e9, aujourd\u2019hui et \u00e0 l\u2019avenir, par les travailleurs de la finance et de l\u2019audit de la fonction publique"},"content":{"rendered":"\n<p>\u00c9tant donn\u00e9 la prolongation des aides financi\u00e8res accord\u00e9es aux Canadiens&nbsp;et Canadiennes&nbsp;touch\u00e9s par la pand\u00e9mie et l\u2019annonce de nombreuses initiatives de d\u00e9penses, dont un nouveau programme majeur de garderies&nbsp;pour&nbsp;enfants, il est plus important que jamais que le gouvernement investisse dans ses propres capacit\u00e9s de gestion financi\u00e8re et de v\u00e9rification.&nbsp;<\/p>\n\n\n\n<p>Comme l\u2019a soulign\u00e9 la v\u00e9rificatrice g\u00e9n\u00e9rale il y a quelques semaines \u00e0 peine, la confiance du public dans des programmes aussi vastes et complexes d\u00e9pend de la capacit\u00e9&nbsp;de concilier les comptes&nbsp;et&nbsp;de justifier&nbsp;l\u2019argent d\u00e9pens\u00e9, notamment au moyen d\u2019une v\u00e9rification apr\u00e8s paiement.&nbsp;Investir dans la communaut\u00e9 CT est le meilleur moyen d\u2019assurer cette capacit\u00e9. Les membres de l\u2019ACFO-ACAF ne sont pas seulement des experts en finances et en audit, ils comprennent aussi les r\u00e9alit\u00e9s de la fonction publique et les r\u00e8gles et les proc\u00e9dures particuli\u00e8res en vigueur.&nbsp;<\/p>\n\n\n\n<p>\u00ab\u202fNous avons constat\u00e9 au cours des derni\u00e8res semaines que les d\u00e9penses engag\u00e9es par le gouvernement pour faire appel \u00e0 des consultants externes et \u00e0 des entrepreneurs ont \u00e9clips\u00e9 la croissance de la fonction publique elle-m\u00eame\u202f\u00bb, a fait remarquer Dany Richard, pr\u00e9sident de l\u2019ACFO-ACAF.&nbsp;\u00ab\u202fC\u2019est une tendance pr\u00e9occupante en temps normal, mais elle l\u2019est encore plus aujourd\u2019hui, alors que la capacit\u00e9 interne et les connaissances institutionnelles sont si importantes pour l\u2019exercice d\u2019une diligence raisonnable.\u202f\u00bb&nbsp;<\/p>\n\n\n\n<p>Le budget de 2021 pr\u00e9voit des investissements attendus depuis longtemps dans certaines infrastructures habilitantes cl\u00e9s pour la fonction publique; il financera&nbsp;notamment l\u2019am\u00e9lioration et le renforcement de la collecte de donn\u00e9es visant \u00e0 mesurer l\u2019impact des op\u00e9rations gouvernementales&nbsp;ainsi que&nbsp;la modernisation des TI. Bien que ces investissements soient les bienvenus&nbsp;\u2013&nbsp;et&nbsp;financ\u00e9s en grande partie par une r\u00e9duction propos\u00e9e des d\u00e9placements&nbsp;du gouvernement&nbsp;\u2013&nbsp;il&nbsp;est&nbsp;imp\u00e9ratif&nbsp;que tout&nbsp;le&nbsp;travail, de la conception des programmes \u00e0&nbsp;leur&nbsp;mise en \u0153uvre en passant par l\u2019\u00e9valuation des co\u00fbts, soit effectu\u00e9 par&nbsp;du personnel&nbsp;de la fonction publique ayant une perspective de durabilit\u00e9 \u00e0 long terme, et non par des consultants externes.&nbsp;&nbsp;<\/p>\n\n\n\n<p><strong>Protection des lanceurs d\u2019alerte<\/strong>&nbsp;<\/p>\n\n\n\n<p>Dany Richard a \u00e9galement profit\u00e9 de l\u2019occasion pour demander, une fois de plus, au gouvernement d\u2019am\u00e9liorer la protection des lanceurs d\u2019alerte, d\u2019autant plus que les d\u00e9penses sont toujours \u00e0 des niveaux sans pr\u00e9c\u00e9dent.&nbsp;<\/p>\n\n\n\n<p>\u00ab\u202fLe budget de 2021 confirme que les d\u00e9penses de relance ne sont pas pr\u00e8s de dispara\u00eetre; non seulement est-il essentiel que le gouvernement investisse dans les professionnels de la gestion financi\u00e8re et de l\u2019audit, mais il doit aussi leur donner les moyens d\u2019agir lorsqu\u2019ils constatent des actes r\u00e9pr\u00e9hensibles \u2013 et cela sans crainte de repr\u00e9sailles.\u202f\u00bb&nbsp;<\/p>\n\n\n\n<p>En 2017, le Comit\u00e9 permanent des op\u00e9rations gouvernementales et des pr\u00e9visions budg\u00e9taires a produit un rapport qui comprenait plusieurs recommandations propos\u00e9es par l\u2019ACFO-ACAF en vue d\u2019am\u00e9liorer la protection des lanceurs d\u2019alerte dans la fonction publique f\u00e9d\u00e9rale, mais celles-ci n\u2019ont jamais \u00e9t\u00e9 mises en \u0153uvre. La protection des&nbsp;lanceurs d\u2019alerte, des comptables et des auditeurs du gouvernement f\u00e9d\u00e9ral contribuerait \u00e0 une meilleure reddition de comptes&nbsp;en mati\u00e8re de&nbsp;d\u00e9penses publiques,&nbsp;<a href=\"https:\/\/www.nationalnewswatch.com\/2021\/02\/25\/want-to-make-government-spending-more-accountable-protect-whistleblowers-government-accountants-and-auditors\/#.YH3tRuhKiUk\" target=\"_blank\" rel=\"noreferrer noopener\">comme Dany Richard l\u2019a d\u00e9j\u00e0 fait remarquer clairement dans le pass\u00e9<\/a>.&nbsp;<\/p>\n\n\n\n<p><strong>Diversit\u00e9 et repr\u00e9sentation dans la fonction publique<\/strong>&nbsp;<\/p>\n\n\n\n<p>Parmi les nombreuses mesures expos\u00e9es dans le budget en mati\u00e8re d\u2019\u00e9galit\u00e9 et de diversit\u00e9, l\u2019ACFO-ACAF accueille favorablement l\u2019engagement&nbsp;explicite&nbsp;de modifier la&nbsp;<em>Loi sur l\u2019emploi dans la fonction publique<\/em>&nbsp;\u00ab\u202fde fa\u00e7on \u00e0 ce qu\u2019elle stipule l\u2019importance d\u2019une main-d\u2019\u0153uvre diversifi\u00e9e et inclusive [dans la fonction publique f\u00e9d\u00e9rale] et permette d\u2019\u00e9viter les pr\u00e9jug\u00e9s et les obstacles \u00e0 l\u2019embauche\u202f\u00bb. L\u2019ACFO-ACAF attend avec impatience d\u2019en savoir plus sur la fa\u00e7on dont cela se fera, d\u2019autant plus qu\u2019aucune somme n\u2019a \u00e9t\u00e9 engag\u00e9e en appui \u00e0 cet effort.&nbsp;<\/p>\n\n\n\n<p>\u00ab\u202fIl y a lieu d\u2019am\u00e9liorer le syst\u00e8me de dotation en personnel \u00e0 de nombreux \u00e9gards, mais rien n\u2019est probablement plus important que l\u2019\u00e9limination des obstacles&nbsp;face&nbsp;\u00e0&nbsp;la&nbsp;diversit\u00e9 et \u00e0&nbsp;la&nbsp;repr\u00e9sentation v\u00e9ritables \u00e0 tous les niveaux,&nbsp;\u00bb&nbsp;dit&nbsp;Dany Richard.&nbsp;\u00ab&nbsp;Nous avons h\u00e2te d\u2019en savoir plus sur ce qui est propos\u00e9 et nous esp\u00e9rons que l\u2019ACFO-ACAF et&nbsp;ses&nbsp;partenaires syndicaux seront consult\u00e9s de mani\u00e8re significative \u00e0 mesure que&nbsp;des&nbsp;changements seront formul\u00e9s.\u202f\u00bb&nbsp;<\/p>\n\n\n\n<p><strong>Autres mesures bien accueillies<\/strong>&nbsp;<\/p>\n\n\n\n<p>Le budget de 2021 comprend un bon nombre d\u2019initiatives, de programmes et de mesures d\u2019int\u00e9r\u00eat pour la communaut\u00e9 de l\u2019ACFO-ACAF.&nbsp;<\/p>\n\n\n\n<ul class=\"wp-block-list\"><li>Les efforts visant \u00e0 r\u00e9primer davantage l\u2019\u00e9vasion fiscale, en particulier l\u2019\u00e9vasion fiscale transfrontali\u00e8re, et les restrictions plus s\u00e9v\u00e8res pour les m\u00e9canismes de prix de transfert devraient contribuer \u00e0 r\u00e9cup\u00e9rer des recettes qui sont dues depuis longtemps au tr\u00e9sor public mais qui n\u2019ont jamais \u00e9t\u00e9 per\u00e7ues.&nbsp;<br>&nbsp;<\/li><li>La cr\u00e9ation d\u2019un poste de commissaire aux donn\u00e9es qui guidera&nbsp;les approches adopt\u00e9es par le gouvernement et les entreprises \u00e0 l\u2019\u00e9gard des probl\u00e8mes li\u00e9s aux donn\u00e9es,&nbsp;tout en assurant un \u00e9quilibre entre la protection des donn\u00e9es personnelles et la n\u00e9cessit\u00e9 d\u2019innover,&nbsp;devrait apporter plus de clart\u00e9 dans l\u2019adoption des technologies qui s\u2019appuient sur l\u2019intelligence artificielle et des technologies connexes, tant \u00e0 l\u2019int\u00e9rieur du gouvernement que dans d\u2019autres secteurs.&nbsp;<br>&nbsp;<\/li><li>Le financement pr\u00e9vu pour \u00e9liminer les arri\u00e9r\u00e9s du syst\u00e8me de paye Ph\u00e9nix est prolong\u00e9 jusqu\u2019en 2022-2023.&nbsp;<br>&nbsp;<\/li><li>Des fonds&nbsp;sont&nbsp;\u00e9galement&nbsp;pr\u00e9vus&nbsp;en 2021-2022 et&nbsp;en&nbsp;2022-2023 pour am\u00e9liorer le syst\u00e8me de classification des postes de la fonction publique, ce qui devrait faciliter la mise en place de la&nbsp;communaut\u00e9 CT. Un financement suppl\u00e9mentaire est propos\u00e9 pour le maintien de l\u2019int\u00e9grit\u00e9 des programmes de Services publics et Approvisionnement Canada \u00ab\u202fafin de continuer la prestation de services aux minist\u00e8res et aux organismes f\u00e9d\u00e9raux, de maintenir les salaires et d\u2019appuyer la s\u00e9curit\u00e9 des employ\u00e9s\u202f\u00bb. L\u2019ACFO-ACAF cherchera \u00e0 obtenir plus de d\u00e9tails sur ce financement.&nbsp;<br>&nbsp;<\/li><li>Nous nous f\u00e9licitons de l\u2019engagement du gouvernement \u00e0 accro\u00eetre les ressources destin\u00e9es \u00e0 l\u2019\u00e9limination de l\u2019inconduite sexuelle et de la violence sexiste dans l\u2019arm\u00e9e.&nbsp;<\/li><\/ul>\n\n\n\n<ul class=\"wp-block-list\"><li>Des fonds sont pr\u00e9vus pour la cr\u00e9ation d\u2019une agence de d\u00e9veloppement r\u00e9gional pour la Colombie-Britannique, distincte de Diversification de l\u2019\u00e9conomie de l\u2019Ouest Canada, qui continuera \u00e0 financer des programmes en Alberta et dans les Prairies.&nbsp;<\/li><\/ul>\n","protected":false},"excerpt":{"rendered":"<p>\u00c9tant donn\u00e9 la prolongation des aides financi\u00e8res accord\u00e9es aux Canadiens&nbsp;et Canadiennes&nbsp;touch\u00e9s par la pand\u00e9mie et l\u2019annonce de nombreuses initiatives de [&hellip;]<\/p>\n","protected":false},"author":0,"featured_media":454,"comment_status":"closed","ping_status":"closed","sticky":false,"template":"","format":"standard","meta":{"_acf_changed":false,"footnotes":""},"categories":[22,38,52],"tags":[],"class_list":["post-3062","post","type-post","status-publish","format-standard","has-post-thumbnail","hentry","category-commentaires-sujet-politique","category-mise-jour","category-phenix","group-ct-eav-fr","group-ct-fin-fr","group-ct-iau-fr"],"acf":{"categories":[22,38,52],"groups":[30,32,34],"canBeFeatured":false},"_links":{"self":[{"href":"https:\/\/www.acfo-acaf.com\/fr\/wp-json\/wp\/v2\/posts\/3062","targetHints":{"allow":["GET"]}}],"collection":[{"href":"https:\/\/www.acfo-acaf.com\/fr\/wp-json\/wp\/v2\/posts"}],"about":[{"href":"https:\/\/www.acfo-acaf.com\/fr\/wp-json\/wp\/v2\/types\/post"}],"replies":[{"embeddable":true,"href":"https:\/\/www.acfo-acaf.com\/fr\/wp-json\/wp\/v2\/comments?post=3062"}],"version-history":[{"count":0,"href":"https:\/\/www.acfo-acaf.com\/fr\/wp-json\/wp\/v2\/posts\/3062\/revisions"}],"acf:term":[{"embeddable":true,"taxonomy":"group","href":"https:\/\/www.acfo-acaf.com\/fr\/wp-json\/wp\/v2\/group\/34"},{"embeddable":true,"taxonomy":"group","href":"https:\/\/www.acfo-acaf.com\/fr\/wp-json\/wp\/v2\/group\/32"},{"embeddable":true,"taxonomy":"group","href":"https:\/\/www.acfo-acaf.com\/fr\/wp-json\/wp\/v2\/group\/30"},{"embeddable":true,"taxonomy":"category","href":"https:\/\/www.acfo-acaf.com\/fr\/wp-json\/wp\/v2\/categories\/52"},{"embeddable":true,"taxonomy":"category","href":"https:\/\/www.acfo-acaf.com\/fr\/wp-json\/wp\/v2\/categories\/38"},{"embeddable":true,"taxonomy":"category","href":"https:\/\/www.acfo-acaf.com\/fr\/wp-json\/wp\/v2\/categories\/22"}],"wp:featuredmedia":[{"embeddable":true,"href":"https:\/\/www.acfo-acaf.com\/fr\/wp-json\/wp\/v2\/media\/454"}],"wp:attachment":[{"href":"https:\/\/www.acfo-acaf.com\/fr\/wp-json\/wp\/v2\/media?parent=3062"}],"wp:term":[{"taxonomy":"category","embeddable":true,"href":"https:\/\/www.acfo-acaf.com\/fr\/wp-json\/wp\/v2\/categories?post=3062"},{"taxonomy":"post_tag","embeddable":true,"href":"https:\/\/www.acfo-acaf.com\/fr\/wp-json\/wp\/v2\/tags?post=3062"}],"curies":[{"name":"wp","href":"https:\/\/api.w.org\/{rel}","templated":true}]}}