{"id":3114,"date":"2020-12-01T14:19:57","date_gmt":"2020-12-01T14:19:57","guid":{"rendered":"http:\/\/www.acfo-acaf.com\/?p=15183"},"modified":"2020-12-01T14:19:57","modified_gmt":"2020-12-01T14:19:57","slug":"resume-du-symposium-de-formation-des-controleurs-2020","status":"publish","type":"post","link":"https:\/\/www.acfo-acaf.com\/fr\/resume-du-symposium-de-formation-des-controleurs-2020\/","title":{"rendered":"R\u00e9sum\u00e9 du Symposium de formation des contr\u00f4leurs 2020"},"content":{"rendered":"\n<p>Le Centre de formation des contr\u00f4leurs est heureux de dire que le premier symposium de formation annuel des contr\u00f4leurs a \u00e9t\u00e9 un v\u00e9ritable succ\u00e8s. Pr\u00e9vu \u00e0 l\u2019origine comme activit\u00e9 d\u2019une journ\u00e9e, le symposium a \u00e9t\u00e9 transform\u00e9 en activit\u00e9 num\u00e9rique r\u00e9partie sur deux demi-journ\u00e9es en raison de la pand\u00e9mie de COVID-19. Malgr\u00e9 le changement de format, le symposium a&nbsp;attir\u00e9&nbsp;plus de 350\u202fparticipants en&nbsp;ligne&nbsp;en direct ainsi&nbsp;qu\u2019un grand nombre de participants en rediffusion.&nbsp;&nbsp;<\/p>\n\n\n\n<p>Le symposium a d\u00e9but\u00e9&nbsp;par une discussion informelle&nbsp;avec le&nbsp;premier&nbsp;ministre Brian Mulroney,&nbsp;portant&nbsp;sur le leadership et la confiance et&nbsp;anim\u00e9e par Natacha&nbsp;Ruiz Tardif,&nbsp;vice-pr\u00e9sidente&nbsp;de l\u2019ACFO-ACAF.&nbsp;Le premier ministre\u202fMulroney s\u2019est appuy\u00e9 sur sa propre exp\u00e9rience pour faire part de ses id\u00e9es fascinantes sur la mani\u00e8re de diriger dans des situations difficiles et de trouver un terrain d\u2019entente pour arriver \u00e0 des compromis et sur l\u2019importance d\u2019une action d\u00e9cisive.&nbsp;&nbsp;<\/p>\n\n\n\n<p>Prendre la parole apr\u00e8s le premier ministre Mulroney n\u2019\u00e9tait certainement pas une chose facile \u00e0 faire, mais&nbsp;Arun&nbsp;Thangaraj, sous ministre&nbsp;d\u00e9l\u00e9gu\u00e9&nbsp;\u00e0&nbsp;Transports Canada, a prouv\u00e9 qu\u2019il \u00e9tait plus que capable de relever le d\u00e9fi avec son discours incisif et r\u00e9fl\u00e9chi sur le CT en tant que conseiller de confiance. Il a parl\u00e9 de la mani\u00e8re dont les CT&nbsp;peuvent \u00e9tablir la confiance tout au long de leur carri\u00e8re et de l\u2019importance de prendre des risques tout en assumant des responsabilit\u00e9s.&nbsp;&nbsp;&nbsp;<\/p>\n\n\n\n<p>La premi\u00e8re journ\u00e9e du symposium s\u2019est achev\u00e9e par un expos\u00e9 \u00e9nergique et passionn\u00e9 du conf\u00e9rencier Sylvain Boudreau, intitul\u00e9 \u00ab Le Moi Inc. \u00bb portant sur l\u2019importance de cr\u00e9er une marque personnelle.&nbsp;<\/p>\n\n\n\n<p>La deuxi\u00e8me journ\u00e9e du symposium a commenc\u00e9 par une pr\u00e9sentation interactive de l\u2019auteure et conf\u00e9renci\u00e8re de renomm\u00e9e internationale Debra&nbsp;Fine, qui a parl\u00e9 de la mani\u00e8re d\u2019\u00e9tablir des relations d\u2019affaires.&nbsp;En combinant conseils pratiques, participation&nbsp;de l\u2019assistance&nbsp;et observations personnelles,&nbsp;elle a montr\u00e9 comment m\u00eame les plus grands introvertis peuvent&nbsp;entrer en communication&nbsp;avec les autres pour \u00e9tablir des relations professionnelles.&nbsp;<\/p>\n\n\n\n<p>Cette pr\u00e9sentation a \u00e9t\u00e9 suivie d\u2019un panel vivant et instructif sur l\u2019importance des relations dans le secteur public, anim\u00e9 par le pr\u00e9sident de l\u2019ACFO-ACAF, Dany Richard. Ont particip\u00e9 \u00e0 cette table ronde&nbsp;Cheri&nbsp;Crosby, dirigeante&nbsp;principale&nbsp;des finances du minist\u00e8re de la D\u00e9fense nationale,&nbsp;Ram&nbsp;Mathilakath, directeur g\u00e9n\u00e9ral,&nbsp;Planification et&nbsp;Engagement,&nbsp;\u00e0 Services partag\u00e9s Canada et&nbsp;Milt Isaacs, ancien pr\u00e9sident de&nbsp;l\u2019ACFO-ACAF.&nbsp;<\/p>\n\n\n\n<p>Enfin, l\u2019ancien d\u00e9put\u00e9 NPD David&nbsp;Christophersen&nbsp;a cl\u00f4tur\u00e9 le symposium en offrant un point de vue enthousiaste, original et pertinent sur les relations entre les fonctionnaires et les politiciens,&nbsp;et a pr\u00e9sent\u00e9 des renseignements pr\u00e9cieux sur&nbsp;le fonctionnement interne&nbsp;des r\u00e9unions des comit\u00e9s parlementaires.&nbsp;&nbsp;<\/p>\n\n\n\n<p>Nous remercions toutes les personnes qui ont assist\u00e9 au symposium de cette ann\u00e9e, et en particulier&nbsp;celles qui ont particip\u00e9 activement en posant des questions aux conf\u00e9renciers. Nous esp\u00e9rons vous voir au Symposium de&nbsp;formation des&nbsp;contr\u00f4leurs de 2021, l\u2019automne prochain.&nbsp;<\/p>\n","protected":false},"excerpt":{"rendered":"<p>Le Centre de formation des contr\u00f4leurs est heureux de dire que le premier symposium de formation annuel des contr\u00f4leurs a [&hellip;]<\/p>\n","protected":false},"author":0,"featured_media":2061,"comment_status":"closed","ping_status":"closed","sticky":false,"template":"","format":"standard","meta":{"_acf_changed":false,"footnotes":""},"categories":[50],"tags":[],"class_list":["post-3114","post","type-post","status-publish","format-standard","has-post-thumbnail","hentry","category-perfectionnement-professionnel","group-ct-eav-fr","group-ct-fin-fr","group-ct-iau-fr","group-nav-canada-fl-fr"],"acf":{"categories":[50],"groups":[30,32,34,36],"canBeFeatured":false},"_links":{"self":[{"href":"https:\/\/www.acfo-acaf.com\/fr\/wp-json\/wp\/v2\/posts\/3114","targetHints":{"allow":["GET"]}}],"collection":[{"href":"https:\/\/www.acfo-acaf.com\/fr\/wp-json\/wp\/v2\/posts"}],"about":[{"href":"https:\/\/www.acfo-acaf.com\/fr\/wp-json\/wp\/v2\/types\/post"}],"replies":[{"embeddable":true,"href":"https:\/\/www.acfo-acaf.com\/fr\/wp-json\/wp\/v2\/comments?post=3114"}],"version-history":[{"count":0,"href":"https:\/\/www.acfo-acaf.com\/fr\/wp-json\/wp\/v2\/posts\/3114\/revisions"}],"acf:term":[{"embeddable":true,"taxonomy":"group","href":"https:\/\/www.acfo-acaf.com\/fr\/wp-json\/wp\/v2\/group\/36"},{"embeddable":true,"taxonomy":"group","href":"https:\/\/www.acfo-acaf.com\/fr\/wp-json\/wp\/v2\/group\/34"},{"embeddable":true,"taxonomy":"group","href":"https:\/\/www.acfo-acaf.com\/fr\/wp-json\/wp\/v2\/group\/32"},{"embeddable":true,"taxonomy":"group","href":"https:\/\/www.acfo-acaf.com\/fr\/wp-json\/wp\/v2\/group\/30"},{"embeddable":true,"taxonomy":"category","href":"https:\/\/www.acfo-acaf.com\/fr\/wp-json\/wp\/v2\/categories\/50"}],"wp:featuredmedia":[{"embeddable":true,"href":"https:\/\/www.acfo-acaf.com\/fr\/wp-json\/wp\/v2\/media\/2061"}],"wp:attachment":[{"href":"https:\/\/www.acfo-acaf.com\/fr\/wp-json\/wp\/v2\/media?parent=3114"}],"wp:term":[{"taxonomy":"category","embeddable":true,"href":"https:\/\/www.acfo-acaf.com\/fr\/wp-json\/wp\/v2\/categories?post=3114"},{"taxonomy":"post_tag","embeddable":true,"href":"https:\/\/www.acfo-acaf.com\/fr\/wp-json\/wp\/v2\/tags?post=3114"}],"curies":[{"name":"wp","href":"https:\/\/api.w.org\/{rel}","templated":true}]}}