{"id":3138,"date":"2020-10-15T12:18:48","date_gmt":"2020-10-15T12:18:48","guid":{"rendered":"http:\/\/www.acfo-acaf.com\/?p=15120"},"modified":"2020-10-15T12:18:48","modified_gmt":"2020-10-15T12:18:48","slug":"merci-a-nicole-bishop-tempke","status":"publish","type":"post","link":"https:\/\/www.acfo-acaf.com\/fr\/merci-a-nicole-bishop-tempke\/","title":{"rendered":"Merci \u00e0 Nicole Bishop Tempke"},"content":{"rendered":"\n<p id=\"block-8a9ecc27-cc35-4fab-be9b-38d3e953d216\"><br>Chers coll\u00e8gues CT,<\/p>\n\n\n\n<p id=\"block-b17858d8-316f-498f-9480-824c0099c77d\">Comme nous l\u2019avons mentionn\u00e9 il y a quelques semaines, la vice-pr\u00e9sidente de l\u2019ACFO-ACAF Nicole Bishop Tempke a accept\u00e9 un poste \u00e0 l\u2019ext\u00e9rieur de la communaut\u00e9 CT et a donc d\u00e9missionn\u00e9 de son poste au conseil d\u2019administration. \u00c9tant donn\u00e9 que c\u2019est officiellement aujourd\u2019hui son dernier jour \u00e0 l\u2019ACFO-ACAF, je tiens \u00e0 prendre un moment pour la remercier de son incroyable d\u00e9vouement et de son leadership, et je sais que vous vous joindrez tous \u00e0 moi pour lui souhaiter tout ce qu\u2019il y a de mieux.<\/p>\n\n\n\n<p id=\"block-15b7343b-21e6-4935-a0a9-b40e5d492214\">Nicole a d\u2019abord \u00e9t\u00e9 membre du Comit\u00e9 de n\u00e9gociation collective il y a pr\u00e8s de 15 ans et elle a fait partie de notre conseil d\u2019administration pendant plus d\u2019une d\u00e9cennie. Ses actions et ses r\u00e9alisations sont trop nombreuses pour les \u00e9num\u00e9rer, mais je veux particuli\u00e8rement souligner son leadership dans notre long combat visant \u00e0 obtenir l\u2019\u00e9quit\u00e9 salariale pour notre groupe. L\u2019entente conclue l\u2019ann\u00e9e pass\u00e9e en vue de mener une \u00e9tude conjointe et de r\u00e9gler finalement ce probl\u00e8me de longue date t\u00e9moigne de la passion de Nicole pour la d\u00e9fense des droits, de sa r\u00e9silience et de son engagement envers notre communaut\u00e9.<\/p>\n\n\n\n<p id=\"block-bd0e9f2d-74b1-4896-9660-522c085962e3\">Nicole repr\u00e9sente le meilleur de ce que notre communaut\u00e9 a \u00e0 offrir; c\u2019est une professionnelle d\u00e9vou\u00e9e qui a \u00e0 c\u0153ur de soutenir les gens qui l\u2019entourent et de les aider \u00e0 r\u00e9ussir. Elle nous manquera beaucoup au sein de notre conseil d\u2019administration, mais nous avons tous la chance de la compter comme amie et coll\u00e8gue.<\/p>\n\n\n\n<p id=\"block-4271922d-d059-4a62-aee9-34bd2535623c\">Bonne chance dans ce que tu vas entreprendre, Nicole!<\/p>\n\n\n\n<p id=\"block-3bca73b5-a017-4ba6-8374-93ccf0372730\">Dany Richard<\/p>\n","protected":false},"excerpt":{"rendered":"<p>Chers coll\u00e8gues CT, Comme nous l\u2019avons mentionn\u00e9 il y a quelques semaines, la vice-pr\u00e9sidente de l\u2019ACFO-ACAF Nicole Bishop Tempke a [&hellip;]<\/p>\n","protected":false},"author":0,"featured_media":2053,"comment_status":"closed","ping_status":"closed","sticky":false,"template":"","format":"standard","meta":{"_acf_changed":false,"footnotes":""},"categories":[44],"tags":[],"class_list":["post-3138","post","type-post","status-publish","format-standard","has-post-thumbnail","hentry","category-le-coin-du-president","group-ct-eav-fr","group-ct-fin-fr","group-ct-iau-fr","group-nav-canada-fl-fr"],"acf":{"categories":[44],"groups":[30,32,34,36],"canBeFeatured":false},"_links":{"self":[{"href":"https:\/\/www.acfo-acaf.com\/fr\/wp-json\/wp\/v2\/posts\/3138","targetHints":{"allow":["GET"]}}],"collection":[{"href":"https:\/\/www.acfo-acaf.com\/fr\/wp-json\/wp\/v2\/posts"}],"about":[{"href":"https:\/\/www.acfo-acaf.com\/fr\/wp-json\/wp\/v2\/types\/post"}],"replies":[{"embeddable":true,"href":"https:\/\/www.acfo-acaf.com\/fr\/wp-json\/wp\/v2\/comments?post=3138"}],"version-history":[{"count":0,"href":"https:\/\/www.acfo-acaf.com\/fr\/wp-json\/wp\/v2\/posts\/3138\/revisions"}],"acf:term":[{"embeddable":true,"taxonomy":"group","href":"https:\/\/www.acfo-acaf.com\/fr\/wp-json\/wp\/v2\/group\/36"},{"embeddable":true,"taxonomy":"group","href":"https:\/\/www.acfo-acaf.com\/fr\/wp-json\/wp\/v2\/group\/34"},{"embeddable":true,"taxonomy":"group","href":"https:\/\/www.acfo-acaf.com\/fr\/wp-json\/wp\/v2\/group\/32"},{"embeddable":true,"taxonomy":"group","href":"https:\/\/www.acfo-acaf.com\/fr\/wp-json\/wp\/v2\/group\/30"},{"embeddable":true,"taxonomy":"category","href":"https:\/\/www.acfo-acaf.com\/fr\/wp-json\/wp\/v2\/categories\/44"}],"wp:featuredmedia":[{"embeddable":true,"href":"https:\/\/www.acfo-acaf.com\/fr\/wp-json\/wp\/v2\/media\/2053"}],"wp:attachment":[{"href":"https:\/\/www.acfo-acaf.com\/fr\/wp-json\/wp\/v2\/media?parent=3138"}],"wp:term":[{"taxonomy":"category","embeddable":true,"href":"https:\/\/www.acfo-acaf.com\/fr\/wp-json\/wp\/v2\/categories?post=3138"},{"taxonomy":"post_tag","embeddable":true,"href":"https:\/\/www.acfo-acaf.com\/fr\/wp-json\/wp\/v2\/tags?post=3138"}],"curies":[{"name":"wp","href":"https:\/\/api.w.org\/{rel}","templated":true}]}}