{"id":3210,"date":"2020-03-19T13:15:36","date_gmt":"2020-03-19T13:15:36","guid":{"rendered":"https:\/\/www.acfo-acaf.com\/?p=13969"},"modified":"2020-03-19T13:15:36","modified_gmt":"2020-03-19T13:15:36","slug":"enregistrement-de-la-teleconference-sur-la-covid-19-17-mars","status":"publish","type":"post","link":"https:\/\/www.acfo-acaf.com\/fr\/enregistrement-de-la-teleconference-sur-la-covid-19-17-mars\/","title":{"rendered":"Enregistrement de la t\u00e9l\u00e9conf\u00e9rence sur la COVID-19 (17 mars)"},"content":{"rendered":"<p><em><strong>Note : La situation concernant COVID-19 \u00e9volue rapidement. Veuillez vous assurer de lire les avis les plus r\u00e9cents sur <a href=\"http:\/\/www.acfo-acaf.com\/fr\">www.acfo-acaf.com\/fr<\/a> et de comprendre que les informations plus anciennes pourraient rapidement devenir p\u00e9rim\u00e9es.<\/strong><\/em><\/p>\n<p>&nbsp;<\/p>\n<p>Comme vous le savez probablement, l\u2019ACFO-ACAF a un <a href=\"https:\/\/www.acfo-acaf.com\/fr\/propos-l-acaf\/representants-ministeriels-l-acaf\/\" target=\"_blank\" rel=\"noopener noreferrer\">programme de repr\u00e9sentants minist\u00e9riels<\/a>, dans le cadre duquel 100 membres volontaires des quatre coins du Canada agissent \u00e0 titre d\u2019agents de liaison entre la communaut\u00e9 CT au sein de leur minist\u00e8re et de leur r\u00e9gion et l\u2019Association. Le 17 mars, le pr\u00e9sident de l\u2019ACFO-ACAF, Dany Richard, et le directeur des relations de travail, Scott Chamberlain, ont organis\u00e9 une t\u00e9l\u00e9conf\u00e9rence destin\u00e9e exclusivement aux repr\u00e9sentants minist\u00e9riels afin de leur donner des renseignements importants sur la COVID- 19 et sur les initiatives de l\u2019ACFO-ACAF. Nous offrons \u00e0 tous nos membres l\u2019enregistrement audio de cette t\u00e9l\u00e9conf\u00e9rence \u00e0 titre d\u2019information&nbsp;:<\/p>\n<ul>\n<li><a href=\"https:\/\/www.acfo-acaf.com\/wp-content\/uploads\/2020\/03\/RepCall-EN.mp3\" target=\"_blank\" rel=\"noopener noreferrer\">Enregistrement en anglais<\/a><\/li>\n<li><a href=\"https:\/\/www.acfo-acaf.com\/wp-content\/uploads\/2020\/03\/RepCall-FR.mp3\" target=\"_blank\" rel=\"noopener noreferrer\">Enregistrement en fran\u00e7ais<\/a><\/li>\n<\/ul>\n<p>Essentiellement, ce qu\u2019il faut retenir&nbsp;:<strong> Actuellement, \u00e0 la suite des communiqu\u00e9s du BDPRH, il devrait \u00eatre clair pour tous les gestionnaires que tout employ\u00e9 dont le r\u00f4le n\u2019est pas essentiel ne devrait pas aller travailler.<\/strong><\/p>\n<p>Nous vous offrons \u00e9galement un r\u00e9sum\u00e9 de la t\u00e9l\u00e9conf\u00e9rence si vous ne pouvez \u00e9couter tout l\u2019enregistrement audio&nbsp;:<\/p>\n<ul>\n<li><a href=\"https:\/\/www.acfo-acaf.com\/wp-content\/uploads\/2020\/03\/2020-03-17-CallNotesv3.pdf\" target=\"_blank\" rel=\"noopener noreferrer\">R\u00e9sum\u00e9 en anglais<\/a><\/li>\n<li><a href=\"https:\/\/www.acfo-acaf.com\/wp-content\/uploads\/2020\/03\/2020-03-17-CallNotes-FRv3.pdf\" target=\"_blank\" rel=\"noopener noreferrer\">R\u00e9sum\u00e9 en fran\u00e7ais<\/a><\/li>\n<\/ul>\n<p>Nous vous encourageons \u00e0 continuer \u00e0 consulter le site Web de l\u2019ACFO-ACAF pour avoir les derni\u00e8res nouvelles au sujet de la COVID-19. Autres ressources :<\/p>\n<ul>\n<li><a href=\"https:\/\/www.acfo-acaf.com\/fr\/2020\/03\/16\/covid-19-dernieres-nouvelles-pour-les-membres-de-la-fonction-publique-16-mars\/\">D\u00e9claration faite par l\u2019ACFO-ACAF le 16 mars<\/a><\/li>\n<li><a href=\"https:\/\/www.canada.ca\/fr\/sante-publique\/services\/maladies\/2019-nouveau-coronavirus.html\" target=\"_blank\" rel=\"noopener noreferrer\">Mises \u00e0 jour du gouvernement du Canada sur le coronavirus<\/a><\/li>\n<\/ul>\n<p>Si vous avez des questions ou si vous avez besoin de conseils, n\u2019h\u00e9sitez pas \u00e0 communiquer avec nous (<a href=\"mailto:labourrelations@acfo-acaf.com\">labourrelations@acfo-acaf.com<\/a>).<\/p>\n","protected":false},"excerpt":{"rendered":"<p>Note : La situation concernant COVID-19 \u00e9volue rapidement. Veuillez vous assurer de lire les avis les plus r\u00e9cents sur www.acfo-acaf.com\/fr [&hellip;]<\/p>\n","protected":false},"author":0,"featured_media":1926,"comment_status":"closed","ping_status":"closed","sticky":false,"template":"","format":"standard","meta":{"_acf_changed":false,"footnotes":""},"categories":[38],"tags":[],"class_list":["post-3210","post","type-post","status-publish","format-standard","has-post-thumbnail","hentry","category-mise-jour","group-ct-eav-fr","group-ct-fin-fr","group-ct-iau-fr","group-nav-canada-fl-fr"],"acf":{"categories":[38],"groups":[30,32,34,36],"canBeFeatured":false},"_links":{"self":[{"href":"https:\/\/www.acfo-acaf.com\/fr\/wp-json\/wp\/v2\/posts\/3210","targetHints":{"allow":["GET"]}}],"collection":[{"href":"https:\/\/www.acfo-acaf.com\/fr\/wp-json\/wp\/v2\/posts"}],"about":[{"href":"https:\/\/www.acfo-acaf.com\/fr\/wp-json\/wp\/v2\/types\/post"}],"replies":[{"embeddable":true,"href":"https:\/\/www.acfo-acaf.com\/fr\/wp-json\/wp\/v2\/comments?post=3210"}],"version-history":[{"count":0,"href":"https:\/\/www.acfo-acaf.com\/fr\/wp-json\/wp\/v2\/posts\/3210\/revisions"}],"acf:term":[{"embeddable":true,"taxonomy":"group","href":"https:\/\/www.acfo-acaf.com\/fr\/wp-json\/wp\/v2\/group\/36"},{"embeddable":true,"taxonomy":"group","href":"https:\/\/www.acfo-acaf.com\/fr\/wp-json\/wp\/v2\/group\/34"},{"embeddable":true,"taxonomy":"group","href":"https:\/\/www.acfo-acaf.com\/fr\/wp-json\/wp\/v2\/group\/32"},{"embeddable":true,"taxonomy":"group","href":"https:\/\/www.acfo-acaf.com\/fr\/wp-json\/wp\/v2\/group\/30"},{"embeddable":true,"taxonomy":"category","href":"https:\/\/www.acfo-acaf.com\/fr\/wp-json\/wp\/v2\/categories\/38"}],"wp:featuredmedia":[{"embeddable":true,"href":"https:\/\/www.acfo-acaf.com\/fr\/wp-json\/wp\/v2\/media\/1926"}],"wp:attachment":[{"href":"https:\/\/www.acfo-acaf.com\/fr\/wp-json\/wp\/v2\/media?parent=3210"}],"wp:term":[{"taxonomy":"category","embeddable":true,"href":"https:\/\/www.acfo-acaf.com\/fr\/wp-json\/wp\/v2\/categories?post=3210"},{"taxonomy":"post_tag","embeddable":true,"href":"https:\/\/www.acfo-acaf.com\/fr\/wp-json\/wp\/v2\/tags?post=3210"}],"curies":[{"name":"wp","href":"https:\/\/api.w.org\/{rel}","templated":true}]}}