{"id":3212,"date":"2020-03-16T19:48:14","date_gmt":"2020-03-16T19:48:14","guid":{"rendered":"https:\/\/www.acfo-acaf.com\/?p=13950"},"modified":"2020-03-16T19:48:14","modified_gmt":"2020-03-16T19:48:14","slug":"covid-19-dernieres-nouvelles-pour-les-membres-de-la-fonction-publique-16-mars","status":"publish","type":"post","link":"https:\/\/www.acfo-acaf.com\/fr\/covid-19-dernieres-nouvelles-pour-les-membres-de-la-fonction-publique-16-mars\/","title":{"rendered":"COVID-19 : Derni\u00e8res nouvelles pour les membres de la fonction publique (16 mars)"},"content":{"rendered":"<p><em><strong>Note : La situation concernant COVID-19 \u00e9volue rapidement. Veuillez vous assurer de lire les avis les plus r\u00e9cents sur <a href=\"http:\/\/www.acfo-acaf.com\/fr\">www.acfo-acaf.com\/fr<\/a> et de comprendre que les informations plus anciennes pourraient rapidement devenir p\u00e9rim\u00e9es.<\/strong><\/em><\/p>\n<p>&nbsp;<\/p>\n<p>Au cours des derniers jours, l&rsquo;ACFO-ACAF a eu des r\u00e9unions avec les autres agents n\u00e9gociateurs et avec le Bureau du dirigeant principal des ressources humaines (BDPRH) pour \u00e9changer des renseignements et pour s\u2019assurer que le BDPRH est au courant des probl\u00e8mes qui se pr\u00e9sentent dans les minist\u00e8res qui ne se conforment pas aux recommandations faites vendredi en mati\u00e8re de souplesse des modalit\u00e9s de travail. L\u2019ACFO-ACAF a aussi effectu\u00e9 un suivi directement aupr\u00e8s des minist\u00e8res et des gestionnaires qui ne se conforment pas aux recommandations pour s\u2019assurer que ses membres qui n\u2019occupent pas un poste critique ne sont pas tenus de se pr\u00e9senter au travail.<\/p>\n<p><strong>Actuellement, \u00e0 la suite des communiqu\u00e9s du <\/strong><strong>BDPRH, il devrait \u00eatre clair pour tous les gestionnaires que tout employ\u00e9 dont le r\u00f4le n\u2019est pas essentiel ne devrait pas aller travailler.<\/strong><\/p>\n<p>Si votre minist\u00e8re ou votre sup\u00e9rieur imm\u00e9diat a lanc\u00e9 un appel g\u00e9n\u00e9ral aux employ\u00e9s pour qu\u2019ils se pr\u00e9sentent au travail, nous vous encourageons \u00e0 <strong>demander explicitement \u00e0 votre sup\u00e9rieur si vous pouvez rester chez vous<\/strong>. S\u2019il vous refuse cette autorisation, dites-lui que votre syndicat vous a encourag\u00e9 \u00e0 obtenir la demande d\u2019entrer au travail <strong>par \u00e9crit<\/strong> ainsi qu\u2019une explication de la raison pour laquelle on estime que vous occupez un poste d\u2019importance critique. Dans ce cas, nous vous conseillons vivement de communiquer avec l\u2019un de nos conseillers en relations de travail en envoyant, d\u00e8s que possible, un courriel \u00e0 <a href=\"mailto:labourrelations@acfo-acaf.com\">labourrelations@acfo-acaf.com<\/a>. Nos conseillers communiqueront directement avec votre sup\u00e9rieur et veilleront \u00e0 ce que les mesures n\u00e9cessaires soient prises imm\u00e9diatement pour que vous puissiez rester chez vous.<\/p>\n<p>Lors des discussions que l&rsquo;ACFO-ACAF a eues, elle a notamment soulign\u00e9 que la recommandation faite par le BDPRH aux minist\u00e8res d\u2019\u00eatre aussi souples que possible concerne <strong>tous les agents de la fonction publique f\u00e9d\u00e9rale<\/strong>, pas seulement ceux qui travaillent dans la r\u00e9gion de la capitale nationale.<\/p>\n<p>Nous avons \u00e9galement appris que le Conseil du Tr\u00e9sor a mis en \u0153uvre son arbre d\u00e9cisionnel de gestion concernant la COVID-19 pour ses employ\u00e9s. Cette politique d\u00e9crit les mesures \u00e0 prendre pour les employ\u00e9s dans trois situations distinctes et nous croyons qu\u2019elle devrait s\u2019appliquer dans tous les minist\u00e8res.<\/p>\n<ul>\n<li>Les employ\u00e9s qui ont \u00e9t\u00e9 pri\u00e9s par les autorit\u00e9s sanitaires de s\u2019auto-isoler&nbsp;:\n<ol>\n<li>devraient faire du t\u00e9l\u00e9travail s\u2019ils en sont capables;<\/li>\n<li>sinon, ils devraient prendre un \u00ab&nbsp;autre cong\u00e9 pay\u00e9&nbsp;\u00bb (code 699).<\/li>\n<\/ol>\n<\/li>\n<li>Les employ\u00e9s qui doivent rester chez eux en raison de la fermeture des \u00e9coles ou des garderies\n<ol>\n<li>devraient essayer de trouver d\u2019autres solutions;<\/li>\n<li>devraient faire du t\u00e9l\u00e9travail si c\u2019est possible;<\/li>\n<li>sinon, ils devraient prendre un \u00ab&nbsp;autre cong\u00e9 pay\u00e9&nbsp;\u00bb (code 699).<\/li>\n<\/ol>\n<\/li>\n<li>Les employ\u00e9s qui vont bien <strong>devraient rester chez eux <\/strong>et\n<ol>\n<li>faire du t\u00e9l\u00e9travail si c\u2019est possible;<\/li>\n<li>sinon, ils devraient prendre un \u00ab&nbsp;autre cong\u00e9 pay\u00e9&nbsp;\u00bb (code 699).<\/li>\n<\/ol>\n<\/li>\n<\/ul>\n<p>Nous comprenons que la situation&nbsp; est instable et \u00e9volue rapidement et que l\u2019information provenant de diverses sources a parfois \u00e9t\u00e9 peu claire et contradictoire. Sachez que l&rsquo;ACFO-ACAF continuera \u00e0 travailler pour que ses membres re\u00e7oivent l\u2019information la plus pr\u00e9cise et la plus \u00e0 jour possible concernant leurs conditions de travail et qu\u2019aucun d\u2019eux n\u2019est oblig\u00e9 de se rendre au travail \u00e0 moins que ce ne soit absolument n\u00e9cessaire. Enfin, nous tenons \u00e0 vous remercier encore une fois de votre professionnalisme et de votre patience pendant cette p\u00e9riode tr\u00e8s difficile.<\/p>\n<p>Si vous avez des questions ou si vous avez besoin de conseils, n\u2019h\u00e9sitez pas \u00e0 communiquer avec nous (<a href=\"mailto:labourrelations@acfo-acaf.com\">labourrelations@acfo-acaf.com<\/a>).<\/p>\n","protected":false},"excerpt":{"rendered":"<p>Note : La situation concernant COVID-19 \u00e9volue rapidement. Veuillez vous assurer de lire les avis les plus r\u00e9cents sur www.acfo-acaf.com\/fr [&hellip;]<\/p>\n","protected":false},"author":0,"featured_media":1926,"comment_status":"closed","ping_status":"closed","sticky":false,"template":"","format":"standard","meta":{"_acf_changed":false,"footnotes":""},"categories":[26,38],"tags":[],"class_list":["post-3212","post","type-post","status-publish","format-standard","has-post-thumbnail","hentry","category-covid-fr","category-mise-jour","group-ct-eav-fr","group-ct-fin-fr","group-ct-iau-fr"],"acf":{"categories":[26,38],"groups":[30,32,34],"canBeFeatured":false},"_links":{"self":[{"href":"https:\/\/www.acfo-acaf.com\/fr\/wp-json\/wp\/v2\/posts\/3212","targetHints":{"allow":["GET"]}}],"collection":[{"href":"https:\/\/www.acfo-acaf.com\/fr\/wp-json\/wp\/v2\/posts"}],"about":[{"href":"https:\/\/www.acfo-acaf.com\/fr\/wp-json\/wp\/v2\/types\/post"}],"replies":[{"embeddable":true,"href":"https:\/\/www.acfo-acaf.com\/fr\/wp-json\/wp\/v2\/comments?post=3212"}],"version-history":[{"count":0,"href":"https:\/\/www.acfo-acaf.com\/fr\/wp-json\/wp\/v2\/posts\/3212\/revisions"}],"acf:term":[{"embeddable":true,"taxonomy":"group","href":"https:\/\/www.acfo-acaf.com\/fr\/wp-json\/wp\/v2\/group\/34"},{"embeddable":true,"taxonomy":"group","href":"https:\/\/www.acfo-acaf.com\/fr\/wp-json\/wp\/v2\/group\/32"},{"embeddable":true,"taxonomy":"group","href":"https:\/\/www.acfo-acaf.com\/fr\/wp-json\/wp\/v2\/group\/30"},{"embeddable":true,"taxonomy":"category","href":"https:\/\/www.acfo-acaf.com\/fr\/wp-json\/wp\/v2\/categories\/38"},{"embeddable":true,"taxonomy":"category","href":"https:\/\/www.acfo-acaf.com\/fr\/wp-json\/wp\/v2\/categories\/26"}],"wp:featuredmedia":[{"embeddable":true,"href":"https:\/\/www.acfo-acaf.com\/fr\/wp-json\/wp\/v2\/media\/1926"}],"wp:attachment":[{"href":"https:\/\/www.acfo-acaf.com\/fr\/wp-json\/wp\/v2\/media?parent=3212"}],"wp:term":[{"taxonomy":"category","embeddable":true,"href":"https:\/\/www.acfo-acaf.com\/fr\/wp-json\/wp\/v2\/categories?post=3212"},{"taxonomy":"post_tag","embeddable":true,"href":"https:\/\/www.acfo-acaf.com\/fr\/wp-json\/wp\/v2\/tags?post=3212"}],"curies":[{"name":"wp","href":"https:\/\/api.w.org\/{rel}","templated":true}]}}