{"id":3228,"date":"2020-01-29T11:51:17","date_gmt":"2020-01-29T11:51:17","guid":{"rendered":"https:\/\/www.acfo-acaf.com\/?p=13644"},"modified":"2020-01-29T11:51:17","modified_gmt":"2020-01-29T11:51:17","slug":"il-est-temps-de-planifier-vos-activites-de-formation-et-de-perfectionnement-pour-2020-2021","status":"publish","type":"post","link":"https:\/\/www.acfo-acaf.com\/fr\/il-est-temps-de-planifier-vos-activites-de-formation-et-de-perfectionnement-pour-2020-2021\/","title":{"rendered":"Il est temps de planifier vos activit\u00e9s de formation et de perfectionnement pour 2020-2021"},"content":{"rendered":"<p><span data-contrast=\"none\">Que vous soyez en train de pr\u00e9parer votre plan de formation pour 2020-2021 ou que vous cherchiez \u00e0 compl\u00e9ter votre plan de 2019-2020 avec une formation de derni\u00e8re minute, nous savons que le perfectionnement professionnel est pr\u00e9sent dans l<\/span><span data-contrast=\"none\">\u2019<\/span><span data-contrast=\"none\">esprit de beaucoup de gens en ce moment de l<\/span><span data-contrast=\"none\">\u2019<\/span><span data-contrast=\"none\">ann\u00e9e.&nbsp;<\/span><span data-contrast=\"none\">Voici&nbsp;<\/span><span data-contrast=\"none\">donc&nbsp;<\/span><span data-contrast=\"none\">un rappel de ce que&nbsp;<\/span><span data-contrast=\"none\">l\u2019<\/span><span data-contrast=\"none\">ACFO-ACAF peut faire pour vous aider et quelques dates \u00e0 inscrire \u00e0 votre agenda afin de ne pas les oublier<\/span><span data-contrast=\"none\">.<\/span><span data-ccp-props=\"{&quot;201341983&quot;:0,&quot;335559739&quot;:240,&quot;335559740&quot;:312}\">&nbsp;<\/span><\/p>\n<h2 aria-level=\"3\"><b><span data-contrast=\"none\">Centre de formation des contr\u00f4leurs<\/span><\/b><span data-ccp-props=\"{&quot;201341983&quot;:0,&quot;335559738&quot;:40,&quot;335559739&quot;:0,&quot;335559740&quot;:312}\">&nbsp;<\/span><\/h2>\n<p><span data-contrast=\"none\">Comme vous le savez probablement, l<\/span><span data-contrast=\"none\">\u2019<\/span><span data-contrast=\"none\">ACFO-ACAF a cr\u00e9\u00e9 le Centre de formation des contr\u00f4leurs&nbsp;<\/span><span data-contrast=\"none\">(CFC)&nbsp;<\/span><span data-contrast=\"none\">en 2019 pour \u00e9largir les possibilit\u00e9s de perfectionnement professionnel offertes \u00e0 ses membres.<\/span><span data-contrast=\"none\">&nbsp;<\/span><span data-contrast=\"none\">\u00c0 titre de fournisseur de perfectionnement professionnel reconnu par le Bureau du contr\u00f4leur g\u00e9n\u00e9ral et en tant que porte-parole de la communaut\u00e9 des contr\u00f4leurs, l<\/span><span data-contrast=\"none\">\u2019<\/span><span data-contrast=\"none\">ACFO-ACAF est bien plac\u00e9e pour vous offrir de la formation et du perfectionnement qui vous aideront \u00e0 faire progresser votre carri\u00e8re.<\/span><span data-ccp-props=\"{&quot;201341983&quot;:0,&quot;335559739&quot;:240,&quot;335559740&quot;:312}\">&nbsp;<\/span><\/p>\n<p><b><span data-contrast=\"none\">Le catalogue complet des cours du CFC sera publi\u00e9 au printemps<\/span><\/b><span data-contrast=\"none\">, mais il reste quelques cours pour les personnes qui souhaitent r\u00e9server une formation avant la fin de l<\/span><span data-contrast=\"none\">\u2019<\/span><span data-contrast=\"none\">exercice financier.<\/span><span data-ccp-props=\"{&quot;201341983&quot;:0,&quot;335559739&quot;:240,&quot;335559740&quot;:312}\">&nbsp;<\/span><\/p>\n<ul>\n<li data-leveltext=\"\uf0b7\" data-font=\"Symbol\" data-listid=\"12\" aria-setsize=\"-1\" data-aria-posinset=\"1\" data-aria-level=\"1\"><span data-contrast=\"none\">&nbsp;La communication efficace pour les professionnels des finances&nbsp;<\/span><span data-ccp-props=\"{&quot;134233279&quot;:true,&quot;201341983&quot;:0,&quot;335559739&quot;:240,&quot;335559740&quot;:312}\">&nbsp;<\/span>\n<ul>\n<li data-leveltext=\"\uf0b7\" data-font=\"Symbol\" data-listid=\"12\" aria-setsize=\"-1\" data-aria-posinset=\"1\" data-aria-level=\"1\"><span data-contrast=\"none\">6 f\u00e9vrier&nbsp;<\/span><span data-contrast=\"none\">2020 (Ottawa \u2013<\/span><span data-contrast=\"none\">&nbsp;<\/span><span data-contrast=\"none\">anglais<\/span><span data-contrast=\"none\">)<\/span><span data-ccp-props=\"{&quot;134233279&quot;:true,&quot;201341983&quot;:0,&quot;335559739&quot;:240,&quot;335559740&quot;:312}\">&nbsp;<\/span><\/li>\n<li data-leveltext=\"\uf0b7\" data-font=\"Symbol\" data-listid=\"12\" aria-setsize=\"-1\" data-aria-posinset=\"1\" data-aria-level=\"1\"><span data-contrast=\"none\">D\u00e9tails et inscription&nbsp;<\/span><span data-contrast=\"none\">:&nbsp;<\/span><a href=\"https:\/\/www.acfo-acaf.com\/fr\/perfectionnement-professionnel\/centre-de-formation-des-controleurs\/la-communication-efficace-pour-les-professionnels-des-finances\/\" target=\"_blank\" rel=\"noopener noreferrer\"><span data-contrast=\"none\">https:\/\/www.acfo-acaf.com\/fr\/perfectionnement-professionnel\/centre-de-formation-des-controleurs\/la-communication-efficace-pour-les-professionnels-des-finances\/<\/span><\/a><span data-contrast=\"none\">&nbsp;&nbsp;&nbsp;&nbsp;<\/span><span data-ccp-props=\"{&quot;134233279&quot;:true,&quot;201341983&quot;:0,&quot;335559739&quot;:240,&quot;335559740&quot;:312}\">&nbsp;<\/span><\/li>\n<\/ul>\n<\/li>\n<\/ul>\n<ul>\n<li data-leveltext=\"\uf0b7\" data-font=\"Symbol\" data-listid=\"12\" aria-setsize=\"-1\" data-aria-posinset=\"2\" data-aria-level=\"1\"><span data-contrast=\"none\">Comp\u00e9tences politiques : augmentez l<\/span><span data-contrast=\"none\">\u2019<\/span><span data-contrast=\"none\">impact de votre influence&nbsp;<\/span><span data-ccp-props=\"{&quot;134233279&quot;:true,&quot;201341983&quot;:0,&quot;335559739&quot;:240,&quot;335559740&quot;:312}\">&nbsp;<\/span>\n<ul>\n<li data-leveltext=\"\uf0b7\" data-font=\"Symbol\" data-listid=\"12\" aria-setsize=\"-1\" data-aria-posinset=\"2\" data-aria-level=\"1\"><span data-contrast=\"none\">19 f\u00e9vrier&nbsp;<\/span><span data-contrast=\"none\">2020 (<\/span><span data-contrast=\"none\">Ottawa \u2013<\/span><span data-contrast=\"none\">&nbsp;<\/span><span data-contrast=\"none\">fran\u00e7ais<\/span><span data-contrast=\"none\">)<\/span><span data-ccp-props=\"{&quot;134233279&quot;:true,&quot;201341983&quot;:0,&quot;335559739&quot;:240,&quot;335559740&quot;:312}\">&nbsp;<\/span><\/li>\n<li data-leveltext=\"\uf0b7\" data-font=\"Symbol\" data-listid=\"12\" aria-setsize=\"-1\" data-aria-posinset=\"2\" data-aria-level=\"1\"><span data-contrast=\"none\">24 f\u00e9vrier&nbsp;<\/span><span data-contrast=\"none\">2020 (Ottawa \u2013<\/span><span data-contrast=\"none\">&nbsp;<\/span><span data-contrast=\"none\">anglais<\/span><span data-contrast=\"none\">)<\/span><span data-ccp-props=\"{&quot;134233279&quot;:true,&quot;201341983&quot;:0,&quot;335559739&quot;:240,&quot;335559740&quot;:312}\">&nbsp;<\/span><\/li>\n<li data-leveltext=\"\uf0b7\" data-font=\"Symbol\" data-listid=\"12\" aria-setsize=\"-1\" data-aria-posinset=\"2\" data-aria-level=\"1\"><span data-contrast=\"none\">D\u00e9tails et inscription\u202f<\/span><span data-contrast=\"none\">:&nbsp;<\/span><a href=\"https:\/\/www.acfo-acaf.com\/fr\/perfectionnement-professionnel\/centre-de-formation-des-controleurs\/competences-politiques-augmentez-limpact-de-votre-influence\/\" target=\"_blank\" rel=\"noopener noreferrer\"><span data-contrast=\"none\">https:\/\/www.acfo-acaf.com\/fr\/perfectionnement-professionnel\/centre-de-formation-des-controleurs\/competences-politiques-augmentez-limpact-de-votre-influence\/<\/span><\/a><span data-ccp-props=\"{&quot;134233279&quot;:true,&quot;201341983&quot;:0,&quot;335559739&quot;:240,&quot;335559740&quot;:312}\">&nbsp;<\/span><\/li>\n<\/ul>\n<\/li>\n<\/ul>\n<h2 aria-level=\"3\"><b><span data-contrast=\"none\">Mise au point du printemps de l<\/span><\/b><b><span data-contrast=\"none\">\u2019<\/span><\/b><b><span data-contrast=\"none\">ACFO-ACAF<\/span><\/b><span data-ccp-props=\"{&quot;201341983&quot;:0,&quot;335559738&quot;:40,&quot;335559739&quot;:0,&quot;335559740&quot;:312}\">&nbsp;<\/span><\/h2>\n<p><span data-contrast=\"none\">Notre journ\u00e9e de perfectionnement phare, la Mise au point du printemps de l<\/span><span data-contrast=\"none\">\u2019<\/span><span data-contrast=\"none\">ACFO-ACAF, est une activit\u00e9 \u00e0 ne pas manquer pour la communaut\u00e9 des contr\u00f4leurs. Cette ann\u00e9e, elle aura lieu le 9 juin,<\/span><span data-contrast=\"none\">&nbsp;<\/span><span data-contrast=\"none\">au C<\/span><span data-contrast=\"none\">entre EY d<\/span><span data-contrast=\"none\">\u2019<\/span><span data-contrast=\"none\">Ottawa. Des expos\u00e9s instructifs seront pr\u00e9sent\u00e9s par des conf\u00e9renciers inspirants comme\u202f:<\/span><span data-ccp-props=\"{&quot;201341983&quot;:0,&quot;335559739&quot;:240,&quot;335559740&quot;:312}\">&nbsp;<\/span><\/p>\n<ul>\n<li data-leveltext=\"\uf0b7\" data-font=\"Symbol\" data-listid=\"13\" aria-setsize=\"-1\" data-aria-posinset=\"1\" data-aria-level=\"1\"><span data-contrast=\"none\">le&nbsp;<\/span><span data-contrast=\"none\">journalist<\/span><span data-contrast=\"none\">e<\/span><span data-contrast=\"none\">&nbsp;Herby&nbsp;Moreau<\/span><span data-contrast=\"none\">;&nbsp;<\/span><span data-ccp-props=\"{&quot;134233279&quot;:true,&quot;201341983&quot;:0,&quot;335559739&quot;:240,&quot;335559740&quot;:312}\">&nbsp;<\/span><\/li>\n<li data-leveltext=\"\uf0b7\" data-font=\"Symbol\" data-listid=\"13\" aria-setsize=\"-1\" data-aria-posinset=\"1\" data-aria-level=\"1\"><span data-contrast=\"none\">Hadiya&nbsp;Roderique,&nbsp;<\/span><span data-contrast=\"none\">nomm\u00e9e parmi les 25 avocats les plus influents du Canada<\/span><span data-contrast=\"none\">;&nbsp;<\/span><span data-ccp-props=\"{&quot;134233279&quot;:true,&quot;201341983&quot;:0,&quot;335559739&quot;:240,&quot;335559740&quot;:312}\">&nbsp;<\/span><\/li>\n<li data-leveltext=\"\uf0b7\" data-font=\"Symbol\" data-listid=\"13\" aria-setsize=\"-1\" data-aria-posinset=\"1\" data-aria-level=\"1\"><span data-contrast=\"none\">la&nbsp;conf\u00e9renci\u00e8re renomm\u00e9e<\/span><span data-contrast=\"none\">&nbsp;Kelly McDonald<\/span><span data-contrast=\"none\">;<\/span><span data-contrast=\"none\">&nbsp;<\/span><span data-ccp-props=\"{&quot;134233279&quot;:true,&quot;201341983&quot;:0,&quot;335559739&quot;:240,&quot;335559740&quot;:312}\">&nbsp;<\/span><\/li>\n<li data-leveltext=\"\uf0b7\" data-font=\"Symbol\" data-listid=\"13\" aria-setsize=\"-1\" data-aria-posinset=\"1\" data-aria-level=\"1\"><span data-contrast=\"none\">le&nbsp;contr\u00f4leur g\u00e9n\u00e9ral du Canada&nbsp;<\/span><span data-contrast=\"none\">Roch Hupp\u00e9<\/span><span data-contrast=\"none\">;<\/span><span data-ccp-props=\"{&quot;134233279&quot;:true,&quot;201341983&quot;:0,&quot;335559739&quot;:240,&quot;335559740&quot;:312}\">&nbsp;<\/span><\/li>\n<li data-leveltext=\"\uf0b7\" data-font=\"Symbol\" data-listid=\"13\" aria-setsize=\"-1\" data-aria-posinset=\"1\" data-aria-level=\"1\"><span data-contrast=\"none\">et&nbsp;bien d<\/span><span data-contrast=\"none\">\u2019<\/span><span data-contrast=\"none\">autres<\/span><span data-contrast=\"none\">!<\/span><span data-ccp-props=\"{&quot;134233279&quot;:true,&quot;201341983&quot;:0,&quot;335559739&quot;:240,&quot;335559740&quot;:312}\">&nbsp;<\/span><\/li>\n<\/ul>\n<p><b><span data-contrast=\"none\">Cette activit\u00e9 est gratuite pour tous les membres de l<\/span><\/b><b><span data-contrast=\"none\">\u2019<\/span><\/b><b><span data-contrast=\"none\">ACFO-ACAF et les inscriptions commenceront le 4 f\u00e9vrier<\/span><\/b><span data-contrast=\"none\">. Apprenez-en davantage au<\/span><span data-contrast=\"none\">&nbsp;<\/span><a href=\"https:\/\/www.acfo-acaf.com\/fr\/perfectionnement-professionnel\/mise-au-point-du-printemps\/\" target=\"_blank\" rel=\"noopener noreferrer\"><span data-contrast=\"none\">https:\/\/www.acfo-acaf.com\/fr\/perfectionnement-professionnel\/mise-au-point-du-printemps\/<\/span><\/a><span data-ccp-props=\"{&quot;201341983&quot;:0,&quot;335559739&quot;:240,&quot;335559740&quot;:312}\">&nbsp;<\/span><\/p>\n<h2 aria-level=\"3\"><b><span data-contrast=\"none\">Mise au point du printemps Plus&nbsp;<\/span><\/b><span data-ccp-props=\"{&quot;201341983&quot;:0,&quot;335559738&quot;:40,&quot;335559739&quot;:0,&quot;335559740&quot;:312}\">&nbsp;<\/span><\/h2>\n<p><span data-contrast=\"none\">S<\/span><span data-contrast=\"none\">\u2019<\/span><span data-contrast=\"none\">appuyant sur le succ\u00e8s de la Mise au point du printemps annuelle, l<\/span><span data-contrast=\"none\">\u2019<\/span><span data-contrast=\"none\">ACFO-ACAF a le plaisir d<\/span><span data-contrast=\"none\">\u2019<\/span><span data-contrast=\"none\">annoncer sa toute premi\u00e8re Mise au point du printemps Plus, qui aura lieu le 10 juin. Cette activit\u00e9 de prestige comprendra des expos\u00e9s pr\u00e9sent\u00e9s par des conf\u00e9renciers de marque comme :<\/span><span data-ccp-props=\"{&quot;201341983&quot;:0,&quot;335559739&quot;:240,&quot;335559740&quot;:312}\">&nbsp;<\/span><\/p>\n<ul>\n<li data-leveltext=\"\uf0b7\" data-font=\"Symbol\" data-listid=\"14\" aria-setsize=\"-1\" data-aria-posinset=\"1\" data-aria-level=\"1\"><span data-contrast=\"none\">le&nbsp;<\/span><span data-contrast=\"none\">t<\/span><span data-contrast=\"none\">r\u00e8s&nbsp;<\/span><span data-contrast=\"none\">h<\/span><span data-contrast=\"none\">onorable&nbsp;<\/span><span data-contrast=\"none\">Brian Mulroney<\/span><span data-contrast=\"none\">;<\/span><span data-ccp-props=\"{&quot;134233279&quot;:true,&quot;201341983&quot;:0,&quot;335559739&quot;:240,&quot;335559740&quot;:312}\">&nbsp;<\/span><\/li>\n<li data-leveltext=\"\uf0b7\" data-font=\"Symbol\" data-listid=\"14\" aria-setsize=\"-1\" data-aria-posinset=\"2\" data-aria-level=\"1\"><span data-contrast=\"none\">le&nbsp;DPF d<\/span><span data-contrast=\"none\">\u2019<\/span><span data-contrast=\"none\">Affaires mondiales Canada,&nbsp;<\/span><span data-contrast=\"none\">Arun&nbsp;Thangaraj<\/span><span data-contrast=\"none\">;<\/span><span data-ccp-props=\"{&quot;134233279&quot;:true,&quot;201341983&quot;:0,&quot;335559739&quot;:240,&quot;335559740&quot;:312}\">&nbsp;<\/span><\/li>\n<li data-leveltext=\"\uf0b7\" data-font=\"Symbol\" data-listid=\"14\" aria-setsize=\"-1\" data-aria-posinset=\"3\" data-aria-level=\"1\"><span data-contrast=\"none\">le&nbsp;conf\u00e9rencier<\/span><span data-contrast=\"none\">&nbsp;inspirant&nbsp;<\/span><span data-contrast=\"none\">Spencer West<\/span><span data-contrast=\"none\">;<\/span><span data-ccp-props=\"{&quot;134233279&quot;:true,&quot;201341983&quot;:0,&quot;335559739&quot;:240,&quot;335559740&quot;:312}\">&nbsp;<\/span><\/li>\n<li data-leveltext=\"\uf0b7\" data-font=\"Symbol\" data-listid=\"14\" aria-setsize=\"-1\" data-aria-posinset=\"3\" data-aria-level=\"1\"><span data-contrast=\"none\">et&nbsp;bien d<\/span><span data-contrast=\"none\">\u2019<\/span><span data-contrast=\"none\">autres.<\/span><span data-ccp-props=\"{&quot;134233279&quot;:true,&quot;201341983&quot;:0,&quot;335559739&quot;:240,&quot;335559740&quot;:312}\">&nbsp;<\/span><\/li>\n<\/ul>\n<p><b><span data-contrast=\"none\">Tous les membres de l<\/span><\/b><b><span data-contrast=\"none\">\u2019<\/span><\/b><b><span data-contrast=\"none\">ACFO-ACAF ont un acc\u00e8s prioritaire aux billets pour cette activit\u00e9 et b\u00e9n\u00e9ficient d<\/span><\/b><b><span data-contrast=\"none\">\u2019<\/span><\/b><b><span data-contrast=\"none\">un prix r\u00e9duit.&nbsp;<\/span><\/b><b><span data-contrast=\"none\">Les inscriptions commenceront \u00e9galement le 4 f\u00e9vrier.<\/span><\/b><span data-contrast=\"none\">&nbsp;Vous trouverez de plus amples renseignements au&nbsp;<\/span><a href=\"https:\/\/www.acfo-acaf.com\/fr\/perfectionnement-professionnel\/mise-au-point-du-printemps\/\" target=\"_blank\" rel=\"noopener noreferrer\"><span data-contrast=\"none\">https:\/\/www.acfo-acaf.com\/fr\/perfectionnement-professionnel\/mise-au-point-du-printemps\/<\/span><\/a><span data-ccp-props=\"{&quot;201341983&quot;:0,&quot;335559739&quot;:240,&quot;335559740&quot;:312}\">&nbsp;<\/span><\/p>\n<h2 aria-level=\"3\"><b><span data-contrast=\"none\">Programme mixte de perfectionnement professionnel&nbsp;<\/span><\/b><span data-ccp-props=\"{&quot;201341983&quot;:0,&quot;335559738&quot;:40,&quot;335559739&quot;:0,&quot;335559740&quot;:312}\">&nbsp;<\/span><\/h2>\n<p><span data-contrast=\"none\">Nous sommes heureux d<\/span><span data-contrast=\"none\">\u2019<\/span><span data-contrast=\"none\">annoncer qu<\/span><span data-contrast=\"none\">\u2019<\/span><span data-contrast=\"none\">avec la ratification de la nouvelle convention collective des FI, nous avons obtenu le financement n\u00e9cessaire pour continuer \u00e0 offrir le Programme mixte de perfectionnement professionnel (PMPP).&nbsp;<\/span><span data-contrast=\"none\">Ce programme, g\u00e9r\u00e9 conjointement par l<\/span><span data-contrast=\"none\">\u2019<\/span><span data-contrast=\"none\">ACFO-ACAF et le Bureau du contr\u00f4leur g\u00e9n\u00e9ral (BCG), offre gratuitement des activit\u00e9s et des programmes de formation et de perfectionnement de grande qualit\u00e9 aux FI de la fonction publique membres de l<\/span><span data-contrast=\"none\">\u2019<\/span><span data-contrast=\"none\">ACFO-ACAF.<\/span><span data-ccp-props=\"{&quot;201341983&quot;:0,&quot;335559739&quot;:240,&quot;335559740&quot;:312}\">&nbsp;<\/span><\/p>\n<p><span data-contrast=\"none\">La planification du PMPP de cette ann\u00e9e est en cours.<\/span><span data-contrast=\"none\">&nbsp;<\/span><b><span data-contrast=\"none\">Gardez l<\/span><\/b><b><span data-contrast=\"none\">\u2019<\/span><\/b><b><span data-contrast=\"none\">\u0153il ouvert pour obtenir plus de renseignements. Les demandes d<\/span><\/b><b><span data-contrast=\"none\">\u2019<\/span><\/b><b><span data-contrast=\"none\">inscription seront accept\u00e9es au printemps<\/span><\/b><b><span data-contrast=\"none\">.<\/span><\/b><span data-ccp-props=\"{&quot;201341983&quot;:0,&quot;335559739&quot;:240,&quot;335559740&quot;:312}\">&nbsp;<\/span><\/p>\n<p>&nbsp;<\/p>\n<p>Si vous avez des questions concernant nos programmes, veuillez communiquer avec Joe Boughner (<a href=\"mailto:jboughner@acfo-acaf.com\">jboughner@acfo-acaf.com<\/a>)<\/p>\n","protected":false},"excerpt":{"rendered":"<p>Que vous soyez en train de pr\u00e9parer votre plan de formation pour 2020-2021 ou que vous cherchiez \u00e0 compl\u00e9ter votre [&hellip;]<\/p>\n","protected":false},"author":0,"featured_media":1891,"comment_status":"closed","ping_status":"closed","sticky":false,"template":"","format":"standard","meta":{"_acf_changed":false,"footnotes":""},"categories":[50],"tags":[],"class_list":["post-3228","post","type-post","status-publish","format-standard","has-post-thumbnail","hentry","category-perfectionnement-professionnel","group-ct-eav-fr","group-ct-fin-fr","group-ct-iau-fr","group-nav-canada-fl-fr"],"acf":{"categories":[50],"groups":[30,32,34,36],"canBeFeatured":false},"_links":{"self":[{"href":"https:\/\/www.acfo-acaf.com\/fr\/wp-json\/wp\/v2\/posts\/3228","targetHints":{"allow":["GET"]}}],"collection":[{"href":"https:\/\/www.acfo-acaf.com\/fr\/wp-json\/wp\/v2\/posts"}],"about":[{"href":"https:\/\/www.acfo-acaf.com\/fr\/wp-json\/wp\/v2\/types\/post"}],"replies":[{"embeddable":true,"href":"https:\/\/www.acfo-acaf.com\/fr\/wp-json\/wp\/v2\/comments?post=3228"}],"version-history":[{"count":0,"href":"https:\/\/www.acfo-acaf.com\/fr\/wp-json\/wp\/v2\/posts\/3228\/revisions"}],"acf:term":[{"embeddable":true,"taxonomy":"group","href":"https:\/\/www.acfo-acaf.com\/fr\/wp-json\/wp\/v2\/group\/36"},{"embeddable":true,"taxonomy":"group","href":"https:\/\/www.acfo-acaf.com\/fr\/wp-json\/wp\/v2\/group\/34"},{"embeddable":true,"taxonomy":"group","href":"https:\/\/www.acfo-acaf.com\/fr\/wp-json\/wp\/v2\/group\/32"},{"embeddable":true,"taxonomy":"group","href":"https:\/\/www.acfo-acaf.com\/fr\/wp-json\/wp\/v2\/group\/30"},{"embeddable":true,"taxonomy":"category","href":"https:\/\/www.acfo-acaf.com\/fr\/wp-json\/wp\/v2\/categories\/50"}],"wp:featuredmedia":[{"embeddable":true,"href":"https:\/\/www.acfo-acaf.com\/fr\/wp-json\/wp\/v2\/media\/1891"}],"wp:attachment":[{"href":"https:\/\/www.acfo-acaf.com\/fr\/wp-json\/wp\/v2\/media?parent=3228"}],"wp:term":[{"taxonomy":"category","embeddable":true,"href":"https:\/\/www.acfo-acaf.com\/fr\/wp-json\/wp\/v2\/categories?post=3228"},{"taxonomy":"post_tag","embeddable":true,"href":"https:\/\/www.acfo-acaf.com\/fr\/wp-json\/wp\/v2\/tags?post=3228"}],"curies":[{"name":"wp","href":"https:\/\/api.w.org\/{rel}","templated":true}]}}