{"id":3236,"date":"2019-12-19T10:25:05","date_gmt":"2019-12-19T10:25:05","guid":{"rendered":"https:\/\/www.acfo-acaf.com\/?p=13572"},"modified":"2019-12-19T10:25:05","modified_gmt":"2019-12-19T10:25:05","slug":"lacfo-acaf-vous-souhaite-de-joyeuses-fetes","status":"publish","type":"post","link":"https:\/\/www.acfo-acaf.com\/fr\/lacfo-acaf-vous-souhaite-de-joyeuses-fetes\/","title":{"rendered":"L\u2019ACFO-ACAF vous souhaite de joyeuses f\u00eates"},"content":{"rendered":"<p>Mes amis,<\/p>\n<p>Je suis s\u00fbr qu\u2019il n\u2019est pas n\u00e9cessaire que je vous dise que 2019 a \u00e9t\u00e9 une ann\u00e9e m\u00e9morable pour la communaut\u00e9 de l\u2019ACFO-ACAF. Le fait le plus important a \u00e9t\u00e9 l\u2019expansion de l\u2019ACFO-ACAF qui a accueilli les contr\u00f4leurs et les auditeurs au sein du nouveau groupe CT. En nous appuyant sur les observations de nos membres, nous avons n\u00e9goci\u00e9 avec succ\u00e8s la nouvelle convention collective des FI de la fonction publique, l\u2019entente de d\u00e9dommagement des probl\u00e8mes caus\u00e9s par Ph\u00e9nix et l\u2019entente d\u2019\u00e9tude conjointe visant \u00e0 r\u00e9gler la plainte d\u2019\u00e9quit\u00e9 salariale. Nous avons \u00e9galement lanc\u00e9 trois nouvelles initiatives de perfectionnement professionnel : le Centre de formation des contr\u00f4leurs, le salon de l\u2019emploi et le R\u00e9pertoire de CV, en partie gr\u00e2ce \u00e0 vos commentaires. Et pour couronner le tout, l\u2019ACFO-ACAF a c\u00e9l\u00e9br\u00e9 30 ann\u00e9es de service comme syndicat des professionnels de la finance de la fonction publique f\u00e9d\u00e9rale.<\/p>\n<p>Mais pour moi, les moments forts de l\u2019ann\u00e9e ont \u00e9t\u00e9 les occasions que j\u2019ai eues de communiquer avec les membres de notre communaut\u00e9. Lorsque la cr\u00e9ation du groupe CT a \u00e9t\u00e9 annonc\u00e9e et que l\u2019ACFO-ACAF a men\u00e9 sa campagne de cartes de membre, j\u2019ai \u00e9t\u00e9 extr\u00eamement \u00e9mu et reconnaissant en voyant que des milliers de membres prenaient le temps de remplir une carte et de l\u2019envoyer par la poste.<\/p>\n<p>En organisant un nombre record de r\u00e9unions de discussion et de mises au point r\u00e9gionales dans le cadre du Programme mixte de perfectionnement professionnel, nous avons pu non seulement offrir des activit\u00e9s de perfectionnement professionnel \u00e0 un plus grand nombre de membres dans tout le pays, mais aussi vous entendre parler davantage de vos exp\u00e9riences, de vos perspectives et de vos opinions. Il ne pourrait pas y avoir de plus beau cadeau que cela.<\/p>\n<p>D\u00e9sormais, notre communaut\u00e9 ne fera que cro\u00eetre en taille et en force. Je suis tr\u00e8s enthousiaste \u00e0 l\u2019id\u00e9e d\u2019accueillir officiellement les contr\u00f4leurs et les auditeurs au cours de la prochaine ann\u00e9e et de continuer \u00e0 \u00e9largir et \u00e0 enrichir les services que nous offrons, qu\u2019il s\u2019agisse de relations de travail, de participation des membres, de perfectionnement professionnel ou de tout autre service.<\/p>\n<p>Il reste encore un peu de temps avant la fin de l\u2019ann\u00e9e, mais au nom de tout le monde \u00e0 l\u2019ACFO-ACAF, je vous souhaite d\u00e9j\u00e0 un cong\u00e9 rempli de paix et de tr\u00e8s joyeuses f\u00eates.<\/p>\n<p>Cordialement,<\/p>\n<p>&nbsp;<\/p>\n<p>Dany Richard, MBA, CPA, CMA, IAS.A<\/p>\n<p>Pr\u00e9sident de l\u2019ACFO-ACAF et pr\u00e9sident du conseil d\u2019administration<\/p>\n","protected":false},"excerpt":{"rendered":"<p>Mes amis, Je suis s\u00fbr qu\u2019il n\u2019est pas n\u00e9cessaire que je vous dise que 2019 a \u00e9t\u00e9 une ann\u00e9e m\u00e9morable [&hellip;]<\/p>\n","protected":false},"author":0,"featured_media":1883,"comment_status":"closed","ping_status":"closed","sticky":false,"template":"","format":"standard","meta":{"_acf_changed":false,"footnotes":""},"categories":[44],"tags":[],"class_list":["post-3236","post","type-post","status-publish","format-standard","has-post-thumbnail","hentry","category-le-coin-du-president"],"acf":{"categories":[44],"groups":false,"canBeFeatured":false},"_links":{"self":[{"href":"https:\/\/www.acfo-acaf.com\/fr\/wp-json\/wp\/v2\/posts\/3236","targetHints":{"allow":["GET"]}}],"collection":[{"href":"https:\/\/www.acfo-acaf.com\/fr\/wp-json\/wp\/v2\/posts"}],"about":[{"href":"https:\/\/www.acfo-acaf.com\/fr\/wp-json\/wp\/v2\/types\/post"}],"replies":[{"embeddable":true,"href":"https:\/\/www.acfo-acaf.com\/fr\/wp-json\/wp\/v2\/comments?post=3236"}],"version-history":[{"count":0,"href":"https:\/\/www.acfo-acaf.com\/fr\/wp-json\/wp\/v2\/posts\/3236\/revisions"}],"acf:term":[{"embeddable":true,"taxonomy":"category","href":"https:\/\/www.acfo-acaf.com\/fr\/wp-json\/wp\/v2\/categories\/44"}],"wp:featuredmedia":[{"embeddable":true,"href":"https:\/\/www.acfo-acaf.com\/fr\/wp-json\/wp\/v2\/media\/1883"}],"wp:attachment":[{"href":"https:\/\/www.acfo-acaf.com\/fr\/wp-json\/wp\/v2\/media?parent=3236"}],"wp:term":[{"taxonomy":"category","embeddable":true,"href":"https:\/\/www.acfo-acaf.com\/fr\/wp-json\/wp\/v2\/categories?post=3236"},{"taxonomy":"post_tag","embeddable":true,"href":"https:\/\/www.acfo-acaf.com\/fr\/wp-json\/wp\/v2\/tags?post=3236"}],"curies":[{"name":"wp","href":"https:\/\/api.w.org\/{rel}","templated":true}]}}