{"id":3288,"date":"2019-07-24T10:39:00","date_gmt":"2019-07-24T10:39:00","guid":{"rendered":"https:\/\/www.acfo-acaf.com\/?p=12931"},"modified":"2019-07-24T10:39:00","modified_gmt":"2019-07-24T10:39:00","slug":"occasion-de-perfectionnement-professionnel-augmentez-votre-influence-en-milieu-de-travail","status":"publish","type":"post","link":"https:\/\/www.acfo-acaf.com\/fr\/occasion-de-perfectionnement-professionnel-augmentez-votre-influence-en-milieu-de-travail\/","title":{"rendered":"Occasion de perfectionnement professionnel\u202f: augmentez votre influence en milieu de travail"},"content":{"rendered":"<p><span data-contrast=\"none\">Il reste encore quelques places pour le cours\u00a0<\/span><b><i><span data-contrast=\"none\">Comp\u00e9tences politiques : augmentez l<\/span><\/i><\/b><b><i><span data-contrast=\"none\">\u2019<\/span><\/i><\/b><b><i><span data-contrast=\"none\">impact de votre influence<\/span><\/i><\/b><i><span data-contrast=\"none\">\u00a0<\/span><\/i><span data-contrast=\"none\">qui sera offert au mois d<\/span><span data-contrast=\"none\">\u2019<\/span><span data-contrast=\"none\">ao\u00fbt, un cours qu<\/span><span data-contrast=\"none\">\u2019<\/span><span data-contrast=\"none\">une FI a d\u00e9crit comme \u00e9tant le meilleur cours d<\/span><span data-contrast=\"none\">\u2019<\/span><span data-contrast=\"none\">une journ\u00e9e qu<\/span><span data-contrast=\"none\">\u2019<\/span><span data-contrast=\"none\">elle a suivi dans sa carri\u00e8re.<\/span><span data-ccp-props=\"{&quot;201341983&quot;:0,&quot;335559739&quot;:240,&quot;335559740&quot;:312}\">\u00a0<\/span><\/p>\n<p><span data-contrast=\"none\">Le cours sera donn\u00e9 en anglais le 14 ao\u00fbt et en fran\u00e7ais le 15 ao\u00fbt, \u00e0 Ottawa.\u00a0<\/span><span data-contrast=\"none\">Un prix sp\u00e9cial est offert aux membres de l<\/span><span data-contrast=\"none\">\u2019<\/span><span data-contrast=\"none\">ACFO-ACAF<\/span><span data-contrast=\"none\">\u00a0par le Centre de formation des contr\u00f4leurs.<\/span><span data-ccp-props=\"{&quot;201341983&quot;:0,&quot;335559739&quot;:240,&quot;335559740&quot;:312}\">\u00a0<\/span><\/p>\n<p><b><i><span data-contrast=\"none\">Comp\u00e9tences politiques : augmentez l<\/span><\/i><\/b><b><i><span data-contrast=\"none\">\u2019<\/span><\/i><\/b><b><i><span data-contrast=\"none\">impact de votre influence<\/span><\/i><\/b><span data-contrast=\"none\">\u00a0s<\/span><span data-contrast=\"none\">\u2019<\/span><span data-contrast=\"none\">adresse aux professionnels de tous les niveaux qui cherchent \u00e0 renforcer leur influence et \u00e0 bien se positionner dans leur cheminement de carri\u00e8re. Le cours est donn\u00e9 par\u00a0<\/span><a href=\"https:\/\/www.hec.ca\/en\/profs\/pierre.lainey.html\"><span data-contrast=\"none\">Pierre\u00a0<\/span><span data-contrast=\"none\">Lainey<\/span><\/a><span data-contrast=\"none\">, professeur, auteur et formateur qui se concentre sur le leadership organisationnel et les habilet\u00e9s politiques. Pr\u00e9c\u00e9demment, ce cours a obtenu une\u00a0<\/span><span data-contrast=\"none\">cote<\/span><span data-contrast=\"none\">\u00a0de 4,9 sur 5 de la part des membres de l<\/span><span data-contrast=\"none\">\u2019<\/span><span data-contrast=\"none\">ACFO-ACAF<\/span><span data-contrast=\"none\">.<\/span><span data-ccp-props=\"{&quot;201341983&quot;:0,&quot;335559739&quot;:240,&quot;335559740&quot;:312}\">\u00a0<\/span><\/p>\n<h2 aria-level=\"3\">Dates et lieu<\/h2>\n<p aria-level=\"3\"><span data-contrast=\"auto\">Le 14 ao\u00fbt<\/span><span data-contrast=\"auto\">\u00a02019 \u2013\u00a0<\/span><span data-contrast=\"auto\">R\u00e9gion de la capitale nationale (en anglais)\u00a0<\/span><span data-contrast=\"auto\">\u00a0\u2013\u202f<\/span><a href=\"https:\/\/events.eply.com\/PoliticalSkillsAugust14Comp%C3%A9tencespolitique14ao%C3%BBt2922623\"><b><span data-contrast=\"none\">Inscription<\/span><\/b><\/a><span data-ccp-props=\"{&quot;201341983&quot;:0,&quot;335559739&quot;:0,&quot;335559740&quot;:360}\">\u00a0<\/span><\/p>\n<ul>\n<li data-leveltext=\"o\" data-font=\"Courier New\" data-listid=\"13\" aria-setsize=\"-1\" data-aria-posinset=\"1\" data-aria-level=\"2\"><span data-contrast=\"auto\">490 $ plus taxes pour les membres de l<\/span><span data-contrast=\"auto\">\u2019<\/span><span data-contrast=\"auto\">ACFO-ACAF<\/span><span data-ccp-props=\"{&quot;201341983&quot;:0,&quot;335559739&quot;:0,&quot;335559740&quot;:360}\">\u00a0<\/span><\/li>\n<li data-leveltext=\"o\" data-font=\"Courier New\" data-listid=\"13\" aria-setsize=\"-1\" data-aria-posinset=\"2\" data-aria-level=\"2\"><span data-contrast=\"auto\">650 $ plus taxes pour les non-membres<\/span><span data-ccp-props=\"{&quot;201341983&quot;:0,&quot;335559739&quot;:0,&quot;335559740&quot;:360}\">\u00a0<\/span><\/li>\n<\/ul>\n<p><span data-contrast=\"auto\">Le 15 ao\u00fbt<\/span><span data-contrast=\"auto\">\u00a02019 \u2013\u00a0<\/span><span data-contrast=\"auto\">R\u00e9gion de la capitale nationale (en fran\u00e7ais<\/span><span data-contrast=\"auto\">) \u2013\u202f<\/span><a href=\"https:\/\/events.eply.com\/PoliticalSkillsAugust15Comp%C3%A9tencespolitiques15ao%C3%BBt2922723\"><b><span data-contrast=\"none\">Inscription<\/span><\/b><\/a><span data-ccp-props=\"{&quot;201341983&quot;:0,&quot;335559739&quot;:0,&quot;335559740&quot;:360}\">\u00a0<\/span><\/p>\n<ul>\n<li data-leveltext=\"o\" data-font=\"Courier New\" data-listid=\"13\" aria-setsize=\"-1\" data-aria-posinset=\"1\" data-aria-level=\"2\"><span data-contrast=\"auto\">490 $ plus taxes pour les membres de l<\/span><span data-contrast=\"auto\">\u2019<\/span><span data-contrast=\"auto\">ACFO-ACAF<\/span><span data-ccp-props=\"{&quot;201341983&quot;:0,&quot;335559739&quot;:0,&quot;335559740&quot;:360}\">\u00a0<\/span><\/li>\n<li data-leveltext=\"o\" data-font=\"Courier New\" data-listid=\"13\" aria-setsize=\"-1\" data-aria-posinset=\"2\" data-aria-level=\"2\"><span data-contrast=\"auto\">650 $ plus taxes pour les non-membres<\/span><span data-ccp-props=\"{&quot;201341983&quot;:0,&quot;335559739&quot;:0,&quot;335559740&quot;:360}\">\u00a0<\/span><\/li>\n<\/ul>\n<p><span data-contrast=\"none\">Si vous avez des questions ou souhaitez avoir de plus amples renseignements, veuillez communiquer avec Joe\u00a0<\/span><span data-contrast=\"none\">Boughner<\/span><span data-contrast=\"none\">\u00a0(<\/span><a href=\"mailto:jboughner@acfo-acaf.com\"><span data-contrast=\"none\">jboughner@acfo-acaf.com<\/span><\/a><span data-contrast=\"none\">).<\/span><span data-ccp-props=\"{&quot;201341983&quot;:0,&quot;335559739&quot;:240,&quot;335559740&quot;:312}\">\u00a0<\/span><\/p>\n","protected":false},"excerpt":{"rendered":"<p>Il reste encore quelques places pour le cours\u00a0Comp\u00e9tences politiques : augmentez l\u2019impact de votre influence\u00a0qui sera offert au mois d\u2019ao\u00fbt, [&hellip;]<\/p>\n","protected":false},"author":0,"featured_media":1731,"comment_status":"closed","ping_status":"closed","sticky":false,"template":"","format":"standard","meta":{"_acf_changed":false,"footnotes":""},"categories":[50],"tags":[],"class_list":["post-3288","post","type-post","status-publish","format-standard","has-post-thumbnail","hentry","category-perfectionnement-professionnel"],"acf":{"categories":[50],"groups":false,"canBeFeatured":false},"_links":{"self":[{"href":"https:\/\/www.acfo-acaf.com\/fr\/wp-json\/wp\/v2\/posts\/3288","targetHints":{"allow":["GET"]}}],"collection":[{"href":"https:\/\/www.acfo-acaf.com\/fr\/wp-json\/wp\/v2\/posts"}],"about":[{"href":"https:\/\/www.acfo-acaf.com\/fr\/wp-json\/wp\/v2\/types\/post"}],"replies":[{"embeddable":true,"href":"https:\/\/www.acfo-acaf.com\/fr\/wp-json\/wp\/v2\/comments?post=3288"}],"version-history":[{"count":0,"href":"https:\/\/www.acfo-acaf.com\/fr\/wp-json\/wp\/v2\/posts\/3288\/revisions"}],"acf:term":[{"embeddable":true,"taxonomy":"category","href":"https:\/\/www.acfo-acaf.com\/fr\/wp-json\/wp\/v2\/categories\/50"}],"wp:featuredmedia":[{"embeddable":true,"href":"https:\/\/www.acfo-acaf.com\/fr\/wp-json\/wp\/v2\/media\/1731"}],"wp:attachment":[{"href":"https:\/\/www.acfo-acaf.com\/fr\/wp-json\/wp\/v2\/media?parent=3288"}],"wp:term":[{"taxonomy":"category","embeddable":true,"href":"https:\/\/www.acfo-acaf.com\/fr\/wp-json\/wp\/v2\/categories?post=3288"},{"taxonomy":"post_tag","embeddable":true,"href":"https:\/\/www.acfo-acaf.com\/fr\/wp-json\/wp\/v2\/tags?post=3288"}],"curies":[{"name":"wp","href":"https:\/\/api.w.org\/{rel}","templated":true}]}}