{"id":3290,"date":"2019-07-17T11:16:15","date_gmt":"2019-07-17T11:16:15","guid":{"rendered":"https:\/\/www.acfo-acaf.com\/?p=12910"},"modified":"2019-07-17T11:16:15","modified_gmt":"2019-07-17T11:16:15","slug":"le-point-sur-la-negociation-collective","status":"publish","type":"post","link":"https:\/\/www.acfo-acaf.com\/fr\/le-point-sur-la-negociation-collective\/","title":{"rendered":"Le point sur la n\u00e9gociation collective"},"content":{"rendered":"<p>Depuis que les membres de la fonction publique <a href=\"https:\/\/www.acfo-acaf.com\/fr\/2019\/06\/04\/la-convention-collective-de-la-function-publique-est-ratifee\/\">ont vot\u00e9 massivement en faveur de la ratification de la nouvelle convention collective<\/a>, l&rsquo;ACFO-ACAF collabore \u00e9troitement avec l\u2019employeur pour que la prochaine \u00e9tape du processus, c\u2019est-\u00e0-dire la signature, se d\u00e9roule le plus rapidement et le plus facilement possible.<\/p>\n<p>Le processus de signature est toujours en cours. Comme nous l\u2019avons d\u00e9j\u00e0 mentionn\u00e9, ce processus dure habituellement de deux \u00e0 trois mois et comprend l\u2019obtention de l\u2019approbation minist\u00e9rielle, ainsi que la finalisation et la traduction de la nouvelle convention collective.<\/p>\n<p>D\u00e8s que la convention sera sign\u00e9e, la p\u00e9riode de mise en \u0153uvre de 180 jours commencera. L\u2019ACFO-ACAF a \u00e9t\u00e9 le premier agent n\u00e9gociateur \u00e0 ratifier une convention et nous nous attendons toujours \u00e0 \u00eatre le premier groupe \u00e0 faire signer et appliquer notre convention.<\/p>\n<p>Nous informerons les membres de l&rsquo;ACFO-ACAF d\u00e8s que la convention sera sign\u00e9e et que la p\u00e9riode de mise en \u0153uvre sera d\u00e9clench\u00e9e. En attendant, si vous avez des questions, n\u2019h\u00e9sitez pas \u00e0 communiquer avec nous en \u00e9crivant \u00e0 <a href=\"mailto:negotiations@acfo-acaf.com\">negotiations@acfo-acaf.com<\/a>.<\/p>\n","protected":false},"excerpt":{"rendered":"<p>Depuis que les membres de la fonction publique ont vot\u00e9 massivement en faveur de la ratification de la nouvelle convention [&hellip;]<\/p>\n","protected":false},"author":0,"featured_media":1683,"comment_status":"closed","ping_status":"closed","sticky":false,"template":"","format":"standard","meta":{"_acf_changed":false,"footnotes":""},"categories":[20],"tags":[],"class_list":["post-3290","post","type-post","status-publish","format-standard","has-post-thumbnail","hentry","category-negociation-collective"],"acf":{"categories":[20],"groups":false,"canBeFeatured":false},"_links":{"self":[{"href":"https:\/\/www.acfo-acaf.com\/fr\/wp-json\/wp\/v2\/posts\/3290","targetHints":{"allow":["GET"]}}],"collection":[{"href":"https:\/\/www.acfo-acaf.com\/fr\/wp-json\/wp\/v2\/posts"}],"about":[{"href":"https:\/\/www.acfo-acaf.com\/fr\/wp-json\/wp\/v2\/types\/post"}],"replies":[{"embeddable":true,"href":"https:\/\/www.acfo-acaf.com\/fr\/wp-json\/wp\/v2\/comments?post=3290"}],"version-history":[{"count":0,"href":"https:\/\/www.acfo-acaf.com\/fr\/wp-json\/wp\/v2\/posts\/3290\/revisions"}],"acf:term":[{"embeddable":true,"taxonomy":"category","href":"https:\/\/www.acfo-acaf.com\/fr\/wp-json\/wp\/v2\/categories\/20"}],"wp:featuredmedia":[{"embeddable":true,"href":"https:\/\/www.acfo-acaf.com\/fr\/wp-json\/wp\/v2\/media\/1683"}],"wp:attachment":[{"href":"https:\/\/www.acfo-acaf.com\/fr\/wp-json\/wp\/v2\/media?parent=3290"}],"wp:term":[{"taxonomy":"category","embeddable":true,"href":"https:\/\/www.acfo-acaf.com\/fr\/wp-json\/wp\/v2\/categories?post=3290"},{"taxonomy":"post_tag","embeddable":true,"href":"https:\/\/www.acfo-acaf.com\/fr\/wp-json\/wp\/v2\/tags?post=3290"}],"curies":[{"name":"wp","href":"https:\/\/api.w.org\/{rel}","templated":true}]}}