{"id":3296,"date":"2019-06-20T13:47:17","date_gmt":"2019-06-20T13:47:17","guid":{"rendered":"https:\/\/www.acfo-acaf.com\/?p=12759"},"modified":"2019-06-20T13:47:17","modified_gmt":"2019-06-20T13:47:17","slug":"ouverture-des-inscriptions-pour-la-conference-du-25-septembre-sur-lanalyse-des-donnees","status":"publish","type":"post","link":"https:\/\/www.acfo-acaf.com\/fr\/ouverture-des-inscriptions-pour-la-conference-du-25-septembre-sur-lanalyse-des-donnees\/","title":{"rendered":"Ouverture des inscriptions pour la Conf\u00e9rence gratuite du 25 septembre sur l\u2019analyse des donn\u00e9es"},"content":{"rendered":"<p>Apr\u00e8s une activit\u00e9 inaugurale r\u00e9ussie l\u2019an fiscal pass\u00e9, l&rsquo;ACFO-ACAF et le Bureau du contr\u00f4leur g\u00e9n\u00e9ral (BCG) sont heureux de parrainer encore une fois une journ\u00e9e de discussions et de perfectionnement portant sur l\u2019analyse strat\u00e9gique exclusivement pour les professionnels de la finance du secteur public qui sont membres de l&rsquo;ACFO-ACAF, dans le cadre du Programme mixte de perfectionnement professionnel (PMPP).<\/p>\n<p>Lors de la Conf\u00e9rence sur l&rsquo;analyse des donn\u00e9es de cette ann\u00e9e le 25 septembre \u00e0 Ottawa, les participants discuteront de l\u2019application des m\u00e9thodes d\u2019analyse strat\u00e9gique dans la gestion financi\u00e8re et \u00e9changeront des id\u00e9es concr\u00e8tes au niveau op\u00e9rationnel. Le cours comprendra des d\u00e9monstrations d\u2019outils utilis\u00e9s par d\u2019autres minist\u00e8res et des exemples d\u2019utilisation de l\u2019apprentissage machine pour aider les professionnels de la finance dans leurs t\u00e2ches.<\/p>\n<p>En plus de vous donner l\u2019occasion de rencontrer des membres de la communaut\u00e9 FI de toute la ville et de r\u00e9seauter, la Conf\u00e9rence sur l\u2019analyse des donn\u00e9es vous permettra d\u2019ajouter de la valeur \u00e0 votre organisation. Les participants d\u00e9couvriront comment inclure une conception ax\u00e9e sur l&rsquo;humain dans leurs solutions et de tirer profit des outils d\u2019intelligence artificielle susceptibles qui peuvent rendre votre r\u00f4le plus dynamique et adaptable.<\/p>\n<p>Le programme et le choix des conf\u00e9renciers ne sont pas encore d\u00e9finitifs, mais l\u2019activit\u00e9 devrait se d\u00e9rouler de 8\u00a0h\u00a030 \u00e0 16\u00a0h\u00a030. De plus amples renseignements vous seront fournis \u00e0 l\u2019approche de la date de l\u2019activit\u00e9.<\/p>\n<h3>Inscriptions<\/h3>\n<p>Les places sont attribu\u00e9es selon le principe du premier arriv\u00e9, premier servi; ne tardez donc pas \u00e0 vous inscrire. Pour indiquer votre intention d\u2019assister \u00e0 cette activit\u00e9, veuillez vous inscrire ici, <strong>au plus tard le 12 juillet\u00a0: <\/strong><a href=\"https:\/\/events.eply.com\/DataAnalyticsConference2982514\">https:\/\/events.eply.com\/DataAnalyticsConference2982514<\/a><\/p>\n<p>Votre inscription sera confirm\u00e9e avant la fin du mois de juillet et vous recevrez alors plus de d\u00e9tails sur l\u2019activit\u00e9.<\/p>\n<p>Le lieu de la conf\u00e9rence reste \u00e0 d\u00e9terminer \u00e9tant donn\u00e9 qu\u2019il d\u00e9pendra du nombre d\u2019inscriptions re\u00e7ues.<\/p>\n<p>Si vous avez des questions, n\u2019h\u00e9sitez pas \u00e0 \u00e9crire \u00e0 <a href=\"mailto:jcdp@acfo-acaf.com\">jcdp@acfo-acaf.com<\/a>.<\/p>\n","protected":false},"excerpt":{"rendered":"<p>Apr\u00e8s une activit\u00e9 inaugurale r\u00e9ussie l\u2019an fiscal pass\u00e9, l&rsquo;ACFO-ACAF et le Bureau du contr\u00f4leur g\u00e9n\u00e9ral (BCG) sont heureux de parrainer [&hellip;]<\/p>\n","protected":false},"author":0,"featured_media":1726,"comment_status":"closed","ping_status":"closed","sticky":false,"template":"","format":"standard","meta":{"_acf_changed":false,"footnotes":""},"categories":[50],"tags":[],"class_list":["post-3296","post","type-post","status-publish","format-standard","has-post-thumbnail","hentry","category-perfectionnement-professionnel"],"acf":{"categories":[50],"groups":false,"canBeFeatured":false},"_links":{"self":[{"href":"https:\/\/www.acfo-acaf.com\/fr\/wp-json\/wp\/v2\/posts\/3296","targetHints":{"allow":["GET"]}}],"collection":[{"href":"https:\/\/www.acfo-acaf.com\/fr\/wp-json\/wp\/v2\/posts"}],"about":[{"href":"https:\/\/www.acfo-acaf.com\/fr\/wp-json\/wp\/v2\/types\/post"}],"replies":[{"embeddable":true,"href":"https:\/\/www.acfo-acaf.com\/fr\/wp-json\/wp\/v2\/comments?post=3296"}],"version-history":[{"count":0,"href":"https:\/\/www.acfo-acaf.com\/fr\/wp-json\/wp\/v2\/posts\/3296\/revisions"}],"acf:term":[{"embeddable":true,"taxonomy":"category","href":"https:\/\/www.acfo-acaf.com\/fr\/wp-json\/wp\/v2\/categories\/50"}],"wp:featuredmedia":[{"embeddable":true,"href":"https:\/\/www.acfo-acaf.com\/fr\/wp-json\/wp\/v2\/media\/1726"}],"wp:attachment":[{"href":"https:\/\/www.acfo-acaf.com\/fr\/wp-json\/wp\/v2\/media?parent=3296"}],"wp:term":[{"taxonomy":"category","embeddable":true,"href":"https:\/\/www.acfo-acaf.com\/fr\/wp-json\/wp\/v2\/categories?post=3296"},{"taxonomy":"post_tag","embeddable":true,"href":"https:\/\/www.acfo-acaf.com\/fr\/wp-json\/wp\/v2\/tags?post=3296"}],"curies":[{"name":"wp","href":"https:\/\/api.w.org\/{rel}","templated":true}]}}