{"id":3312,"date":"2019-05-30T15:10:20","date_gmt":"2019-05-30T15:10:20","guid":{"rendered":"https:\/\/www.acfo-acaf.com\/?p=12612"},"modified":"2019-05-30T15:10:20","modified_gmt":"2019-05-30T15:10:20","slug":"vous-navez-pas-recu-votre-lien-pour-le-vote-de-ratification","status":"publish","type":"post","link":"https:\/\/www.acfo-acaf.com\/fr\/vous-navez-pas-recu-votre-lien-pour-le-vote-de-ratification\/","title":{"rendered":"Vous n\u2019avez pas re\u00e7u votre lien pour le vote de ratification?"},"content":{"rendered":"<p>Il semble que certains de nos membres n\u2019ont pas re\u00e7u pas le lien pour le vote de ratification de notre tiers syst\u00e8me de vote \u00e9lectronique, SimplyVoting, envoy\u00e9 le 28 mai.<\/p>\n<p>Si vous n\u2019avez pas re\u00e7u de lien pour voter sur l\u2019entente de principe, veuillez communiquer avec <a href=\"mailto:information@acfo-acaf.com\">information@acfo-acaf.com<\/a> d\u00e8s que possible. Le vote de ratification en ligne se terminera \u00e0 17 h 00 HE le lundi 3 juin.<\/p>\n<p>Nous regrettons cet inconvenient.<\/p>\n<ul>\n<li>Annonce et sommaire de l\u2019entente de principe :<br \/>\n<a href=\"https:\/\/www.acfo-acaf.com\/fr\/2019\/05\/28\/conclusion-dune-entente-de-principe-pour-les-fi-de-la-fonction-publique\">https:\/\/www.acfo-acaf.com\/fr\/2019\/05\/28\/conclusion-dune-entente-de-principe-pour-les-fi-de-la-fonction-publique<\/a><\/li>\n<li>Entente de principe compl\u00e8te :<br \/>\n<a href=\"https:\/\/www.acfo-acaf.com\/wp-content\/uploads\/2019\/05\/2019-05-27-TentativeAgreement-FR.pdf\">https:\/\/www.acfo-acaf.com\/wp-content\/uploads\/2019\/05\/2019-05-27-TentativeAgreement-FR.pdf<\/a><\/li>\n<li>Changements apport\u00e9s au cong\u00e9 parental et \u00e0 l\u2019indemnit\u00e9 parentale\u00a0:<br \/>\n<a href=\"https:\/\/www.acfo-acaf.com\/fr\/2019\/05\/30\/changements-apportes-au-conge-parental-et-a-lindemnite-parentale-dans-la-convention-collective-provisoire-de-la-fonction-publique\/\">https:\/\/www.acfo-acaf.com\/fr\/2019\/05\/30\/changements-apportes-au-conge-parental-et-a-lindemnite-parentale-dans-la-convention-collective-provisoire-de-la-fonction-publique\/<\/a><\/p>\n","protected":false},"excerpt":{"rendered":"<p>Il semble que certains de nos membres n\u2019ont pas re\u00e7u pas le lien pour le vote de ratification de notre [&hellip;]<\/p>\n","protected":false},"author":0,"featured_media":391,"comment_status":"closed","ping_status":"closed","sticky":false,"template":"","format":"standard","meta":{"_acf_changed":false,"footnotes":""},"categories":[20],"tags":[],"class_list":["post-3312","post","type-post","status-publish","format-standard","has-post-thumbnail","hentry","category-negociation-collective"],"acf":{"categories":[20],"groups":false,"canBeFeatured":false},"_links":{"self":[{"href":"https:\/\/www.acfo-acaf.com\/fr\/wp-json\/wp\/v2\/posts\/3312","targetHints":{"allow":["GET"]}}],"collection":[{"href":"https:\/\/www.acfo-acaf.com\/fr\/wp-json\/wp\/v2\/posts"}],"about":[{"href":"https:\/\/www.acfo-acaf.com\/fr\/wp-json\/wp\/v2\/types\/post"}],"replies":[{"embeddable":true,"href":"https:\/\/www.acfo-acaf.com\/fr\/wp-json\/wp\/v2\/comments?post=3312"}],"version-history":[{"count":0,"href":"https:\/\/www.acfo-acaf.com\/fr\/wp-json\/wp\/v2\/posts\/3312\/revisions"}],"acf:term":[{"embeddable":true,"taxonomy":"category","href":"https:\/\/www.acfo-acaf.com\/fr\/wp-json\/wp\/v2\/categories\/20"}],"wp:featuredmedia":[{"embeddable":true,"href":"https:\/\/www.acfo-acaf.com\/fr\/wp-json\/wp\/v2\/media\/391"}],"wp:attachment":[{"href":"https:\/\/www.acfo-acaf.com\/fr\/wp-json\/wp\/v2\/media?parent=3312"}],"wp:term":[{"taxonomy":"category","embeddable":true,"href":"https:\/\/www.acfo-acaf.com\/fr\/wp-json\/wp\/v2\/categories?post=3312"},{"taxonomy":"post_tag","embeddable":true,"href":"https:\/\/www.acfo-acaf.com\/fr\/wp-json\/wp\/v2\/tags?post=3312"}],"curies":[{"name":"wp","href":"https:\/\/api.w.org\/{rel}","templated":true}]}}