{"id":3336,"date":"2019-04-08T14:07:16","date_gmt":"2019-04-08T14:07:16","guid":{"rendered":"https:\/\/www.acfo-acaf.com\/?p=12118"},"modified":"2019-04-08T14:07:16","modified_gmt":"2019-04-08T14:07:16","slug":"le-point-sur-la-negociation-collective-nouvelles-dates","status":"publish","type":"post","link":"https:\/\/www.acfo-acaf.com\/fr\/le-point-sur-la-negociation-collective-nouvelles-dates\/","title":{"rendered":"Le point sur la n\u00e9gociation collective : nouvelles dates"},"content":{"rendered":"<p><span data-contrast=\"auto\">L\u2019\u00e9quipe de n\u00e9gociation de l&rsquo;ACFO-ACAF et le Conseil du Tr\u00e9sor ont\u00a0<\/span><span data-contrast=\"auto\">s\u00e9lectionn\u00e9\u00a0<\/span><span data-contrast=\"auto\">des dates pour la prochaine session de n\u00e9gociation collective de la fonction publique. Les n\u00e9gociations auront lieu \u00e0 Ottawa, le 10\u202fmai et la semaine du 27 au 30 mai.<\/span><span data-ccp-props=\"{&quot;201341983&quot;:0,&quot;335559739&quot;:0,&quot;335559740&quot;:240}\">\u00a0<\/span><\/p>\n<p><span data-contrast=\"auto\">Comme vous le savez peut-\u00eatre, les n\u00e9gociations ont \u00e9t\u00e9 retard\u00e9es au cours des derniers mois en raison des changements survenus au bureau de la ministre, pendant que nous attendions une am\u00e9lioration du mandat du Conseil du Tr\u00e9sor. Toutefois, tout ce temps n\u2019a pas \u00e9t\u00e9 perdu car les n\u00e9gociations se sont poursuivies en dehors de la table. Nous avons entretenu des discussions avec nos homologues du Conseil du Tr\u00e9sor pendant cette p\u00e9riode et nous avons h\u00e2te de reprendre les n\u00e9gociations officielles au mois de mai.<\/span><span data-ccp-props=\"{&quot;201341983&quot;:0,&quot;335559739&quot;:0,&quot;335559740&quot;:240}\">\u00a0<\/span><\/p>\n<p><span data-contrast=\"auto\">Si vous avez des questions sur la n\u00e9gociation collective ou si vous souhaitez avoir plus de renseignements, veuillez communiquer ave<\/span><span data-contrast=\"auto\">c Scott Chamberlain (schamberlain@acfo-acaf.com)<\/span><span data-ccp-props=\"{&quot;201341983&quot;:0,&quot;335559739&quot;:0,&quot;335559740&quot;:240}\">\u00a0<\/span><\/p>\n<p><span data-ccp-props=\"{&quot;201341983&quot;:0,&quot;335559739&quot;:0,&quot;335559740&quot;:240}\">\u00a0<\/span><\/p>\n","protected":false},"excerpt":{"rendered":"<p>L\u2019\u00e9quipe de n\u00e9gociation de l&rsquo;ACFO-ACAF et le Conseil du Tr\u00e9sor ont\u00a0s\u00e9lectionn\u00e9\u00a0des dates pour la prochaine session de n\u00e9gociation collective de [&hellip;]<\/p>\n","protected":false},"author":0,"featured_media":625,"comment_status":"closed","ping_status":"closed","sticky":false,"template":"","format":"standard","meta":{"_acf_changed":false,"footnotes":""},"categories":[20],"tags":[],"class_list":["post-3336","post","type-post","status-publish","format-standard","has-post-thumbnail","hentry","category-negociation-collective"],"acf":{"categories":[20],"groups":false,"canBeFeatured":false},"_links":{"self":[{"href":"https:\/\/www.acfo-acaf.com\/fr\/wp-json\/wp\/v2\/posts\/3336","targetHints":{"allow":["GET"]}}],"collection":[{"href":"https:\/\/www.acfo-acaf.com\/fr\/wp-json\/wp\/v2\/posts"}],"about":[{"href":"https:\/\/www.acfo-acaf.com\/fr\/wp-json\/wp\/v2\/types\/post"}],"replies":[{"embeddable":true,"href":"https:\/\/www.acfo-acaf.com\/fr\/wp-json\/wp\/v2\/comments?post=3336"}],"version-history":[{"count":0,"href":"https:\/\/www.acfo-acaf.com\/fr\/wp-json\/wp\/v2\/posts\/3336\/revisions"}],"acf:term":[{"embeddable":true,"taxonomy":"category","href":"https:\/\/www.acfo-acaf.com\/fr\/wp-json\/wp\/v2\/categories\/20"}],"wp:featuredmedia":[{"embeddable":true,"href":"https:\/\/www.acfo-acaf.com\/fr\/wp-json\/wp\/v2\/media\/625"}],"wp:attachment":[{"href":"https:\/\/www.acfo-acaf.com\/fr\/wp-json\/wp\/v2\/media?parent=3336"}],"wp:term":[{"taxonomy":"category","embeddable":true,"href":"https:\/\/www.acfo-acaf.com\/fr\/wp-json\/wp\/v2\/categories?post=3336"},{"taxonomy":"post_tag","embeddable":true,"href":"https:\/\/www.acfo-acaf.com\/fr\/wp-json\/wp\/v2\/tags?post=3336"}],"curies":[{"name":"wp","href":"https:\/\/api.w.org\/{rel}","templated":true}]}}