{"id":3370,"date":"2019-02-12T10:15:43","date_gmt":"2019-02-12T10:15:43","guid":{"rendered":"https:\/\/www.acfo-acaf.com\/?p=11785"},"modified":"2019-02-12T10:15:33","modified_gmt":"2019-02-12T10:15:33","slug":"declaration-solidarite-avec-les-lanceurs-dalerte","status":"publish","type":"post","link":"https:\/\/www.acfo-acaf.com\/fr\/declaration-solidarite-avec-les-lanceurs-dalerte\/","title":{"rendered":"D\u00e9claration : Solidarit\u00e9 avec les lanceurs d\u2019alerte"},"content":{"rendered":"<p>L&rsquo;ACFO-ACAF est d&rsquo;accord avec cette\u00a0d\u00e9claration par\u00a0le r\u00e9seau des syndicats professionnels du Canada:<\/p>\n<p>&nbsp;<\/p>\n<p style=\"padding-left: 30px;\">Le <a href=\"https:\/\/ici.radio-canada.ca\/nouvelle\/1149614\/pesticides-recherche-lanceur-alerte-agronome-congedie-gouvernement-quebec\" target=\"_blank\" rel=\"noopener\">cong\u00e9diement<\/a> la semaine derni\u00e8re de Louis Robert, agronome de longue date du gouvernement du Qu\u00e9bec, pour avoir revendiqu\u00e9 publiquement \u00ab\u00a0l\u2019ing\u00e9rence du secteur priv\u00e9 dans la recherche publique sur l\u2019utilisation des pesticides\u00a0\u00bb, nous rappelle l\u2019importance de d\u00e9fendre la science publique et de faire preuve de solidarit\u00e9 tant avec les d\u00e9nonciateurs qu\u2019avec les syndicats qui les repr\u00e9sentent.<\/p>\n<p style=\"padding-left: 30px;\">Nous exprimons ainsi notre solidarit\u00e9 avec M. Robert et le Syndicat de professionnelles et professionnels du gouvernement du Qu\u00e9bec (SPGQ) et encourageons les autres \u00e0 faire de m\u00eame.<\/p>\n<p style=\"padding-left: 30px;\">Les gouvernements ne devraient jamais fermer les yeux sur les pr\u00e9occupations des employ\u00e9s professionnels du secteur public, en particulier ceux qui ont le courage de les porter \u00e0 l\u2019attention du public.<\/p>\n<p style=\"padding-left: 30px;\">La transparence ne devrait pas co\u00fbter la carri\u00e8re d\u2019un employ\u00e9.<\/p>\n<p style=\"padding-left: 30px;\">Sign\u00e9 par le R\u00e9seau des syndicats professionnels du Canada<\/p>\n<p style=\"padding-left: 30px;\">ACFO-ACAF<br \/>\nAMAPCEO &#8211; Employ\u00e9s professionnels de l\u2019Ontario<br \/>\nAssociation des employ\u00e9s professionnels (AEP)<br \/>\nInstitut professionnel de la fonction publique du Canada (IPFPC)<\/p>\n","protected":false},"excerpt":{"rendered":"<p>L&rsquo;ACFO-ACAF est d&rsquo;accord avec cette\u00a0d\u00e9claration par\u00a0le r\u00e9seau des syndicats professionnels du Canada: &nbsp; Le cong\u00e9diement la semaine derni\u00e8re de Louis [&hellip;]<\/p>\n","protected":false},"author":0,"featured_media":435,"comment_status":"closed","ping_status":"closed","sticky":false,"template":"","format":"standard","meta":{"_acf_changed":false,"footnotes":""},"categories":[54],"tags":[],"class_list":["post-3370","post","type-post","status-publish","format-standard","has-post-thumbnail","hentry","category-protection-des-denonciateurs"],"acf":{"categories":[54],"groups":false,"canBeFeatured":false},"_links":{"self":[{"href":"https:\/\/www.acfo-acaf.com\/fr\/wp-json\/wp\/v2\/posts\/3370","targetHints":{"allow":["GET"]}}],"collection":[{"href":"https:\/\/www.acfo-acaf.com\/fr\/wp-json\/wp\/v2\/posts"}],"about":[{"href":"https:\/\/www.acfo-acaf.com\/fr\/wp-json\/wp\/v2\/types\/post"}],"replies":[{"embeddable":true,"href":"https:\/\/www.acfo-acaf.com\/fr\/wp-json\/wp\/v2\/comments?post=3370"}],"version-history":[{"count":0,"href":"https:\/\/www.acfo-acaf.com\/fr\/wp-json\/wp\/v2\/posts\/3370\/revisions"}],"acf:term":[{"embeddable":true,"taxonomy":"category","href":"https:\/\/www.acfo-acaf.com\/fr\/wp-json\/wp\/v2\/categories\/54"}],"wp:featuredmedia":[{"embeddable":true,"href":"https:\/\/www.acfo-acaf.com\/fr\/wp-json\/wp\/v2\/media\/435"}],"wp:attachment":[{"href":"https:\/\/www.acfo-acaf.com\/fr\/wp-json\/wp\/v2\/media?parent=3370"}],"wp:term":[{"taxonomy":"category","embeddable":true,"href":"https:\/\/www.acfo-acaf.com\/fr\/wp-json\/wp\/v2\/categories?post=3370"},{"taxonomy":"post_tag","embeddable":true,"href":"https:\/\/www.acfo-acaf.com\/fr\/wp-json\/wp\/v2\/tags?post=3370"}],"curies":[{"name":"wp","href":"https:\/\/api.w.org\/{rel}","templated":true}]}}