{"id":3382,"date":"2018-12-11T10:22:55","date_gmt":"2018-12-11T10:22:55","guid":{"rendered":"https:\/\/www.acfo-acaf.com\/?p=11542"},"modified":"2018-12-11T10:22:55","modified_gmt":"2018-12-11T10:22:55","slug":"programme-mixte-de-perfectionnement-professionnel-de-2018-2019-de-lacaf-bcg-recapitulatif-et-candidats-retenus","status":"publish","type":"post","link":"https:\/\/www.acfo-acaf.com\/fr\/programme-mixte-de-perfectionnement-professionnel-de-2018-2019-de-lacaf-bcg-recapitulatif-et-candidats-retenus\/","title":{"rendered":"Programme mixte de perfectionnement professionnel de 2018-2019 de l\u2019ACAF-BCG : r\u00e9capitulatif et candidats retenus"},"content":{"rendered":"\n<p>Lors de la deuxi\u00e8me ann\u00e9e du Programme mixte de perfectionnement professionnel (PMPP), offert conjointement avec le Bureau du contr\u00f4leur g\u00e9n\u00e9ral (BCG), plus de 1 900 membres ou deux membres sur cinq de l\u2019ACAF ont pu obtenir de la formation gr\u00e2ce au million de dollars que le Conseil du Tr\u00e9sor y a investis aux termes de la convention collective conclue avec l\u2019ACAF en avril 2017. Qui plus est, tous les candidats qui ont re\u00e7u la formation offerte par le biais du PMPP ont \u00e9t\u00e9 retenus par tirage au sort.<\/p>\n<p>1 100 FI qui ont pos\u00e9 leur candidature au PMPP au cours de l\u2019ann\u00e9e \u00e9coul\u00e9e et nous encourageons tous les FI qui n\u2019ont pas re\u00e7u de formation ou qui n\u2019ont pas pos\u00e9 leur candidature \u00e0 en faire autant pour le programme de l\u2019ann\u00e9e \u00e0 venir, et ce, d\u00e8s l\u2019appel aux candidatures au printemps de 2019. Si vous aimeriez en savoir plus sur le Programme mixte de perfectionnement professionnel et les diff\u00e9rents types de formation repris ci-apr\u00e8s, rendez vous sur <a href=\"https:\/\/www.acfo-acaf.com\/fr\/perfectionnement-professionnel\/pmpp\/\" target=\"_blank\" rel=\"noopener\">l\u2019onglet PMPP de notre site Web. <\/a><\/p>\n<h3>Mise au point du printemps<\/h3>\n<p>La journ\u00e9e de perfectionnement professionnel-lumi\u00e8re de l\u2019ACAF, la Mise au point du printemps, a eu lieu \u00e0 Ottawa, au Centre Shaw, le 15 mai 2018. Les plus de 1 100 participants \u00e0 la Mise au point du printemps de 2018 en ont fait un succ\u00e8s sans pr\u00e9c\u00e9dent. En effet, les FI sont venus nombreux pour entendre les propos inspirants des conf\u00e9renciers de marque, y compris Peter Mansbridge, ancien animateur de l\u2019\u00e9mission <em>The National<\/em>, ainsi que pour tirer des enseignements des expos\u00e9s \u00e9ducatifs et ainsi veiller \u00e0 leur cheminement professionnel et \u00e0 leur \u00e9panouissement personnel.<\/p>\n<p>Vous en trouverez <u><a href=\"https:\/\/www.acfo-acaf.com\/fr\/perfectionnement-professionnel\/mise-au-point-du-printemps\/mise-au-point-du-printemps-2018-trouver-sa-place-au-travail\/\">ici<\/a><\/u> le r\u00e9capitulatif complet. La Mise au point du printemps de 2019 aura lieu le 4 juin prochain au Centre Shaw et c\u2019est Manjit Minhas de <em>Dragon\u2019s Den <\/em>qui en sera l\u2019invit\u00e9e de marque. Vous pourrez vous y inscrire d\u00e9but 2019.<\/p>\n<h3>Mises au point r\u00e9gionales<\/h3>\n<p>Environ 400 FI de partout au pays ont particip\u00e9 \u00e0 la s\u00e9rie des Mises au point r\u00e9gionales de l\u2019ACAF entre ao\u00fbt et novembre dernier. Ces activit\u00e9s de perfectionnement professionnelles ont apport\u00e9 une touche r\u00e9gionale aux expos\u00e9s qui ont su nous inspirer et nous renseigner pendant la Mise au point du printemps et ont eu lieu \u00e0 Winnipeg, Halifax, Toronto, Montr\u00e9al et Vancouver. Au nombre des conf\u00e9renciers\u00a0:<\/p>\n<ul>\n<li>Joe Boughner \u2013 L\u2019Art du courriel<\/li>\n<li>Baltej Singh Dhillon \u2013 Le Gendarme Sikh<\/li>\n<li>Table ronde des cadres sup\u00e9rieurs de EDSC<\/li>\n<li>Pierre Lainey \u2013 Pouvoir et influence<\/li>\n<li>Bureau du contr\u00f4leur g\u00e9n\u00e9ral \u2013 Perfectionnement de la communaut\u00e9 des FI et renouvellement des comp\u00e9tences<\/li>\n<li>Dany Richard \u2013 L\u2019Importance des intrigues de bureau<\/li>\n<li>Joti Samra \u2013 R\u00e9silience face au stress des temps<\/li>\n<li>Tova Sherman \u2013 Une formule gagnante pour la satisfaction au travail<\/li>\n<li>Carolyn Stern \u2013 Le Leadership empreint d\u2019intelligence \u00e9motionnelle<\/li>\n<\/ul>\n<p>Ces activit\u00e9s pr\u00e9voyaient \u00e9galement un d\u00eener style communal avec Dany Richard, pr\u00e9sident de l\u2019ACAF, et plusieurs pauses de r\u00e9seautage gr\u00e2ce auxquelles les participants ont eu l\u2019occasion de rencontrer d\u2019autres FI de leur r\u00e9gion.<\/p>\n<h3>Cours 360 de l\u2019IFPD<\/h3>\n<p>R\u00e9serv\u00e9 exclusivement aux FI, ce cours d\u2019une dur\u00e9e de cinq jours sous la direction de\u00a0Kevin Page, v\u00e9t\u00e9ran de 30 ans au sein de la communaut\u00e9 financi\u00e8re f\u00e9d\u00e9rale et premier directeur parlementaire du budget du Canada, est un guide exhaustif de l\u2019initi\u00e9 aux facettes essentielles du cycle financier. L\u2019<a href=\"http:\/\/ifsd.ca\/fr\/\" target=\"_blank\" rel=\"noopener\">Institut des finances publiques et de la d\u00e9mocratie (IFPD)<\/a> a offert ce cours pratique et interactif \u00e0 deux cohortes de 20 apprenants de partout au pays, en septembre et en octobre dernier. Le cours portait sur cinq modules dont la diligence raisonnable et l\u2019\u00e9tablissement des co\u00fbts, le budget, les pr\u00e9visions, le cycle financier et les communications efficaces.<\/p>\n<h2>Candidats retenus<\/h2>\n<table width=\"648\">\n<tbody>\n<tr>\n<td width=\"162\">Wendy Boisvert<\/td>\n<td width=\"162\">David Charlebois<\/td>\n<td width=\"162\">Sereen Choueiri<\/td>\n<td width=\"162\">Marie-\u00c8ve C\u00f4t\u00e9<\/td>\n<\/tr>\n<tr>\n<td width=\"162\">Tina Courchesne Savard<\/td>\n<td width=\"162\">Ioana Damian<\/td>\n<td width=\"162\">Mike Davis<\/td>\n<td width=\"162\">Isabelle Desnoyers<\/td>\n<\/tr>\n<tr>\n<td width=\"162\">Kathleen Dmytryshyn<\/td>\n<td width=\"162\">Chantal Laberge<\/td>\n<td width=\"162\">Yang Liu<\/td>\n<td width=\"162\">Tonya MacNeill des Ormeaux<\/td>\n<\/tr>\n<tr>\n<td width=\"162\">Kathryn McCarthy<\/td>\n<td width=\"162\">Victoria McDougall<\/td>\n<td width=\"162\">Joseph Morasse<\/td>\n<td width=\"162\">Thomas Nakamaru<\/td>\n<\/tr>\n<tr>\n<td width=\"162\">Line Leduc<\/td>\n<td width=\"162\">Junko Pr\u00e9fontaine<\/td>\n<td width=\"162\">Jesleen Rai<\/td>\n<td width=\"162\">Xin Ning Wang<\/td>\n<\/tr>\n<tr>\n<td width=\"162\">Susan Benjamin<\/td>\n<td width=\"162\">Michel Benoit<\/td>\n<td width=\"162\">Viviana Chan<\/td>\n<td width=\"162\">Nathalie Chane-Kive<\/td>\n<\/tr>\n<tr>\n<td width=\"162\">Emmanuelle Fortier<\/td>\n<td width=\"162\">David Griffin<\/td>\n<td width=\"162\">Soneviseth Bounsong<\/td>\n<td width=\"162\">Monique Krempig<\/td>\n<\/tr>\n<tr>\n<td width=\"162\">Lily Li<\/td>\n<td width=\"162\">Chris MacDonald<\/td>\n<td width=\"162\">Omar Nait Ouagous<\/td>\n<td width=\"162\">Shantanu Rao<\/td>\n<\/tr>\n<tr>\n<td width=\"162\">Joan Man<\/td>\n<td width=\"162\">Mustafa Saleh<\/td>\n<td width=\"162\">Yumna Siddiqui-Khan<\/td>\n<td width=\"162\">Anna Skoczylas<\/td>\n<\/tr>\n<tr>\n<td width=\"162\">Lisa Smith<\/td>\n<td width=\"162\">Erinn Sunderland<\/td>\n<td width=\"162\">Hue Tang<\/td>\n<td width=\"162\">Xing Wang<\/td>\n<\/tr>\n<\/tbody>\n<\/table>\n<h3>Programme d\u2019\u00e9change FI<\/h3>\n<p>Gr\u00e2ce au Programme d\u2019\u00e9change, 50 FI ont eu l\u2019occasion unique de sillonner le pays pendant une semaine et de mieux comprendre les fonctions, les d\u00e9fis et la culture des minist\u00e8res qui sont le quotidien de leurs coll\u00e8gues des autres r\u00e9gions. Vingt-cinq FI de la RCN se sont rendus aupr\u00e8s de leurs coll\u00e8gues \u00e0 Toronto et \u00e0 Montr\u00e9al, alors que 25 FI d\u2019autres r\u00e9gions se sont d\u00e9plac\u00e9s jusqu\u2019\u00e0 Ottawa.<\/p>\n<p>En plus de pouvoir observer, par roulement, leurs coll\u00e8gues au travail, les participants ont pu entendre la vision des cadres sup\u00e9rieurs et des leaders de la communaut\u00e9 des FI et r\u00e9seauter avec des FI d\u2019autres r\u00e9gions et d\u2019autres minist\u00e8res. Les participants r\u00e9gionaux ont pu rencontrer le BCG pour en savoir plus sur le SCT et le perfectionnement de la communaut\u00e9 de gestion financi\u00e8re. Pour leur part, les participants de la RCN ont pu particip\u00e9 \u00e0 la Mise au point r\u00e9gionale.<\/p>\n<p>\u00ab\u00a0<em>J\u2019ai pris plaisir \u00e0 rencontrer mes coll\u00e8gues FI de diff\u00e9rents niveaux et de diff\u00e9rents minist\u00e8res. Nous avons pu \u00e9changer les uns avec les autres sur les pratiques exemplaires \u00e0 retenir<\/em>\u00a0\u00bb, de dire l\u2019un des participants au programme.<\/p>\n<h2>Participants \u00e0 l\u2019\u00e9change FI \u2013 1<sup>re<\/sup> semaine (24 au 28 septembre, Ottawa)<\/h2>\n<h2>SCC, SCT et GAC<\/h2>\n<table>\n<tbody>\n<tr>\n<td width=\"156\">Emma Alday<\/td>\n<td width=\"156\">Saghi Bitaraf<\/td>\n<td width=\"156\">Marc Cormier<\/td>\n<td width=\"156\">Robbie Densmore<\/td>\n<\/tr>\n<tr>\n<td width=\"156\">Darlene Edouard<\/td>\n<td width=\"156\">Ashraf Ghali<\/td>\n<td width=\"156\">Muhammad Khan<\/td>\n<td width=\"156\">Natacha Breau<\/td>\n<\/tr>\n<tr>\n<td width=\"156\">Alex Robichaud<\/td>\n<td width=\"156\">Sara Saddiki<\/td>\n<td width=\"156\">Diane Wood<\/td>\n<td width=\"156\">Trevor Vigfusson<\/td>\n<\/tr>\n<\/tbody>\n<\/table>\n<h2>Participants \u00e0 l\u2019\u00e9change FI \u2013 2<sup>e<\/sup> semaine (15 au 19 octobre, Toronto)<\/h2>\n<h2>EDSC et SPAC<\/h2>\n<table width=\"658\">\n<tbody>\n<tr>\n<td width=\"172\">Daniel Da Silva<\/td>\n<td width=\"162\">Rene Haddad<\/td>\n<td width=\"162\">Jing Ke (Jenny) Han<\/td>\n<td width=\"162\">Magdalen Kayanja<\/td>\n<\/tr>\n<tr>\n<td width=\"172\">Micheline Khouri<\/td>\n<td width=\"162\">David (Chun Yu) Lao<\/td>\n<td width=\"162\">David Maclean<\/td>\n<td width=\"162\">Nicholas Mahon<\/td>\n<\/tr>\n<tr>\n<td width=\"172\">David Medhin<\/td>\n<td width=\"162\">Patricia Murat<\/td>\n<td width=\"162\">Yan Wu<\/td>\n<td width=\"162\">Jia Qi (Jackie) Yang<\/td>\n<\/tr>\n<\/tbody>\n<\/table>\n<h2>Participants \u00e0 l\u2019\u00e9change FI \u2013 3<sup>e<\/sup> semaine (5 au 9 novembre, Montr\u00e9al)<\/h2>\n<h2>EDSC, DEC et SCC<\/h2>\n<table>\n<tbody>\n<tr>\n<td width=\"156\">Francine Beauchamp<\/td>\n<td width=\"156\">Abdeljabbar Chokki<\/td>\n<td width=\"156\">Martin Dorner<\/td>\n<td width=\"156\">Melanie Germain<\/td>\n<\/tr>\n<tr>\n<td width=\"156\">Denise Guenette<\/td>\n<td width=\"156\">Audrey Guilbert<\/td>\n<td width=\"156\">Hristo Kumchev<\/td>\n<td width=\"156\">Sophie L\u00e9pine<\/td>\n<\/tr>\n<tr>\n<td width=\"156\">Duc-Tri Nguyen<\/td>\n<td width=\"156\">James Rimmer<\/td>\n<td width=\"156\">Karine Surprenant<\/td>\n<td width=\"156\">Vivien Zhao<\/td>\n<\/tr>\n<tr>\n<td width=\"156\">Xinning Zheng<\/td>\n<td width=\"156\"><\/td>\n<td width=\"156\"><\/td>\n<td width=\"156\"><\/td>\n<\/tr>\n<\/tbody>\n<\/table>\n<h2>Participants \u00e0 l\u2019\u00e9change FI \u2013 4<sup>e <\/sup>semaine (3 au 7 d\u00e9cembre, Ottawa)<\/h2>\n<h2>SCT, EDSC et SPAC<\/h2>\n<table>\n<tbody>\n<tr>\n<td width=\"156\">Matthew Buchanan<\/td>\n<td width=\"156\">Robert Cerone<\/td>\n<td width=\"156\">Christian Dupuis<\/td>\n<td width=\"156\">Anna Essex<\/td>\n<\/tr>\n<tr>\n<td width=\"156\">Zhi Yi Fang<\/td>\n<td width=\"156\">Darlene MacKenzie<\/td>\n<td width=\"156\">Diane Nguyen<\/td>\n<td width=\"156\">Jane Palmer<\/td>\n<\/tr>\n<tr>\n<td width=\"156\">Ghislain Pigeon<\/td>\n<td width=\"156\">Jillian Wabugwe<\/td>\n<td width=\"156\">Rakelle Woldeyes<\/td>\n<td width=\"156\">Wai Mun (Vivian) Wong<\/td>\n<\/tr>\n<tr>\n<td width=\"156\">Kathy Yan<\/td>\n<td width=\"156\"><\/td>\n<td width=\"156\"><\/td>\n<td width=\"156\"><\/td>\n<\/tr>\n<\/tbody>\n<\/table>\n<h3>Cours de formation en leadership authentique<\/h3>\n<p><a href=\"https:\/\/www.trilliumteams.com\/\" target=\"_blank\" rel=\"noopener\">Trillium Teams<\/a> a offert ce cours de deux jours \u00e0 Ottawa et a aid\u00e9 trois cohortes de 75 FI, venus des quatre coins au pays, \u00e0 d\u00e9couvrir leur style de leadership authentique, afin de devenir des communicateurs plus efficaces et des leaders plus engageants.<\/p>\n<p>Le cours, qui fait appel \u00e0 la pr\u00e9sentation magistrale, au temps de r\u00e9flexion personnelle, au travail en \u00e9quipes de deux et au travail en groupe, a port\u00e9 sur les sujets suivants\u00a0:<\/p>\n<ul>\n<li>l\u2019intelligence \u00e9motionnelle et en quoi elle est utile au leadership,<\/li>\n<li>le mod\u00e8le comportemental DISC, afin de mieux comprendre comment communiquer plus efficacement,<\/li>\n<li>les conversations difficiles, le d\u00e9fi constant du leader et<\/li>\n<li>le leadership narratif qui est au c\u0153ur de la communication m\u00e9morable.<\/li>\n<\/ul>\n<h2>Candidats retenus<\/h2>\n<table>\n<tbody>\n<tr>\n<td width=\"156\">Yasir Ahmed<\/td>\n<td width=\"156\">Leena Anand<\/td>\n<td width=\"156\">Heather Barrett<\/td>\n<td width=\"156\">M\u00e9lanie Bolduc<\/td>\n<\/tr>\n<tr>\n<td width=\"156\">Lorenzo Bracci<\/td>\n<td width=\"156\">Mariana Calles<\/td>\n<td width=\"156\">Susan Cordeiro<\/td>\n<td width=\"156\">Yuyi Deng<\/td>\n<\/tr>\n<tr>\n<td width=\"156\">Minjue Deng<\/td>\n<td width=\"156\">Angela Doiron<\/td>\n<td width=\"156\">Remi Donelle<\/td>\n<td width=\"156\">Sophie Drapeau<\/td>\n<\/tr>\n<tr>\n<td width=\"156\">Manon Durand<\/td>\n<td width=\"156\">Jason Gallie<\/td>\n<td width=\"156\">Tania Gardner<\/td>\n<td width=\"156\">Julie Houle<\/td>\n<\/tr>\n<tr>\n<td width=\"156\">Yi Qing Huang<\/td>\n<td width=\"156\">Amal Khatib<\/td>\n<td width=\"156\">Frederic Lareau<\/td>\n<td width=\"156\">Wei-Chun Ling<\/td>\n<\/tr>\n<tr>\n<td width=\"156\">Imelda Lloren<\/td>\n<td width=\"156\">Kyle McLean<\/td>\n<td width=\"156\">Gloriose Mutamuliza<\/td>\n<td width=\"156\">Sylvie Nadeau-Janelle<\/td>\n<\/tr>\n<tr>\n<td width=\"156\">Rafik Orfali<\/td>\n<td width=\"156\">Chantal Renaud<\/td>\n<td width=\"156\">Topo Fu<\/td>\n<td width=\"156\">St\u00e9phanie St-Jean<\/td>\n<\/tr>\n<tr>\n<td width=\"156\">Shirley Zeng<\/td>\n<td width=\"156\">Nadim Assouad<\/td>\n<td width=\"156\">Roberto Dal Grande<\/td>\n<td width=\"156\">Christopher Deal<\/td>\n<\/tr>\n<tr>\n<td width=\"156\">Franziska Dubach<\/td>\n<td width=\"156\">Karla Gascon<\/td>\n<td width=\"156\">Melissa Gurova<\/td>\n<td width=\"156\">Ying Huggins<\/td>\n<\/tr>\n<tr>\n<td width=\"156\">Shivani Jain<\/td>\n<td width=\"156\">Peter Korosi<\/td>\n<td width=\"156\">Mike Lightstone<\/td>\n<td width=\"156\">M\u00e9lanie Michaud<\/td>\n<\/tr>\n<tr>\n<td width=\"156\">Prashanthi Nadarajah<\/td>\n<td width=\"156\">Mathilde Ngo Mbom<\/td>\n<td width=\"156\">Danielle Pierce<\/td>\n<td width=\"156\">Abderrahim Boussani<\/td>\n<\/tr>\n<tr>\n<td width=\"156\">Sean Russell<\/td>\n<td width=\"156\">Maureen Salem<\/td>\n<td width=\"156\">James Sapp<\/td>\n<td width=\"156\">Hassan Souleiman<\/td>\n<\/tr>\n<tr>\n<td width=\"156\">Dwayne Talsma<\/td>\n<td width=\"156\">Ben Watson<\/td>\n<td width=\"156\">Shelian Williams<\/td>\n<td width=\"156\">Sissy Wong<\/td>\n<\/tr>\n<tr>\n<td width=\"156\">Wen Zhang<\/td>\n<td width=\"156\">Jeffrey Allo<\/td>\n<td width=\"156\">Lise Arsenault<\/td>\n<td width=\"156\">Chantal Aubin<\/td>\n<\/tr>\n<tr>\n<td width=\"156\">Patrizia Diodati<\/td>\n<td width=\"156\">Caroline Dulude<\/td>\n<td width=\"156\">Najat Fouadi<\/td>\n<td width=\"156\">Marie-Claude Gagnon<\/td>\n<\/tr>\n<tr>\n<td width=\"156\">Marc Guerrier<\/td>\n<td width=\"156\">Christine Habimana Mukandilima<\/td>\n<td width=\"156\">Karen Hall<\/td>\n<td width=\"156\">Danielle Harris<\/td>\n<\/tr>\n<tr>\n<td width=\"156\">Jean-Francois Jolette<\/td>\n<td width=\"156\">Tanos Kairouz<\/td>\n<td width=\"156\">Sylvie Labelle<\/td>\n<td width=\"156\">Nabila Lagmiri<\/td>\n<\/tr>\n<tr>\n<td width=\"156\">David Latreille<\/td>\n<td width=\"156\">Denise Levecque<\/td>\n<td width=\"156\">St\u00e9phanie Maltais<\/td>\n<td width=\"156\">Beno\u00eet Mass\u00e9<\/td>\n<\/tr>\n<tr>\n<td width=\"156\">H\u00e9l\u00e8ne Meloche<\/td>\n<td width=\"156\">Eileen Lem<\/td>\n<td width=\"156\">Ryan Poon<\/td>\n<td width=\"156\">Daniela Popescu<\/td>\n<\/tr>\n<tr>\n<td width=\"156\">Fatima Rahhali<\/td>\n<td width=\"156\">Karim Sabtaoui<\/td>\n<td width=\"156\">Susan Spohr<\/td>\n<td width=\"156\">Rosalinda Lattanzio<\/td>\n<\/tr>\n<\/tbody>\n<\/table>\n<h3>Cours de pr\u00e9paration \u00e0 l\u2019EFC<\/h3>\n<p><a href=\"https:\/\/www.dcscpa.com\/CFE\/CFE-2018\" target=\"_blank\" rel=\"noopener\">Densmore<\/a> a offert ce cours \u00e0 34 FI qui s\u2019appr\u00eataient \u00e0 subir leur examen (\u00e9valuation finale commune) en septembre 2018. Ainsi, ils ont pu acqu\u00e9rir des strat\u00e9gies d\u2019approche et perfectionner leurs comp\u00e9tences avant de se pr\u00e9senter \u00e0 l\u2019examen de trois jours. Les candidats d\u2019expression fran\u00e7aise ont pu obtenir cette formation en ligne gr\u00e2ce \u00e0 LCG Coaching, CPA Inc.<\/p>\n<h2>Candidats retenus<\/h2>\n<table>\n<tbody>\n<tr>\n<td width=\"156\">Carolyn Allen<\/td>\n<td width=\"156\">Lhoussaine Aitzaid<\/td>\n<td width=\"156\">Marie Anoman<\/td>\n<td width=\"156\">Abdul Ashrad<\/td>\n<\/tr>\n<tr>\n<td width=\"156\">Joshua Brown<\/td>\n<td width=\"156\">Thomas Budnick<\/td>\n<td width=\"156\">Suru (Elisee) Cakpo<\/td>\n<td width=\"156\">Brodie Carter<\/td>\n<\/tr>\n<tr>\n<td width=\"156\">Brandon DeRose<\/td>\n<td width=\"156\">Ousmane Diallo<\/td>\n<td width=\"156\">Olga Dolghi<\/td>\n<td width=\"156\">Elysia Drost<\/td>\n<\/tr>\n<tr>\n<td width=\"156\">Jonathan Eliuk<\/td>\n<td width=\"156\">Themiya Ellepola<\/td>\n<td width=\"156\">Anitha Ganesan<\/td>\n<td width=\"156\">Drew Goyens<\/td>\n<\/tr>\n<tr>\n<td width=\"156\">Tommy Lee Gu\u00e9rette<\/td>\n<td width=\"156\">Russ Hicks<\/td>\n<td width=\"156\">Sorina Ioan<\/td>\n<td width=\"156\">Kelvin Lee<\/td>\n<\/tr>\n<tr>\n<td width=\"156\">Di Liu<\/td>\n<td width=\"156\">Christina Ly<\/td>\n<td width=\"156\">Kevin McIlvenna<\/td>\n<td width=\"156\">Melissa Ricco<\/td>\n<\/tr>\n<tr>\n<td width=\"156\">Christopher Ritchie<\/td>\n<td width=\"156\">Hussein Sabbah<\/td>\n<td width=\"156\">Amadou Salifou<\/td>\n<td width=\"156\">Jia Yun Song<\/td>\n<\/tr>\n<tr>\n<td width=\"156\">Laila Taga<\/td>\n<td width=\"156\">Thuy Tran<\/td>\n<td width=\"156\">Sabrina Trieu<\/td>\n<td width=\"156\">Boramy Ty<\/td>\n<\/tr>\n<tr>\n<td width=\"156\">Nicholas Young<\/td>\n<td width=\"156\">Vincent Yu<\/td>\n<td width=\"156\"><\/td>\n<td width=\"156\"><\/td>\n<\/tr>\n<\/tbody>\n<\/table>\n<h3>Formation linguistique<\/h3>\n<p>100 FI ont \u00e9t\u00e9 retenus \u00e0 la grandeur du pays pour suivre 25 heures de formation individuelle en pr\u00e9sence d\u2019un tuteur. L\u2019ordonnancement de la formation de chaque apprenant \u00e9tait souple, soit une formation \u00e0 temps partiel ou une formation \u00e0 temps plein. L\u2019\u00c9cole de langues La Cit\u00e9 a offert cette formation aux FI de la RCN, alors que les FI en r\u00e9gion ont pu choisir entre les services de leur propre fournisseur, approuv\u00e9 par le gouvernement, et la formation \u00e0 distance assur\u00e9e par l\u2019entremise de l\u2019\u00c9cole de langues La Cit\u00e9.<\/p>\n<p>\u00ab\u00a0<em>Je suis content d\u2019avoir pu b\u00e9n\u00e9ficier de cette formation linguistique sous les auspices de l\u2019ACAF et du BCG, car c\u2019\u00e9tait l\u00e0 l\u2019occasion r\u00eav\u00e9e de parfaire mes connaissances et de me perfectionner<\/em>\u00a0\u00bb, de dire un FI.<\/p>\n<p>La formation linguistique se poursuit jusqu\u2019au 31 mars 2019 et la liste des candidats peut \u00eatre modifi\u00e9e en tout temps. Advenant une vacance, nous communiquerons directement avec les candidats en t\u00eate de liste pour leur fournir plus de pr\u00e9cisions.<\/p>\n<h2>Candidats retenus<\/h2>\n<table>\n<tbody>\n<tr>\n<td width=\"156\">Adebayo Aina<\/td>\n<td width=\"156\">Shahzada Akhtar<\/td>\n<td width=\"156\">Kanchan Alamelu<\/td>\n<td width=\"156\">Nada Almaghrawi<\/td>\n<\/tr>\n<tr>\n<td width=\"156\">Tricia Anderson<\/td>\n<td width=\"156\">Angelo Asimakopoulos<\/td>\n<td width=\"156\">Marie-Claude Aubin<\/td>\n<td width=\"156\">Mariana Teodora Barbunca<\/td>\n<\/tr>\n<tr>\n<td width=\"156\">Fouad Ben-Ohoud<\/td>\n<td width=\"156\">Luigi Bonacci<\/td>\n<td width=\"156\">Sophie Bonneau<\/td>\n<td width=\"156\">Nabil Bounagua<\/td>\n<\/tr>\n<tr>\n<td width=\"156\">Jos\u00e9e Carri\u00e8re<\/td>\n<td width=\"156\">R\u00e9ginald Ch\u00e2telain<\/td>\n<td width=\"156\">Chlo\u00e9 Cheng<\/td>\n<td width=\"156\">Danielle Ch\u00e9nier<\/td>\n<\/tr>\n<tr>\n<td width=\"156\">Tamara Chiu<\/td>\n<td width=\"156\">Jennifer Clavel<\/td>\n<td width=\"156\">Jacinthe C\u00f4t\u00e9<\/td>\n<td width=\"156\">Sylvie Couillard<\/td>\n<\/tr>\n<tr>\n<td width=\"156\">Peter Crowley<\/td>\n<td width=\"156\">Anh Day Chief<\/td>\n<td width=\"156\">Gayathri De Silva<\/td>\n<td width=\"156\">Mame Fatou Diop<\/td>\n<\/tr>\n<tr>\n<td width=\"156\">Samia Ferchichi<\/td>\n<td width=\"156\">Stephanie Fullerton<\/td>\n<td width=\"156\">Donna Fung<\/td>\n<td width=\"156\">Nara Gasparyan<\/td>\n<\/tr>\n<tr>\n<td width=\"156\">Arsen Gasparyan<\/td>\n<td width=\"156\">Li Gerolami<\/td>\n<td width=\"156\">Ion Ginga<\/td>\n<td width=\"156\">Barry Gleich<\/td>\n<\/tr>\n<tr>\n<td width=\"156\">Yu ting Gong<\/td>\n<td width=\"156\">Borys Goscicki<\/td>\n<td width=\"156\">Nicole Gowan<\/td>\n<td width=\"156\">Dan Greene<\/td>\n<\/tr>\n<tr>\n<td width=\"156\">Lessia Harvey<\/td>\n<td width=\"156\">Susan Hillier<\/td>\n<td width=\"156\">Amy Ho<\/td>\n<td width=\"156\">Evan Ho<\/td>\n<\/tr>\n<tr>\n<td width=\"156\">Ozair Husain<\/td>\n<td width=\"156\">Melissa Ismail<\/td>\n<td width=\"156\">Amelia King<\/td>\n<td width=\"156\">Maxime Labrecque<\/td>\n<\/tr>\n<tr>\n<td width=\"156\">\u00c9ric Lachaine<\/td>\n<td width=\"156\">Emily Larocque<\/td>\n<td width=\"156\">Tanya Leger<\/td>\n<td width=\"156\">Lisa Liang<\/td>\n<\/tr>\n<tr>\n<td width=\"156\">Stella Liu<\/td>\n<td width=\"156\">Sonthonax Lombard<\/td>\n<td width=\"156\">Mylene Lu<\/td>\n<td width=\"156\">Marilyn Luong<\/td>\n<\/tr>\n<tr>\n<td width=\"156\">Sondos Mabrouk<\/td>\n<td width=\"156\">Anny Maill\u00e9<\/td>\n<td width=\"156\">Faisal Mamun<\/td>\n<td width=\"156\">Lisa Margeson<\/td>\n<\/tr>\n<tr>\n<td width=\"156\">Helen Mitchell<\/td>\n<td width=\"156\">Michael Morris<\/td>\n<td width=\"156\">Kaniki Mutonkole<\/td>\n<td width=\"156\">Rani Naoufal<\/td>\n<\/tr>\n<tr>\n<td width=\"156\">Muhammad Ali Nasir<\/td>\n<td width=\"156\">Annie Ntumba-Kanyinda<\/td>\n<td width=\"156\">Katie Oatway<\/td>\n<td width=\"156\">Dominique Pag\u00e9<\/td>\n<\/tr>\n<tr>\n<td width=\"156\">Di Pang<\/td>\n<td width=\"156\">Ludovic Pepin<\/td>\n<td width=\"156\">Debra Peters<\/td>\n<td width=\"156\">Micheline Provick<\/td>\n<\/tr>\n<tr>\n<td width=\"156\">Yuan Qin<\/td>\n<td width=\"156\">Gracy Ragheb<\/td>\n<td width=\"156\">Vennila Ramachandran<\/td>\n<td width=\"156\">Tammy Robertson<\/td>\n<\/tr>\n<tr>\n<td width=\"156\">Christine Robinson<\/td>\n<td width=\"156\">Mark Ross<\/td>\n<td width=\"156\">Annick Routhier<\/td>\n<td width=\"156\">Christian Roy<\/td>\n<\/tr>\n<tr>\n<td width=\"156\">Shane Sabga<\/td>\n<td width=\"156\">Derek Sequeira<\/td>\n<td width=\"156\">Samantha Shaw<\/td>\n<td width=\"156\">Bernadette Sia<\/td>\n<\/tr>\n<tr>\n<td width=\"156\">Harvinder Sian<\/td>\n<td width=\"156\">Jacinthe Simoneau<\/td>\n<td width=\"156\">Alazhar Sisay<\/td>\n<td width=\"156\">Nick Spanos<\/td>\n<\/tr>\n<tr>\n<td width=\"156\">Karine St-Louis<\/td>\n<td width=\"156\">Ghazala Syed<\/td>\n<td width=\"156\">Lily Tang<\/td>\n<td width=\"156\">Tameka Thomas<\/td>\n<\/tr>\n<tr>\n<td width=\"156\">Vanessa Tran<\/td>\n<td width=\"156\">Annie Trepanier<\/td>\n<td width=\"156\">Clara Tsim<\/td>\n<td width=\"156\">Lily Wang<\/td>\n<\/tr>\n<tr>\n<td width=\"156\">Yun Xu<\/td>\n<td width=\"156\">Tom Yang<\/td>\n<td width=\"156\">Gang Yin<\/td>\n<td width=\"156\">Rana Yorke<\/td>\n<\/tr>\n<tr>\n<td width=\"156\">Nancy Zhang<\/td>\n<td width=\"156\">Xinguo (Tracy) Zhao<\/td>\n<td width=\"156\">Si Chen Zhou<\/td>\n<td width=\"156\">Yuan Zhu<\/td>\n<\/tr>\n<\/tbody>\n<\/table>\n","protected":false},"excerpt":{"rendered":"<p>Lors de la deuxi\u00e8me ann\u00e9e du Programme mixte de perfectionnement professionnel (PMPP), offert conjointement avec le Bureau du contr\u00f4leur g\u00e9n\u00e9ral [&hellip;]<\/p>\n","protected":false},"author":0,"featured_media":1599,"comment_status":"closed","ping_status":"closed","sticky":false,"template":"","format":"standard","meta":{"_acf_changed":false,"footnotes":""},"categories":[50],"tags":[],"class_list":["post-3382","post","type-post","status-publish","format-standard","has-post-thumbnail","hentry","category-perfectionnement-professionnel"],"acf":{"categories":[50],"groups":false,"canBeFeatured":false},"_links":{"self":[{"href":"https:\/\/www.acfo-acaf.com\/fr\/wp-json\/wp\/v2\/posts\/3382","targetHints":{"allow":["GET"]}}],"collection":[{"href":"https:\/\/www.acfo-acaf.com\/fr\/wp-json\/wp\/v2\/posts"}],"about":[{"href":"https:\/\/www.acfo-acaf.com\/fr\/wp-json\/wp\/v2\/types\/post"}],"replies":[{"embeddable":true,"href":"https:\/\/www.acfo-acaf.com\/fr\/wp-json\/wp\/v2\/comments?post=3382"}],"version-history":[{"count":0,"href":"https:\/\/www.acfo-acaf.com\/fr\/wp-json\/wp\/v2\/posts\/3382\/revisions"}],"acf:term":[{"embeddable":true,"taxonomy":"category","href":"https:\/\/www.acfo-acaf.com\/fr\/wp-json\/wp\/v2\/categories\/50"}],"wp:featuredmedia":[{"embeddable":true,"href":"https:\/\/www.acfo-acaf.com\/fr\/wp-json\/wp\/v2\/media\/1599"}],"wp:attachment":[{"href":"https:\/\/www.acfo-acaf.com\/fr\/wp-json\/wp\/v2\/media?parent=3382"}],"wp:term":[{"taxonomy":"category","embeddable":true,"href":"https:\/\/www.acfo-acaf.com\/fr\/wp-json\/wp\/v2\/categories?post=3382"},{"taxonomy":"post_tag","embeddable":true,"href":"https:\/\/www.acfo-acaf.com\/fr\/wp-json\/wp\/v2\/tags?post=3382"}],"curies":[{"name":"wp","href":"https:\/\/api.w.org\/{rel}","templated":true}]}}