{"id":3390,"date":"2018-11-16T11:14:07","date_gmt":"2018-11-16T11:14:07","guid":{"rendered":"https:\/\/www.acfo-acaf.com\/?p=11483"},"modified":"2018-11-16T11:14:07","modified_gmt":"2018-11-16T11:14:07","slug":"assemblee-generale-annuelle-recapitulatif-resultats-et-photos","status":"publish","type":"post","link":"https:\/\/www.acfo-acaf.com\/fr\/assemblee-generale-annuelle-recapitulatif-resultats-et-photos\/","title":{"rendered":"Assembl\u00e9e g\u00e9n\u00e9rale annuelle : r\u00e9capitulatif, r\u00e9sultats et photos"},"content":{"rendered":"\n<p>L\u2019ACAF a tenu son assembl\u00e9e g\u00e9n\u00e9rale annuelle le mercredi 7 novembre dernier, \u00e0 Montr\u00e9al. C\u2019\u00e9tait la premi\u00e8re fois que l\u2019AGA avait lieu \u00e0 l\u2019ext\u00e9rieur de la r\u00e9gion de la capitale nationale et c\u2019\u00e9tait r\u00e9jouissant de voir autant de nouveaux participants dans l\u2019auditoire. Nous remercions \u00e9galement ceux qui y ont particip\u00e9 par t\u00e9l\u00e9conf\u00e9rence et ceux qui ont pris le temps de voter \u00e0 la veille de l\u2019\u00e9v\u00e9nement (voir tous les r\u00e9sultats ci-apr\u00e8s). L\u2019ACAF est votre syndicat et votre participation est capitale pour d\u00e9cider de ses priorit\u00e9s et de son orientation future. Nous reviendrons \u00e0 Ottawa pour l\u2019AGA de 2019, mais nous envisageons tenir celle-ci dans d\u2019autres r\u00e9gions \u00e0 l\u2019avenir \u00e0 la lumi\u00e8re du succ\u00e8s que nous avons connu cette ann\u00e9e.<\/p>\n<h2>Rapport annuel de l\u2019ACAF<\/h2>\n<p>La soir\u00e9e a essentiellement port\u00e9 sur les faits saillants du rapport annuel de 2018 et le budget de 2019, tels que pr\u00e9sent\u00e9s par Dany Richard, pr\u00e9sident de l\u2019ACAF.<\/p>\n<p><a href=\"https:\/\/www.acfo-acaf.com\/wp-content\/uploads\/2018\/11\/AnnualReport-FR.pdf\" target=\"_blank\" rel=\"noopener\">Si vous voulez jetez un coup d\u2019\u0153il au rapport annuel veuillez cliquer ici.<\/a><\/p>\n<p>Les membres ont pu obtenir, par courriel, des exemplaires du budget et des \u00e9tats financiers v\u00e9rifi\u00e9s avant la tenue de l\u2019AGA. Les membres ont pu \u00e9galement en faire la demande \u00e0 <a href=\"mailto:information@acfo-acaf.com\">information@acfo-acaf.com<\/a>.<\/p>\n<h2>Programme de bourses d\u2019\u00e9tudes de l\u2019ACAF<\/h2>\n<p>En plus de faire le survol du rapport annuel de l\u2019ACAF et de r\u00e9pondre aux questions des membres sur place, Dany Richard a annonc\u00e9 les laur\u00e9ats du Programme de bourses d\u2019\u00e9tudes de l\u2019ACAF. L\u2019ACAF octroie ces bourses \u00e0 chaque ann\u00e9e pour favoriser l\u2019apprentissage permanent de ses membres et de leurs personnes \u00e0 charge.<\/p>\n<p><strong>Bourse d\u2019\u00e9tudes Merdon Hosking pour les jeunes <\/strong><\/p>\n<ul>\n<li>Hovhannes Gasparyan<\/li>\n<li>Lilit Gasparyan<\/li>\n<\/ul>\n<p><strong>Bourse d\u2019\u00e9tudes professionnelles de la communaut\u00e9 FI<\/strong><\/p>\n<ul>\n<li>Daniel Da Silva<\/li>\n<li>Gowthtiriga Nirmalathithakumar<\/li>\n<\/ul>\n<p>Pour plus de pr\u00e9cisions sur les bourses d\u2019\u00e9tudes : https:\/\/www.acfo-acaf.com\/fr\/perfectionnement-professionnel\/programme-de-bourses-detudes-de-lacaf\/.<\/p>\n<h2>R\u00e9sultats du scrutin<\/h2>\n<p>Les membres ont eu \u00e0 \u00e9lire un administrateur \u00e0 un poste vacant au conseil d\u2019administration et \u00e0 ratifier plusieurs r\u00e9solutions. Le d\u00e9roulement du scrutin est surveill\u00e9 par un tiers ind\u00e9pendant et les r\u00e9sultats sont v\u00e9rifi\u00e9s par les v\u00e9rificateurs de l\u2019ACAF. Ci-apr\u00e8s tous les r\u00e9sultats du scrutin\u00a0:<\/p>\n<p>R\u00e9solution n<sup>o<\/sup> 1 (Adoption du proc\u00e8s-verbal de l\u2019AGA de 2017)<\/p>\n<ul>\n<li>Pour : 550<\/li>\n<li>Contre\u00a0: 4<\/li>\n<\/ul>\n<p>R\u00e9solution n<sup>o<\/sup> 2 (Adoption des \u00e9tats financiers v\u00e9rifi\u00e9s)<\/p>\n<ul>\n<li>Pour : 546<\/li>\n<li>Contre : 6<\/li>\n<\/ul>\n<p>R\u00e9solution n<sup>o<\/sup> 3 (Adoption du budget de 2019)<\/p>\n<ul>\n<li>Pour : 528<\/li>\n<li>Contre : 21<\/li>\n<\/ul>\n<p>R\u00e9solution n<sup>o<\/sup> 4 (Adoption, nomination des v\u00e9rificateurs)<\/p>\n<ul>\n<li>Pour : 540<\/li>\n<li>Contre : 13<\/li>\n<\/ul>\n<p>Administrateur (trice)<\/p>\n<ul>\n<li>Ian Boyle : 238<\/li>\n<li>Natacha Ruiz Tardif : 223<\/li>\n<li>Pat Grantis : 99<\/li>\n<\/ul>\n","protected":false},"excerpt":{"rendered":"<p>L\u2019ACAF a tenu son assembl\u00e9e g\u00e9n\u00e9rale annuelle le mercredi 7 novembre dernier, \u00e0 Montr\u00e9al. C\u2019\u00e9tait la premi\u00e8re fois que l\u2019AGA [&hellip;]<\/p>\n","protected":false},"author":0,"featured_media":1591,"comment_status":"closed","ping_status":"closed","sticky":false,"template":"","format":"standard","meta":{"_acf_changed":false,"footnotes":""},"categories":[38],"tags":[],"class_list":["post-3390","post","type-post","status-publish","format-standard","has-post-thumbnail","hentry","category-mise-jour"],"acf":{"categories":[38],"groups":false,"canBeFeatured":false},"_links":{"self":[{"href":"https:\/\/www.acfo-acaf.com\/fr\/wp-json\/wp\/v2\/posts\/3390","targetHints":{"allow":["GET"]}}],"collection":[{"href":"https:\/\/www.acfo-acaf.com\/fr\/wp-json\/wp\/v2\/posts"}],"about":[{"href":"https:\/\/www.acfo-acaf.com\/fr\/wp-json\/wp\/v2\/types\/post"}],"replies":[{"embeddable":true,"href":"https:\/\/www.acfo-acaf.com\/fr\/wp-json\/wp\/v2\/comments?post=3390"}],"version-history":[{"count":0,"href":"https:\/\/www.acfo-acaf.com\/fr\/wp-json\/wp\/v2\/posts\/3390\/revisions"}],"acf:term":[{"embeddable":true,"taxonomy":"category","href":"https:\/\/www.acfo-acaf.com\/fr\/wp-json\/wp\/v2\/categories\/38"}],"wp:featuredmedia":[{"embeddable":true,"href":"https:\/\/www.acfo-acaf.com\/fr\/wp-json\/wp\/v2\/media\/1591"}],"wp:attachment":[{"href":"https:\/\/www.acfo-acaf.com\/fr\/wp-json\/wp\/v2\/media?parent=3390"}],"wp:term":[{"taxonomy":"category","embeddable":true,"href":"https:\/\/www.acfo-acaf.com\/fr\/wp-json\/wp\/v2\/categories?post=3390"},{"taxonomy":"post_tag","embeddable":true,"href":"https:\/\/www.acfo-acaf.com\/fr\/wp-json\/wp\/v2\/tags?post=3390"}],"curies":[{"name":"wp","href":"https:\/\/api.w.org\/{rel}","templated":true}]}}