{"id":3396,"date":"2018-10-23T14:10:57","date_gmt":"2018-10-23T14:10:57","guid":{"rendered":"https:\/\/www.acfo-acaf.com\/?p=11369"},"modified":"2018-10-23T14:10:57","modified_gmt":"2018-10-23T14:10:57","slug":"le-27-novembre-retour-de-la-mise-au-point-regionale-en-c-b","status":"publish","type":"post","link":"https:\/\/www.acfo-acaf.com\/fr\/le-27-novembre-retour-de-la-mise-au-point-regionale-en-c-b\/","title":{"rendered":"Le 27 novembre \u2013 Retour de la Mise au point r\u00e9gionale en C.-B."},"content":{"rendered":"<p>La s\u00e9rie des mises au point r\u00e9gionales se poursuit jusqu\u2019\u00e0 la fin de l\u2019exercice 2018-2019. Les mises au point du pass\u00e9 ayant fait l\u2019objet d\u2019une critique fort positive, nous revenons \u00e0 Vancouver pour une autre journ\u00e9e compl\u00e8te de perfectionnement professionnel r\u00e9serv\u00e9e exclusivement aux FI avec des conf\u00e9renciers qui sauront les inspirer, des s\u00e9ances d\u2019information sur les initiatives les plus r\u00e9centes de l\u2019ACAF et l\u2019occasion de casser la cro\u00fbte avec leurs coll\u00e8gues.<\/p>\n<h3>S\u00e9ances et conf\u00e9renciers<\/h3>\n<p>L\u2019activit\u00e9 aura lieu le <strong>mardi 27 novembre<\/strong> au Vancouver Convention Centre (999 Canada Place) et comportera des ateliers engageants et \u00e9clairants avec <strong>Baltej Singh Dhillon<\/strong> et la <a href=\"http:\/\/drjotisamra.com\/\" target=\"_blank\" rel=\"noopener\"><strong>Dre Joti Samra<\/strong><\/a>.<\/p>\n<p>Fort d\u2019avoir d\u00e9fendu avec succ\u00e8s le droit d\u2019\u00eatre le premier membre de la GRC \u00e0 porter son turban Sikh traditionnel comme partie int\u00e9grante de son uniforme, l\u2019officier Dhillon parlera de son p\u00e9riple personnel d\u2019immigrant, conscient de l\u2019importance du leadership. Pour sa part, la Dre Samra rench\u00e9rira sur les th\u00e8mes de l\u2019officier Dhillon en abordant la sant\u00e9 mentale au travail et en aidant les participants \u00e0 \u00e9tablir un plan d\u2019action visant \u00e0 composer avec leurs facteurs de stress quotidiens.<\/p>\n<p>Les participants pourront aussi y entendre un expos\u00e9 du Bureau du contr\u00f4leur g\u00e9n\u00e9ral (BCG) en vue de les aider \u00e0 bonifier leurs comp\u00e9tences FI, suivi d\u2019un d\u00eener de style communal, gracieuset\u00e9 de l\u2019ACAF.<\/p>\n<p>L\u2019ordre du jour n\u2019est pas encore finalis\u00e9, mais les s\u00e9ances dureront de <strong>9 h 00 \u00e0 16 h 00<\/strong>. Nous inviterons aussi tous les participants \u00e0 un pub \u00e0 proximit\u00e9 pour poursuivre les conversations amorc\u00e9es durant la journ\u00e9e, et l\u2019ACAF offrira des amuse-gueules et deux consommations par personne.<\/p>\n<h3>H\u00e9bergement<\/h3>\n<p>Afin de garantir le maximum de participation et de permettre \u00e0 tous les membres FI de l\u2019ACAF de la r\u00e9gion de la C.-B. d\u2019y assister, l\u2019ACAF remboursera une nuit\u00e9e \u00e0 l\u2019h\u00f4tel \u00e0 ses membres qui se d\u00e9placeront de l\u2019ext\u00e9rieur de la r\u00e9gion de Vancouver (plus de 100 km de route de leur domicile ou de leur lieu de travail).<\/p>\n<p><strong>L\u2019ACAF ne d\u00e9dommagera pas les membres de leurs frais de d\u00e9placement ou de repas, etc.<\/strong>, mais elle les encourage \u00e0 demander \u00e0 leur employeur d\u2019absorber ces frais.<strong> Un nombre limit\u00e9 de chambres ont \u00e9t\u00e9 r\u00e9serv\u00e9es et seront affect\u00e9es sur la base du premier arriv\u00e9, premier servi, <\/strong>alors ne tardez pas \u00e0 vous inscrire!<\/p>\n<h3>Inscription<\/h3>\n<p>L\u2019activit\u00e9 est accessible gratuitement \u00e0 tous les membres de l\u2019ACAF. Pour vous inscrire, veuillez nous \u00e9crire \u00e0 l\u2019adresse\u00a0<a href=\"mailto:jcdp@acfo-acaf.com\">jcdp@acfo-acaf.com<\/a> en prenant soin de pr\u00e9ciser que vous voulez vous inscrire \u00e0 la <em>Mise au point de Vancouver<\/em>.\u00a0 N\u2019oubliez pas de nous communiquer vos nom et pr\u00e9nom, votre minist\u00e8re-employeur, s\u2019il vous faut une chambre \u00e0 l\u2019h\u00f4tel et si vous avez des restrictions alimentaires, car nous vous servirons un petit-d\u00e9jeuner continental et un d\u00e9jeuner \u00e0 trois services.<\/p>\n<p>Par ailleurs, les <a href=\"http:\/\/www.acfo-acaf.com\/2017\/10\/24\/acfo-events-now-classified-as-training-for-fis-without-a-designation\/\" target=\"_blank\" rel=\"noopener\">activit\u00e9s de l\u2019ACAF \u00e9tant r\u00e9put\u00e9es \u00eatre des activit\u00e9s de formation pour les FI<\/a>, n\u2019h\u00e9sitez pas \u00e0 communiquer avec nous si vous avez des questions ou des pr\u00e9occupations li\u00e9es \u00e0 l\u2019obtention d\u2019une autorisation de participer de votre employeur.<\/p>\n<p>Cette ann\u00e9e, les mises au point r\u00e9gionales sont financ\u00e9es \u00e0 m\u00eame le <a href=\"http:\/\/www.acfo-acaf.com\/professional-development\/jcdp\/jcdp-professional-development-programs\/\">Programme mixte de perfectionnement professionnel<\/a>\u00a0(PMPP) administr\u00e9 conjointement par l\u2019ACAF et le BCG<\/p>\n","protected":false},"excerpt":{"rendered":"<p>La s\u00e9rie des mises au point r\u00e9gionales se poursuit jusqu\u2019\u00e0 la fin de l\u2019exercice 2018-2019. Les mises au point du [&hellip;]<\/p>\n","protected":false},"author":0,"featured_media":1566,"comment_status":"closed","ping_status":"closed","sticky":false,"template":"","format":"standard","meta":{"_acf_changed":false,"footnotes":""},"categories":[38,50],"tags":[],"class_list":["post-3396","post","type-post","status-publish","format-standard","has-post-thumbnail","hentry","category-mise-jour","category-perfectionnement-professionnel"],"acf":{"categories":[38,50],"groups":false,"canBeFeatured":false},"_links":{"self":[{"href":"https:\/\/www.acfo-acaf.com\/fr\/wp-json\/wp\/v2\/posts\/3396","targetHints":{"allow":["GET"]}}],"collection":[{"href":"https:\/\/www.acfo-acaf.com\/fr\/wp-json\/wp\/v2\/posts"}],"about":[{"href":"https:\/\/www.acfo-acaf.com\/fr\/wp-json\/wp\/v2\/types\/post"}],"replies":[{"embeddable":true,"href":"https:\/\/www.acfo-acaf.com\/fr\/wp-json\/wp\/v2\/comments?post=3396"}],"version-history":[{"count":0,"href":"https:\/\/www.acfo-acaf.com\/fr\/wp-json\/wp\/v2\/posts\/3396\/revisions"}],"acf:term":[{"embeddable":true,"taxonomy":"category","href":"https:\/\/www.acfo-acaf.com\/fr\/wp-json\/wp\/v2\/categories\/50"},{"embeddable":true,"taxonomy":"category","href":"https:\/\/www.acfo-acaf.com\/fr\/wp-json\/wp\/v2\/categories\/38"}],"wp:featuredmedia":[{"embeddable":true,"href":"https:\/\/www.acfo-acaf.com\/fr\/wp-json\/wp\/v2\/media\/1566"}],"wp:attachment":[{"href":"https:\/\/www.acfo-acaf.com\/fr\/wp-json\/wp\/v2\/media?parent=3396"}],"wp:term":[{"taxonomy":"category","embeddable":true,"href":"https:\/\/www.acfo-acaf.com\/fr\/wp-json\/wp\/v2\/categories?post=3396"},{"taxonomy":"post_tag","embeddable":true,"href":"https:\/\/www.acfo-acaf.com\/fr\/wp-json\/wp\/v2\/tags?post=3396"}],"curies":[{"name":"wp","href":"https:\/\/api.w.org\/{rel}","templated":true}]}}