{"id":3420,"date":"2018-08-27T08:14:30","date_gmt":"2018-08-27T08:14:30","guid":{"rendered":"https:\/\/www.acfo-acaf.com\/?p=11233"},"modified":"2018-08-27T08:14:30","modified_gmt":"2018-08-27T08:14:30","slug":"le-10-octobre-la-mise-au-point-de-latlantique-en-reprise","status":"publish","type":"post","link":"https:\/\/www.acfo-acaf.com\/fr\/le-10-octobre-la-mise-au-point-de-latlantique-en-reprise\/","title":{"rendered":"Le 10 octobre : la Mise au point de l\u2019Atlantique en reprise !"},"content":{"rendered":"<p>La s\u00e9rie des mises au point r\u00e9gionales se poursuit jusqu\u2019\u00e0 la fin de l\u2019exercice 2018-2019. Les mises au point du pass\u00e9 ayant fait l\u2019objet d\u2019une critique fort positive, cet automne, la\u00a0<em>Mise au point de l\u2019Atlantique<\/em>offre gratuitement et exclusivement aux FI, une journ\u00e9e compl\u00e8te de conf\u00e9renciers qui sauront les inspirer, des s\u00e9ances d\u2019information sur les initiatives les plus r\u00e9centes de l\u2019ACAF et l\u2019occasion de casser la cro\u00fbte avec leurs coll\u00e8gues.<\/p>\n<h3>S\u00e9ances et conf\u00e9renciers<\/h3>\n<p>Cette activit\u00e9, qui aura lieu le mercredi 10 octobre prochain au Marriott Harbourfront Hotel (1 919, rue Upper Water) \u00e0 Halifax, en N.-\u00c9., pr\u00e9voit la tenue d\u2019un atelier d\u2019une demi-journ\u00e9e anim\u00e9 par\u00a0<a href=\"https:\/\/carolynstern.com\/\" target=\"_blank\" rel=\"noopener\"><strong>Carolyn Stern<\/strong><\/a>, sp\u00e9cialiste de l\u2019intelligence \u00e9motionnelle. Carolyn s\u2019emploie \u00e0 aider les professionnels \u00e0 r\u00e9aliser leur plein potentiel et, gr\u00e2ce \u00e0 ses enseignements, des milliers de gens, y compris pr\u00e8s de 300 FI, ont su gagner de l\u2019assurance, puis prendre des d\u00e9cisions et r\u00e9gler des probl\u00e8mes malgr\u00e9 des situations stressantes. Carolyn entretiendra les FI de leurs points forts et de leurs faiblesses, afin que chacun d\u2019entre eux puisse accro\u00eetre son intelligence \u00e9motionnelle et mettre \u00e0 contribution ses nouvelles connaissances et ainsi am\u00e9liorer sa vie personnelle et professionnelle.<\/p>\n<p>Les participants auront \u00e9galement droit \u00e0 un expos\u00e9 interactif avec\u00a0<strong>Tova Sherman<\/strong>, championne de l\u2019inclusivit\u00e9, p.-d.g. et co-fondatrice de\u00a0<a href=\"https:\/\/www.reachability.org\/\" target=\"_blank\" rel=\"noopener\">reachAbility<\/a>, sur l\u2019importance vitale d\u2019\u00eatre heureux au travail.<\/p>\n<p>De plus, les FI pourront entendre un expos\u00e9 du Bureau du contr\u00f4leur g\u00e9n\u00e9ral (BCG) en vue de les aider \u00e0 bonifier leurs comp\u00e9tences et, sur l\u2019heure du midi, ils pourront s\u2019attabler \u00e0 un d\u00e9jeuner de style communal, gracieuset\u00e9 de l\u2019ACAF. La rencontre locale \u00e9tant \u00e9court\u00e9e cette ann\u00e9e, nous sommes bien dispos\u00e9s \u00e0 poursuivre la discussion en fin de journ\u00e9e \u00e0 un pub \u00e0 proximit\u00e9 o\u00f9 nous vous offrirons des amuse-gueules et deux consommations gratuites (par personne).<\/p>\n<h3>Ordre du jour (sujet \u00e0 changement)<\/h3>\n<table border=\"0\" width=\"663\" cellspacing=\"0\" cellpadding=\"0\">\n<tbody>\n<tr>\n<td>8 h<\/td>\n<td>Inscription et petit-d\u00e9jeuner continental (buffet)<\/td>\n<\/tr>\n<tr>\n<td>8 h 50<\/td>\n<td>Discours d\u2019ouverture \u2013 Dany Richard<\/td>\n<\/tr>\n<tr>\n<td>9 h<\/td>\n<td>Le leadership empreint d\u2019intelligence \u00e9motionnelle \u2013 Carolyn Stern<\/td>\n<\/tr>\n<tr>\n<td>10 h 30<\/td>\n<td>Pause-caf\u00e9<\/td>\n<\/tr>\n<tr>\n<td>10 h 45<\/td>\n<td>Le leadership empreint d\u2019intelligence \u00e9motionnelle \u2013 Carolyn Stern<\/td>\n<\/tr>\n<tr>\n<td>12 h 15<\/td>\n<td>D\u00e9jeuner et rencontre locale de l\u2019ACAF<\/td>\n<\/tr>\n<tr>\n<td>13 h 15<\/td>\n<td>Perfectionnement de la communaut\u00e9 des FI et comp\u00e9tences des FI<br \/>\n\u2013\u00a0BCG<\/td>\n<\/tr>\n<tr>\n<td>14 h 15<\/td>\n<td>Pause-caf\u00e9<\/td>\n<\/tr>\n<tr>\n<td>14 h 30<\/td>\n<td>Une formule gagnante pour la satisfaction au travail \u2013 Tova Sherman<\/td>\n<\/tr>\n<tr>\n<td>16 h<\/td>\n<td>Mot de la fin \u2013 Dany Richard<\/td>\n<\/tr>\n<tr>\n<td>16 h 30<\/td>\n<td>Facultatif \u2013 Rendez-vous au pub (endroit \u00e0 pr\u00e9ciser)<\/td>\n<\/tr>\n<\/tbody>\n<\/table>\n<h3>\nH\u00e9bergement<\/h3>\n<p>Pour encourager le plus grand nombre et permettre \u00e0 tous les membres FI de l\u2019ACAF en r\u00e9gion Atlantique de participer, l\u2019ACAF fera les frais d\u2019une nuit\u00e9e \u00e0 l\u2019h\u00f4tel pour les membres \u00e0 l\u2019ext\u00e9rieur de Halifax (\u00e0 plus de 100 km de route de leur domicile ou de leur adresse de travail)<strong>.\u00a0<\/strong><\/p>\n<p><strong>L\u2019ACAF ne d\u00e9dommagera toutefois pas les membres de leurs frais de d\u00e9placement ou de leurs repas, etc.,\u00a0<\/strong>mais elle les encourage \u00e0 demander \u00e0 leur employeur d\u2019en faire autant<strong>. Un nombre limite de chambres ont \u00e9t\u00e9 r\u00e9serv\u00e9es et seront c\u00e9d\u00e9es selon le principe du premier arriv\u00e9, premier servi,\u00a0<\/strong>alors ne tardez pas \u00e0 vous inscrire !<\/p>\n<h3>Inscription<\/h3>\n<p>La\u00a0<em>Mise au point de l\u2019Atlantique<\/em>\u00a0est accessible gratuitement \u00e0 tous les membres de l\u2019ACAF. Pour vous inscrire, veuillez nous \u00e9crire \u00e0 l\u2019adresse\u00a0<a href=\"mailto:jcdp@acfo-acaf.com\" target=\"_blank\" rel=\"noopener\">jcdp@acfo-acaf.com<\/a>\u00a0en prenant soin de pr\u00e9ciser que vous voulez vous inscrire \u00e0 la\u00a0<em>Mise au point de l\u2019Atlantique<\/em>. N\u2019oubliez pas de nous communiquer vos nom et pr\u00e9nom, votre minist\u00e8re-employeur, s\u2019il vous faut une chambre \u00e0 l\u2019h\u00f4tel et si vous avez des restrictions alimentaires, car nous vous servirons un petit-d\u00e9jeuner continental et un d\u00e9jeuner \u00e0 trois services.<\/p>\n<p>Par ailleurs, les\u00a0<a href=\"https:\/\/www.acfo-acaf.com\/fr\/2017\/10\/24\/des-activites-de-lacaf-sont-desormais-classees-comme-de-la-formation-pour-les-fi-sans-titre-professionnel\/\" target=\"_blank\" rel=\"noopener\">activit\u00e9s de l\u2019ACAF \u00e9tant r\u00e9put\u00e9s \u00eatre des activit\u00e9s de formation des FI<\/a>, n\u2019h\u00e9sitez pas \u00e0 entrer en contact avec nous si vous avez des questions ou des pr\u00e9occupations li\u00e9es \u00e0 l\u2019obtention d\u2019une autorisation de participer de votre employeur.<\/p>\n<p>Cette ann\u00e9e, les mises au point r\u00e9gionales sont financ\u00e9es \u00e0 m\u00eame le\u00a0<a href=\"https:\/\/www.acfo-acaf.com\/fr\/perfectionnement-professionnel\/pmpp\/pmpp-programmes-de-perfectionnement-professionnel\/\" target=\"_blank\" rel=\"noopener\">Programme mixte de perfectionnement professionnel<\/a>\u00a0(PMPP) administr\u00e9 conjointement par l\u2019ACAF et le BCG.<\/p>\n","protected":false},"excerpt":{"rendered":"<p>La s\u00e9rie des mises au point r\u00e9gionales se poursuit jusqu\u2019\u00e0 la fin de l\u2019exercice 2018-2019. Les mises au point du [&hellip;]<\/p>\n","protected":false},"author":0,"featured_media":1036,"comment_status":"closed","ping_status":"closed","sticky":false,"template":"","format":"standard","meta":{"_acf_changed":false,"footnotes":""},"categories":[38,50],"tags":[],"class_list":["post-3420","post","type-post","status-publish","format-standard","has-post-thumbnail","hentry","category-mise-jour","category-perfectionnement-professionnel"],"acf":{"categories":[38,50],"groups":false,"canBeFeatured":false},"_links":{"self":[{"href":"https:\/\/www.acfo-acaf.com\/fr\/wp-json\/wp\/v2\/posts\/3420","targetHints":{"allow":["GET"]}}],"collection":[{"href":"https:\/\/www.acfo-acaf.com\/fr\/wp-json\/wp\/v2\/posts"}],"about":[{"href":"https:\/\/www.acfo-acaf.com\/fr\/wp-json\/wp\/v2\/types\/post"}],"replies":[{"embeddable":true,"href":"https:\/\/www.acfo-acaf.com\/fr\/wp-json\/wp\/v2\/comments?post=3420"}],"version-history":[{"count":0,"href":"https:\/\/www.acfo-acaf.com\/fr\/wp-json\/wp\/v2\/posts\/3420\/revisions"}],"acf:term":[{"embeddable":true,"taxonomy":"category","href":"https:\/\/www.acfo-acaf.com\/fr\/wp-json\/wp\/v2\/categories\/50"},{"embeddable":true,"taxonomy":"category","href":"https:\/\/www.acfo-acaf.com\/fr\/wp-json\/wp\/v2\/categories\/38"}],"wp:featuredmedia":[{"embeddable":true,"href":"https:\/\/www.acfo-acaf.com\/fr\/wp-json\/wp\/v2\/media\/1036"}],"wp:attachment":[{"href":"https:\/\/www.acfo-acaf.com\/fr\/wp-json\/wp\/v2\/media?parent=3420"}],"wp:term":[{"taxonomy":"category","embeddable":true,"href":"https:\/\/www.acfo-acaf.com\/fr\/wp-json\/wp\/v2\/categories?post=3420"},{"taxonomy":"post_tag","embeddable":true,"href":"https:\/\/www.acfo-acaf.com\/fr\/wp-json\/wp\/v2\/tags?post=3420"}],"curies":[{"name":"wp","href":"https:\/\/api.w.org\/{rel}","templated":true}]}}