{"id":3456,"date":"2018-05-08T10:10:40","date_gmt":"2018-05-08T10:10:40","guid":{"rendered":"https:\/\/www.acfo-acaf.com\/?p=10617"},"modified":"2018-05-08T10:10:40","modified_gmt":"2018-05-08T10:10:40","slug":"nous-acceptons-les-demandes-pmpp-de-lacaf-bcg","status":"publish","type":"post","link":"https:\/\/www.acfo-acaf.com\/fr\/nous-acceptons-les-demandes-pmpp-de-lacaf-bcg\/","title":{"rendered":"Nous acceptons les demandes \u2013 PMPP de l\u2019ACAF-BCG"},"content":{"rendered":"<p>L\u2019ACAF est fi\u00e8re d\u2019annoncer le lancement du deuxi\u00e8me Programme mixte de perfectionnement professionnel (PMPP) annuel. Financ\u00e9 par le SCT et administr\u00e9 conjointement par l\u2019ACAF et le Bureau du contr\u00f4leur g\u00e9n\u00e9ral,\u00a0<strong>ce fonds de 1 000 000 $ est une occasion unique pour tous les membres de l\u2019ACAF d\u2019obtenir gratuitement du perfectionnement professionnel.<\/strong><\/p>\n<p>L&rsquo;ACAF a\u00a0r\u00e9clam\u00e9 du SCT qu\u2019il investisse dans le perfectionnement professionnel des membres de l\u2019ACAF depuis plusieurs ann\u00e9es.\u00a0Le SCT a enfin r\u00e9pondu \u00e0 l\u2019appel lors de la derni\u00e8re ronde de n\u00e9gociation o\u00f9 il a accept\u00e9 d\u2019investir dans le PP des FI.\u00a0 Lanc\u00e9 en septembre dernier,\u00a0<strong>le PMPP a pu assurer la formation de plus de 1 750 FI \u00e0 l\u2019emploi de 40 minist\u00e8res diff\u00e9rents pendant l\u2019exercice 2017-2018<\/strong>. \u00a0Cette ann\u00e9e, avec le financement que nous avons obtenu, nous esp\u00e9rons rejoindre un plus grand nombre de FI \u00e0 qui nous offrons\u00a0:<\/p>\n<ul>\n<li>de la formation linguistique,<\/li>\n<li>des cours de formation en leadership,<\/li>\n<li>un programme d\u2019\u00e9change FI,<\/li>\n<li>des activit\u00e9s de perfectionnement professionnel \u00e0 la grandeur du pays,<\/li>\n<li>de l\u2019observation au poste de travail,<\/li>\n<li>un cours uOttawa de l\u2019Institut des finances publiques et de la d\u00e9mocratie, r\u00e9serv\u00e9 aux FI,<\/li>\n<li>et plus encore.<\/li>\n<\/ul>\n<p><em>\u00ab\u00a0L\u2019an dernier, l\u2019ACAF et le BCG ont lanc\u00e9 le Programme mixte de perfectionnement professionnel qui a connu un franc succ\u00e8s, comme quoi nous en avions r\u00e9ellement besoin de ce programme !\u00a0\u00bb\u00a0\u00a0<\/em>\u2013\u00a0<strong>Dany Richard, Pr\u00e9sident de l\u2019ACAF<\/strong><\/p>\n<p><em>\u00ab\u00a0Mon \u00e9quipe et moi avons eu l\u2019occasion de rencontrer certains des participants au programme de l\u2019an dernier qui n\u2019ont pas manqu\u00e9 de nous dire combien ils \u00e9taient ravis de participer \u00e0 une initiative aussi extraordinaire. En effet, le PMPP leur a permis de se renseigner sur diff\u00e9rents outils qu\u2019ils ont pu partager avec d\u2019autres de leur minist\u00e8re, ainsi que d\u2019acqu\u00e9rir des connaissances qui ont contribu\u00e9 \u00e0 leur cheminement de carri\u00e8re. \u00bb\u00a0<\/em>\u2013\u00a0<strong>Nathalie Meilleur, Directrice ex\u00e9cutive, Division de la politique financi\u00e8re et d\u00e9veloppement de la collectivit\u00e9, BCG<\/strong><\/p>\n<h3 class=\"null\" style=\"text-align: center;\">Pour en savoir davantage\u00a0et pour soumettre\u00a0votre demande,<br \/>\nil suffit de consulter<br \/>\n<strong><a href=\"http:\/\/www.acfo-acaf.com\/fr\/perfectionnement-professionnel\/pmpp\/\" target=\"_blank\" rel=\"noopener\">www.acfo-acaf.com\/fr\/perfectionnement-professionnel\/pmpp\/<\/a><\/strong><\/h3>\n","protected":false},"excerpt":{"rendered":"<p>L\u2019ACAF est fi\u00e8re d\u2019annoncer le lancement du deuxi\u00e8me Programme mixte de perfectionnement professionnel (PMPP) annuel. Financ\u00e9 par le SCT et [&hellip;]<\/p>\n","protected":false},"author":0,"featured_media":1353,"comment_status":"closed","ping_status":"closed","sticky":false,"template":"","format":"standard","meta":{"_acf_changed":false,"footnotes":""},"categories":[38,50],"tags":[],"class_list":["post-3456","post","type-post","status-publish","format-standard","has-post-thumbnail","hentry","category-mise-jour","category-perfectionnement-professionnel"],"acf":{"categories":[38,50],"groups":false,"canBeFeatured":false},"_links":{"self":[{"href":"https:\/\/www.acfo-acaf.com\/fr\/wp-json\/wp\/v2\/posts\/3456","targetHints":{"allow":["GET"]}}],"collection":[{"href":"https:\/\/www.acfo-acaf.com\/fr\/wp-json\/wp\/v2\/posts"}],"about":[{"href":"https:\/\/www.acfo-acaf.com\/fr\/wp-json\/wp\/v2\/types\/post"}],"replies":[{"embeddable":true,"href":"https:\/\/www.acfo-acaf.com\/fr\/wp-json\/wp\/v2\/comments?post=3456"}],"version-history":[{"count":0,"href":"https:\/\/www.acfo-acaf.com\/fr\/wp-json\/wp\/v2\/posts\/3456\/revisions"}],"acf:term":[{"embeddable":true,"taxonomy":"category","href":"https:\/\/www.acfo-acaf.com\/fr\/wp-json\/wp\/v2\/categories\/50"},{"embeddable":true,"taxonomy":"category","href":"https:\/\/www.acfo-acaf.com\/fr\/wp-json\/wp\/v2\/categories\/38"}],"wp:featuredmedia":[{"embeddable":true,"href":"https:\/\/www.acfo-acaf.com\/fr\/wp-json\/wp\/v2\/media\/1353"}],"wp:attachment":[{"href":"https:\/\/www.acfo-acaf.com\/fr\/wp-json\/wp\/v2\/media?parent=3456"}],"wp:term":[{"taxonomy":"category","embeddable":true,"href":"https:\/\/www.acfo-acaf.com\/fr\/wp-json\/wp\/v2\/categories?post=3456"},{"taxonomy":"post_tag","embeddable":true,"href":"https:\/\/www.acfo-acaf.com\/fr\/wp-json\/wp\/v2\/tags?post=3456"}],"curies":[{"name":"wp","href":"https:\/\/api.w.org\/{rel}","templated":true}]}}