{"id":3460,"date":"2018-04-27T09:00:22","date_gmt":"2018-04-27T09:00:22","guid":{"rendered":"https:\/\/www.acfo-acaf.com\/?p=10510"},"modified":"2018-04-27T09:00:22","modified_gmt":"2018-04-27T09:00:22","slug":"lacaf-souligne-la-journee-nationale-de-deuil-en-memoire-des-travailleuses-et-travailleurs-canadiens","status":"publish","type":"post","link":"https:\/\/www.acfo-acaf.com\/fr\/lacaf-souligne-la-journee-nationale-de-deuil-en-memoire-des-travailleuses-et-travailleurs-canadiens\/","title":{"rendered":"L\u2019ACAF souligne la Journ\u00e9e nationale de deuil en m\u00e9moire des travailleuses et travailleurs canadiens"},"content":{"rendered":"<p>Aujourd\u2019hui, l\u2019ACAF rend hommage aux travailleuses et travailleurs qui ont \u00e9t\u00e9 tu\u00e9s ou bless\u00e9s au travail ou afflig\u00e9s d\u2019une maladie d\u00e9coulant d\u2019un incident au travail.<\/p>\n<p>Tout le monde a le droit de travailler dans des lieux s\u00e9curitaires et sains. Personne ne devrait faire l\u2019objet de violence, de harc\u00e8lement, de menaces ou de violence verbale, et personne ne devrait \u00eatre forc\u00e9 de travailler dans des lieux dangereux pour sa sant\u00e9. Rendre le travail plus s\u00e9curitaire pour les Canadiennes et les Canadiens signifie non seulement pr\u00e9venir la violence et le harc\u00e8lement, mais aussi \u00e9liminer les toxines dangereuses des lieux de travail physiques. Depuis plusieurs ann\u00e9es, l\u2019<a href=\"https:\/\/www.acfo-acaf.com\/fr\/2016\/12\/19\/le-gouvernement-federal-annonce-linterdiction-de-lamiante-dici-2018\/\" target=\"_blank\" rel=\"noopener\">ACAF est engag\u00e9e dans la lutte pour l\u2019interdiction de l\u2019amiante<\/a>, une mati\u00e8re canc\u00e9rog\u00e8ne connue, des immeubles f\u00e9d\u00e9raux. Nous continuons \u00e0 en faire une priorit\u00e9, particuli\u00e8rement aujourd\u2019hui.<\/p>\n<p>La violence au travail peut se produire une seule fois, ou elle peut faire partie d\u2019une tendance plus g\u00e9n\u00e9rale. Elle est courante, et nombre de travailleuses et de travailleurs au Canada en sont victimes, mais elle est inacceptable et ne fait pas simplement \u00ab\u00a0partie du boulot\u00a0\u00bb.<\/p>\n<p>De concert avec le Congr\u00e8s du Travail du Canada, l\u2019ACAF demande au gouvernement f\u00e9d\u00e9ral, en sa qualit\u00e9 tant de d\u00e9cideur que d\u2019employeur, de pr\u00e9venir la violence et le harc\u00e8lement au travail et de rendre le Canada plus s\u00e9curitaire pour les travailleuses et les travailleurs.<\/p>\n<p>Plus pr\u00e9cis\u00e9ment, nous encourageons le gouvernement \u00e0\u00a0:<\/p>\n<ul>\n<li>aller de l\u2019avant avec une interdiction totale de l\u2019amiante;<\/li>\n<li>\u00e9laborer des politiques et des programmes en collaboration avec les comit\u00e9s de sant\u00e9 et de s\u00e9curit\u00e9 au travail;<\/li>\n<li>offrir de la formation visant \u00e0 pr\u00e9venir la violence au travail, y compris le harc\u00e8lement;<\/li>\n<li>cerner les dangers au travail et \u00e9laborer un plan d\u2019action visant \u00e0 les \u00e9liminer;<\/li>\n<li>faire en sorte qu\u2019il soit plus s\u00e9curitaire pour les travailleuses et les travailleurs de signaler les cas de harc\u00e8lement et de violence en mettant en \u0153uvre des mesures anti-repr\u00e9sailles, notamment la protection des d\u00e9nonciateurs;<\/li>\n<li>recruter et former un plus grand nombre d\u2019agents de sant\u00e9 et de s\u00e9curit\u00e9 f\u00e9d\u00e9raux; et<\/li>\n<li>reconna\u00eetre la violence familiale comme un danger en milieu de travail.<\/li>\n<\/ul>\n<p>Si vous avez \u00e9t\u00e9 victime de violence ou de harc\u00e8lement au travail, veuillez communiquer avec les Relations de travail \u00e0 <a href=\"mailto:labourrelations@acfo-acaf.com\">labourrelations@acfo-acaf.com<\/a>. Nous pouvons vous aviser de vos droits et des options qui s\u2019offrent \u00e0 vous. N\u2019oubliez pas que toutes les conversations avec une conseill\u00e8re ou un conseiller en relations de travail sont strictement confidentielles et que l\u2019ACAF n\u2019agira jamais sans votre consentement explicite.<\/p>\n","protected":false},"excerpt":{"rendered":"<p>Aujourd\u2019hui, l\u2019ACAF rend hommage aux travailleuses et travailleurs qui ont \u00e9t\u00e9 tu\u00e9s ou bless\u00e9s au travail ou afflig\u00e9s d\u2019une maladie [&hellip;]<\/p>\n","protected":false},"author":0,"featured_media":1325,"comment_status":"closed","ping_status":"closed","sticky":false,"template":"","format":"standard","meta":{"_acf_changed":false,"footnotes":""},"categories":[54],"tags":[],"class_list":["post-3460","post","type-post","status-publish","format-standard","has-post-thumbnail","hentry","category-protection-des-denonciateurs"],"acf":{"categories":[54],"groups":false,"canBeFeatured":false},"_links":{"self":[{"href":"https:\/\/www.acfo-acaf.com\/fr\/wp-json\/wp\/v2\/posts\/3460","targetHints":{"allow":["GET"]}}],"collection":[{"href":"https:\/\/www.acfo-acaf.com\/fr\/wp-json\/wp\/v2\/posts"}],"about":[{"href":"https:\/\/www.acfo-acaf.com\/fr\/wp-json\/wp\/v2\/types\/post"}],"replies":[{"embeddable":true,"href":"https:\/\/www.acfo-acaf.com\/fr\/wp-json\/wp\/v2\/comments?post=3460"}],"version-history":[{"count":0,"href":"https:\/\/www.acfo-acaf.com\/fr\/wp-json\/wp\/v2\/posts\/3460\/revisions"}],"acf:term":[{"embeddable":true,"taxonomy":"category","href":"https:\/\/www.acfo-acaf.com\/fr\/wp-json\/wp\/v2\/categories\/54"}],"wp:featuredmedia":[{"embeddable":true,"href":"https:\/\/www.acfo-acaf.com\/fr\/wp-json\/wp\/v2\/media\/1325"}],"wp:attachment":[{"href":"https:\/\/www.acfo-acaf.com\/fr\/wp-json\/wp\/v2\/media?parent=3460"}],"wp:term":[{"taxonomy":"category","embeddable":true,"href":"https:\/\/www.acfo-acaf.com\/fr\/wp-json\/wp\/v2\/categories?post=3460"},{"taxonomy":"post_tag","embeddable":true,"href":"https:\/\/www.acfo-acaf.com\/fr\/wp-json\/wp\/v2\/tags?post=3460"}],"curies":[{"name":"wp","href":"https:\/\/api.w.org\/{rel}","templated":true}]}}