{"id":3466,"date":"2018-04-17T15:03:58","date_gmt":"2018-04-17T15:03:58","guid":{"rendered":"https:\/\/www.acfo-acaf.com\/?p=10465"},"modified":"2018-04-17T15:03:58","modified_gmt":"2018-04-17T15:03:58","slug":"lacaf-dans-lactualite-le-president-commente-le-plan-du-gouvernement-pour-la-gestion-de-phenix","status":"publish","type":"post","link":"https:\/\/www.acfo-acaf.com\/fr\/lacaf-dans-lactualite-le-president-commente-le-plan-du-gouvernement-pour-la-gestion-de-phenix\/","title":{"rendered":"L&rsquo;ACAF dans l&rsquo;actualit\u00e9: Le pr\u00e9sident commente le plan du gouvernement pour la gestion de Ph\u00e9nix"},"content":{"rendered":"<p>Le pr\u00e9sident de l&rsquo;ACAF, Dany Richard, a r\u00e9cemment \u00e9t\u00e9 cit\u00e9 dans deux articles d&rsquo;iPolitics sur les plans du gouvernement f\u00e9d\u00e9ral de contourner les contr\u00f4les financiers internes en cas d&rsquo;urgence concernant le syst\u00e8me de paye Ph\u00e9nix.<\/p>\n<p>Il a sp\u00e9cifiquement fait part de ses pr\u00e9occupations concernant le danger d&rsquo;ignorer les contr\u00f4les financiers et l&rsquo;augmentation de la charge de travail que les FI subissent d\u00e9j\u00e0 par suite de probl\u00e8mes li\u00e9s \u00e0 Ph\u00e9nix.<\/p>\n<blockquote><p><em>\u00ab\u00a0Je veux que mes membres soient pay\u00e9s \u00e0 temps, mais nous ne pouvons pas contourner les contr\u00f4les internes car cela pourrait cr\u00e9er de plus gros probl\u00e8mes.\u00a0\u00bb<\/em><\/p><\/blockquote>\n<p>Vous pouvez lire le premier \u00a0article <a href=\"https:\/\/ipolitics.ca\/2018\/04\/13\/government-gets-ready-to-bypass-internal-controls-to-handle-phoenix-emergencies\/\" target=\"_blank\" rel=\"noopener\">ici<\/a> et le second article <a href=\"https:\/\/ipolitics.ca\/2018\/04\/16\/ag-says-bypassing-internal-controls-for-phoenix-emergencies-increases-audit-risks\/\" target=\"_blank\" rel=\"noopener\">ici<\/a> (en anglais seulement).<\/p>\n","protected":false},"excerpt":{"rendered":"<p>Le pr\u00e9sident de l&rsquo;ACAF, Dany Richard, a r\u00e9cemment \u00e9t\u00e9 cit\u00e9 dans deux articles d&rsquo;iPolitics sur les plans du gouvernement f\u00e9d\u00e9ral [&hellip;]<\/p>\n","protected":false},"author":0,"featured_media":1322,"comment_status":"closed","ping_status":"closed","sticky":false,"template":"","format":"standard","meta":{"_acf_changed":false,"footnotes":""},"categories":[38,52],"tags":[],"class_list":["post-3466","post","type-post","status-publish","format-standard","has-post-thumbnail","hentry","category-mise-jour","category-phenix"],"acf":{"categories":[38,52],"groups":false,"canBeFeatured":false},"_links":{"self":[{"href":"https:\/\/www.acfo-acaf.com\/fr\/wp-json\/wp\/v2\/posts\/3466","targetHints":{"allow":["GET"]}}],"collection":[{"href":"https:\/\/www.acfo-acaf.com\/fr\/wp-json\/wp\/v2\/posts"}],"about":[{"href":"https:\/\/www.acfo-acaf.com\/fr\/wp-json\/wp\/v2\/types\/post"}],"replies":[{"embeddable":true,"href":"https:\/\/www.acfo-acaf.com\/fr\/wp-json\/wp\/v2\/comments?post=3466"}],"version-history":[{"count":0,"href":"https:\/\/www.acfo-acaf.com\/fr\/wp-json\/wp\/v2\/posts\/3466\/revisions"}],"acf:term":[{"embeddable":true,"taxonomy":"category","href":"https:\/\/www.acfo-acaf.com\/fr\/wp-json\/wp\/v2\/categories\/52"},{"embeddable":true,"taxonomy":"category","href":"https:\/\/www.acfo-acaf.com\/fr\/wp-json\/wp\/v2\/categories\/38"}],"wp:featuredmedia":[{"embeddable":true,"href":"https:\/\/www.acfo-acaf.com\/fr\/wp-json\/wp\/v2\/media\/1322"}],"wp:attachment":[{"href":"https:\/\/www.acfo-acaf.com\/fr\/wp-json\/wp\/v2\/media?parent=3466"}],"wp:term":[{"taxonomy":"category","embeddable":true,"href":"https:\/\/www.acfo-acaf.com\/fr\/wp-json\/wp\/v2\/categories?post=3466"},{"taxonomy":"post_tag","embeddable":true,"href":"https:\/\/www.acfo-acaf.com\/fr\/wp-json\/wp\/v2\/tags?post=3466"}],"curies":[{"name":"wp","href":"https:\/\/api.w.org\/{rel}","templated":true}]}}