{"id":3495,"date":"2018-01-04T10:49:21","date_gmt":"2018-01-04T10:49:21","guid":{"rendered":"http:\/\/www.acfo-acaf.com\/?p=9805"},"modified":"2018-01-04T10:49:21","modified_gmt":"2018-01-04T10:49:21","slug":"la-mise-au-point-du-quebec-rappel","status":"publish","type":"post","link":"https:\/\/www.acfo-acaf.com\/fr\/la-mise-au-point-du-quebec-rappel\/","title":{"rendered":"La Mise au point du Qu\u00e9bec: rappel"},"content":{"rendered":"<p>Il reste moins de deux semaines avant la Mise au point du Qu\u00e9bec de l\u2019ACAF, et nous tenons \u00e0 vous rappeler quelques d\u00e9tails importants au sujet de l\u2019activit\u00e9.<\/p>\n<p>La Mise au point du Qu\u00e9bec est offerte aux FI de la r\u00e9gion m\u00e9tropolitaine de Montr\u00e9al. Elle aura lieu le 16 janvier, au Courtyard Marriott, 380, boulevard Ren\u00e9-L\u00e9vesque Ouest (salle Jean Beliveau).<\/p>\n<p>Compte tenu de la r\u00e9action positive \u00e0 des activit\u00e9s ant\u00e9rieures, les mises au point r\u00e9gionales sont d\u00e9sormais d\u2019une dur\u00e9e d\u2019une journ\u00e9e compl\u00e8te au lieu d\u2019une demi-journ\u00e9e. Comme les autres activit\u00e9s de l\u2019ACAF, ces rencontres inspirantes et \u00e9clairantes <a href=\"http:\/\/www.acfo-acaf.com\/fr\/2017\/10\/24\/des-activites-de-lacaf-sont-desormais-classees-comme-de-la-formation-pour-les-fi-sans-titre-professionnel\/\" target=\"_blank\" rel=\"noopener\">sont class\u00e9es comme de la formation<\/a>; il devrait donc vous \u00eatre d\u2019autant plus facile d\u2019obtenir l\u2019approbation de votre employeur.<\/p>\n<p>La Mise au point du Qu\u00e9bec comportera un expos\u00e9 principal inspirant de <a href=\"http:\/\/www.danielesauvageau.com\/\" target=\"_blank\" rel=\"noopener\">Dani\u00e8le Sauvageau<\/a>, entra\u00eeneuse aux Olympiques et consultante aupr\u00e8s de chefs d\u2019entreprise, sans compter ses plus de 20 ans d\u2019exp\u00e9rience dans la fonction publique. En outre, l\u2019activit\u00e9 vous fournira les outils voulus pour r\u00e9ussir votre d\u00e9veloppement de carri\u00e8re, notamment un expos\u00e9 du Bureau du contr\u00f4leur g\u00e9n\u00e9ral et un groupe de discussion compos\u00e9 de cadres sup\u00e9rieurs sur le th\u00e8me \u00ab\u00a0Les FI en transformation\u00a0\u00bb. Vous y aurez aussi l\u2019occasion d\u2019obtenir des mises \u00e0 jour sur le travail de l\u2019ACAF et de rencontrer quelques-uns de ses permanents et des membres de son conseil d\u2019administration.<\/p>\n<p>Plus de 50 FI se sont d\u00e9j\u00e0 inscrits \u00e0 la Mise au point du Qu\u00e9bec, et nous nous attendons \u00e0 ce que d\u2019autres viennent s\u2019y ajouter. Il reste encore des places; pour vous inscrire, il suffit de communiquer avec nous \u00e0 <a href=\"mailto:jcdp@acfo-acaf.com\">jcdp@acfo-acaf.com<\/a> et de nous signaler vos restrictions alimentaires, le cas \u00e9ch\u00e9ant, car un d\u00e9jeuner et un d\u00eener seront servis \u00e0 titre gracieux. Si vous ne pouvez y assister, l\u2019ACAF tiendra \u00e9galement un 5 \u00e0 7 au Houston Bar &amp; Grill (1001, rue du Square-Victoria) en soir\u00e9e. Bienvenue \u00e0 tous les FI.<\/p>\n<p>L\u2019ordre du jour complet est accessible \u00e0 : <a href=\"http:\/\/www.acfo-acaf.com\/fr\/2017\/11\/28\/mise-au-point-2018-du-quebec-remplir-son-coffre-a-outils-en-leadership\/\" target=\"_blank\" rel=\"noopener\">http:\/\/www.acfo-acaf.com\/fr\/2017\/11\/28\/mise-au-point-2018-du-quebec-remplir-son-coffre-a-outils-en-leadership\/<\/a>.<\/p>\n<p>Merci, et bonne et heureuse ann\u00e9e 2018 \u00e0 tous et \u00e0 toutes.<\/p>\n","protected":false},"excerpt":{"rendered":"<p>Il reste moins de deux semaines avant la Mise au point du Qu\u00e9bec de l\u2019ACAF, et nous tenons \u00e0 vous [&hellip;]<\/p>\n","protected":false},"author":0,"featured_media":1087,"comment_status":"closed","ping_status":"closed","sticky":false,"template":"","format":"standard","meta":{"_acf_changed":false,"footnotes":""},"categories":[38,50],"tags":[],"class_list":["post-3495","post","type-post","status-publish","format-standard","has-post-thumbnail","hentry","category-mise-jour","category-perfectionnement-professionnel"],"acf":{"categories":[38,50],"groups":false,"canBeFeatured":false},"_links":{"self":[{"href":"https:\/\/www.acfo-acaf.com\/fr\/wp-json\/wp\/v2\/posts\/3495","targetHints":{"allow":["GET"]}}],"collection":[{"href":"https:\/\/www.acfo-acaf.com\/fr\/wp-json\/wp\/v2\/posts"}],"about":[{"href":"https:\/\/www.acfo-acaf.com\/fr\/wp-json\/wp\/v2\/types\/post"}],"replies":[{"embeddable":true,"href":"https:\/\/www.acfo-acaf.com\/fr\/wp-json\/wp\/v2\/comments?post=3495"}],"version-history":[{"count":0,"href":"https:\/\/www.acfo-acaf.com\/fr\/wp-json\/wp\/v2\/posts\/3495\/revisions"}],"acf:term":[{"embeddable":true,"taxonomy":"category","href":"https:\/\/www.acfo-acaf.com\/fr\/wp-json\/wp\/v2\/categories\/50"},{"embeddable":true,"taxonomy":"category","href":"https:\/\/www.acfo-acaf.com\/fr\/wp-json\/wp\/v2\/categories\/38"}],"wp:featuredmedia":[{"embeddable":true,"href":"https:\/\/www.acfo-acaf.com\/fr\/wp-json\/wp\/v2\/media\/1087"}],"wp:attachment":[{"href":"https:\/\/www.acfo-acaf.com\/fr\/wp-json\/wp\/v2\/media?parent=3495"}],"wp:term":[{"taxonomy":"category","embeddable":true,"href":"https:\/\/www.acfo-acaf.com\/fr\/wp-json\/wp\/v2\/categories?post=3495"},{"taxonomy":"post_tag","embeddable":true,"href":"https:\/\/www.acfo-acaf.com\/fr\/wp-json\/wp\/v2\/tags?post=3495"}],"curies":[{"name":"wp","href":"https:\/\/api.w.org\/{rel}","templated":true}]}}