{"id":3531,"date":"2017-09-25T07:54:34","date_gmt":"2017-09-25T07:54:34","guid":{"rendered":"http:\/\/www.acfo-acaf.com\/?p=9290"},"modified":"2017-09-25T07:54:34","modified_gmt":"2017-09-25T07:54:34","slug":"lancien-dpb-adjoint-plaide-en-faveur-dun-role-accru-pour-les-agents-financiers","status":"publish","type":"post","link":"https:\/\/www.acfo-acaf.com\/fr\/lancien-dpb-adjoint-plaide-en-faveur-dun-role-accru-pour-les-agents-financiers\/","title":{"rendered":"L\u2019ancien DPB adjoint plaide en faveur d\u2019un r\u00f4le accru pour les agents financiers"},"content":{"rendered":"<p>Sahir Khan, l\u2019ancien directeur parlementaire du budget adjoint, a particip\u00e9 \u00e0 un reportage au r\u00e9seau radiophonique de langue anglaise de la SRC portant sur le fiasco du syst\u00e8me de paye Ph\u00e9nix, le 21\u00a0septembre. Dans le cadre de la discussion, il a fait remarquer que le gouvernement a trop souvent gard\u00e9 les agents financiers \u00e0 l\u2019\u00e9cart des d\u00e9cisions cl\u00e9s relatives \u00e0 l\u2019approvisionnement et \u00e0 la transformation :<\/p>\n<blockquote><p>[traduction] \u00ab\u00a0Le fait est que, pendant une tr\u00e8s longue p\u00e9riode, l\u2019investissement dans la fonction publique ne constituait pas une priorit\u00e9. Nous ne pla\u00e7ons pas n\u00e9cessairement les agents financiers l\u00e0 o\u00f9 ils se trouveraient dans le secteur priv\u00e9, nous ne leur confions pas la responsabilit\u00e9 de tester la rigueur de ces analyses de rentabilit\u00e9.\u00a0\u00bb<\/p><\/blockquote>\n<p>Vous pouvez \u00e9couter le segment int\u00e9gral ici\u00a0: \u00a0<a href=\"http:\/\/www.cbc.ca\/player\/play\/1051716164001\">http:\/\/www.cbc.ca\/player\/play\/1051716164001<\/a><\/p>\n<p>L\u2019ACAF pr\u00e9conise depuis longtemps un r\u00f4le accru pour les professionnels de la gestion financi\u00e8re dans les grands projets. Dans notre r\u00e9cent <a href=\"http:\/\/www.acfo-acaf.com\/2017\/08\/10\/acfo-on-budget-2018-leveraging-our-public-resources\/\">m\u00e9moire dans le cadre des consultations pr\u00e9budg\u00e9taires<\/a> du Comit\u00e9 des finances de la Chambre des communes, nous avons invit\u00e9 le gouvernement \u00e0 faire appel \u00e0 ses propres professionnels des finances dans l\u2019ex\u00e9cution des examens minist\u00e9riels.<\/p>\n<p>L\u2019ACAF esp\u00e8re que le gouvernement prendra en compte les commentaires de M. Khan dans les projets qu\u2019il entreprendra dans l\u2019avenir.<\/p>\n","protected":false},"excerpt":{"rendered":"<p>Sahir Khan, l\u2019ancien directeur parlementaire du budget adjoint, a particip\u00e9 \u00e0 un reportage au r\u00e9seau radiophonique de langue anglaise de [&hellip;]<\/p>\n","protected":false},"author":0,"featured_media":438,"comment_status":"closed","ping_status":"closed","sticky":false,"template":"","format":"standard","meta":{"_acf_changed":false,"footnotes":""},"categories":[22,52],"tags":[],"class_list":["post-3531","post","type-post","status-publish","format-standard","has-post-thumbnail","hentry","category-commentaires-sujet-politique","category-phenix"],"acf":{"categories":[22,52],"groups":false,"canBeFeatured":false},"_links":{"self":[{"href":"https:\/\/www.acfo-acaf.com\/fr\/wp-json\/wp\/v2\/posts\/3531","targetHints":{"allow":["GET"]}}],"collection":[{"href":"https:\/\/www.acfo-acaf.com\/fr\/wp-json\/wp\/v2\/posts"}],"about":[{"href":"https:\/\/www.acfo-acaf.com\/fr\/wp-json\/wp\/v2\/types\/post"}],"replies":[{"embeddable":true,"href":"https:\/\/www.acfo-acaf.com\/fr\/wp-json\/wp\/v2\/comments?post=3531"}],"version-history":[{"count":0,"href":"https:\/\/www.acfo-acaf.com\/fr\/wp-json\/wp\/v2\/posts\/3531\/revisions"}],"acf:term":[{"embeddable":true,"taxonomy":"category","href":"https:\/\/www.acfo-acaf.com\/fr\/wp-json\/wp\/v2\/categories\/52"},{"embeddable":true,"taxonomy":"category","href":"https:\/\/www.acfo-acaf.com\/fr\/wp-json\/wp\/v2\/categories\/22"}],"wp:featuredmedia":[{"embeddable":true,"href":"https:\/\/www.acfo-acaf.com\/fr\/wp-json\/wp\/v2\/media\/438"}],"wp:attachment":[{"href":"https:\/\/www.acfo-acaf.com\/fr\/wp-json\/wp\/v2\/media?parent=3531"}],"wp:term":[{"taxonomy":"category","embeddable":true,"href":"https:\/\/www.acfo-acaf.com\/fr\/wp-json\/wp\/v2\/categories?post=3531"},{"taxonomy":"post_tag","embeddable":true,"href":"https:\/\/www.acfo-acaf.com\/fr\/wp-json\/wp\/v2\/tags?post=3531"}],"curies":[{"name":"wp","href":"https:\/\/api.w.org\/{rel}","templated":true}]}}