{"id":3539,"date":"2017-08-31T11:08:25","date_gmt":"2017-08-31T11:08:25","guid":{"rendered":"http:\/\/www.acfo-acaf.com\/?p=9197"},"modified":"2017-08-31T11:08:25","modified_gmt":"2017-08-31T11:08:25","slug":"la-mise-au-point-2017-de-latlantique-remplir-son-coffre-a-outils-en-leadership","status":"publish","type":"post","link":"https:\/\/www.acfo-acaf.com\/fr\/la-mise-au-point-2017-de-latlantique-remplir-son-coffre-a-outils-en-leadership\/","title":{"rendered":"La mise au point 2017 de l\u2019Atlantique : remplir son coffre \u00e0 outils en leadership"},"content":{"rendered":"<h2>L\u2019ACAF et l\u2019IGF Moncton pr\u00e9sentent\u00a0:<\/h2>\n<h3>La mise au point 2017 de l\u2019Atlantique\u00a0: remplir son coffre \u00e0 outils en leadership<\/h3>\n<p>L\u2019ACAF est heureuse de lancer sa s\u00e9rie de mises au point r\u00e9gionales dans la ravissante ville de Moncton (Nouveau-Brunswick) en organisant une activit\u00e9 sp\u00e9ciale \u00e0 l\u2019intention de la communaut\u00e9 FI du Canada atlantique, <strong>le mercredi 20 septembre<\/strong>, au Crowne Plaza Downtown (1005 Main Street). Cette activit\u00e9 gratuite qui durera toute la journ\u00e9e (8 h 15 \u2013 16 h 00) comportera un petit d\u00e9jeuner et un lunch \u00e0 titre gracieux ainsi que des expos\u00e9s inspirants et \u00e9clairants ayant pour th\u00e8mes le leadership, la conciliation travail-vie et le perfectionnement continu.<\/p>\n<h3>Ordre du jour<\/h3>\n<table width=\"551\">\n<tbody>\n<tr>\n<td width=\"75\">8 h 15<\/td>\n<td width=\"66\">9 h 00<\/td>\n<td width=\"409\">Inscription et petit d\u00e9jeuner continental<\/td>\n<\/tr>\n<tr>\n<td width=\"75\">9 h 00<\/td>\n<td width=\"66\">9 h 15<\/td>\n<td width=\"409\">Mot d\u2019ouverture \u2013 Dany Richard<\/td>\n<\/tr>\n<tr>\n<td width=\"75\">9 h 15<\/td>\n<td width=\"66\">10 h 45<\/td>\n<td width=\"409\">Le leadership et l\u2019intelligence \u00e9motionnelle \u2013 Pierre Battah, conf\u00e9rencier principal<\/td>\n<\/tr>\n<tr>\n<td width=\"75\">10 h 45<\/td>\n<td width=\"66\">11 h 00<\/td>\n<td width=\"409\">Pause-caf\u00e9<\/td>\n<\/tr>\n<tr>\n<td width=\"75\">11 h 00<\/td>\n<td width=\"66\">12 h 15<\/td>\n<td width=\"409\">Le Portail de d\u00e9veloppement de comp\u00e9tences et de carri\u00e8re du BCG \u2013 Sasha Slechta<\/td>\n<\/tr>\n<tr>\n<td width=\"75\">12 h 15<\/td>\n<td width=\"66\">13 h 15<\/td>\n<td width=\"409\">Lunch et rencontre locale de l\u2019ACAF<\/td>\n<\/tr>\n<tr>\n<td width=\"75\">13 h 15<\/td>\n<td width=\"66\">14 h 15<\/td>\n<td width=\"409\">Panel sur les enjeux en milieu de travail moderne \u2013 Denise Frenette et Andrew Francis<\/td>\n<\/tr>\n<tr>\n<td width=\"75\">14 h 15<\/td>\n<td width=\"66\">14 h 45<\/td>\n<td width=\"409\">Conciliation travail-vie \u2013 Heather Langley<\/td>\n<\/tr>\n<tr>\n<td width=\"75\">14 h 45<\/td>\n<td width=\"66\">15 h 00<\/td>\n<td width=\"409\">Pause-caf\u00e9<\/td>\n<\/tr>\n<tr>\n<td width=\"75\">15 h 00<\/td>\n<td width=\"66\">16 h 15<\/td>\n<td width=\"409\">Sortir le stress du milieu de travail \u2013 Susan Stewart<\/td>\n<\/tr>\n<tr>\n<td width=\"75\">16 h 15<\/td>\n<td width=\"66\">16 h 30<\/td>\n<td width=\"409\">Mot de cl\u00f4ture \u2013 Dany Richard<\/td>\n<\/tr>\n<\/tbody>\n<\/table>\n<h3>Conf\u00e9renciers<\/h3>\n<p><strong>Dany Richard, MBA, CPA, CMA<\/strong> est le pr\u00e9sident de l\u2019Association canadienne des agents financiers (ACAF). M. Richard est un ardent d\u00e9fenseur de la communaut\u00e9 de la gestion financi\u00e8re dans la fonction publique et un leader respect\u00e9 de ses coll\u00e8gues agents financiers. Il a joint les rangs de la fonction publique f\u00e9d\u00e9rale il y a pr\u00e8s d\u2019une d\u00e9cennie et a pour la premi\u00e8re fois \u00e9t\u00e9 \u00e9lu au conseil d\u2019administration de l\u2019ACAF en 2011 au poste de vice-pr\u00e9sident ex\u00e9cutif; il a \u00e9t\u00e9 \u00e9lu \u00e0 la pr\u00e9sidence en 2016.<\/p>\n<p><a href=\"https:\/\/www.pierrebattah.com\/accueil\" target=\"_blank\" rel=\"noopener\"><strong>Pierre Battah<\/strong><\/a><strong>, MBA, CMC, CRHA <\/strong>est un sp\u00e9cialiste prim\u00e9 en leadership et en milieu de travail. Ses clients obtiennent de meilleurs r\u00e9sultats gr\u00e2ce \u00e0 ses talents de conf\u00e9rencier, de formateur et de conseiller. Il est un chroniqueur et blogueur de longue date, un communicateur national affili\u00e9 de la CBC et un r\u00e9cent pr\u00e9sentateur TEDx. Il vient d\u2019\u00eatre reconnu \u00e0 titre de professionnel des RH de l\u2019ann\u00e9e par ses pairs de l\u2019Association des ressources humaines du Nouveau-Brunswick et il a occup\u00e9 divers postes de gestionnaire principal aupr\u00e8s d\u2019employeurs de choix au Canada. Il est parfait bilingue, un b\u00e9n\u00e9vole actif dans sa communaut\u00e9 et un musicien de jazz accompli.<\/p>\n<p><strong>Alexandre (Sasha) Slechta, CPA, CA <\/strong>a joint les rangs de la fonction publique au sein de la Direction des finances de SPAC en 2011. Il a occup\u00e9 divers postes dans les secteurs des syst\u00e8mes financiers et de la gestion des ressources. En 2015, il s\u2019est joint au Bureau du contr\u00f4leur g\u00e9n\u00e9ral au SCT. Il a particip\u00e9 \u00e0 l\u2019\u00e9laboration et au lancement de la suite Politique de gestion financi\u00e8re dans le cadre de l\u2019initiative de r\u00e9initialisation des politiques. Il est r\u00e9cemment devenu directeur int\u00e9rimaire, D\u00e9veloppement de la communaut\u00e9 de la gestion financi\u00e8re. Avant d\u2019\u00eatre fonctionnaire, il a occup\u00e9 divers postes dans le secteur priv\u00e9.<\/p>\n<p><strong>Andrew Francis, MBA, CPA, CMA <\/strong>est le dirigeant principal des finances \u00e0 Patrimoine canadien, un poste dynamique qui comporte la direction de l\u2019une des grappes du SAP \u00e0 l\u2019avant-garde de la prestation des services de subventions et de contributions. Il a occup\u00e9 des postes du niveau de directeur g\u00e9n\u00e9ral en ressources humaines \u00e0 Affaires autochtones et du Nord, puis en comptabilit\u00e9 g\u00e9n\u00e9rale \u00e0 titre d\u2019ADPF. Au cours de sa carri\u00e8re, il a aussi occup\u00e9 des postes dans d\u2019autres minist\u00e8res, notamment Ressources naturelles, Agriculture et Secr\u00e9tariat du Conseil du Tr\u00e9sor.<\/p>\n<p><strong>Denise Frenette, CPA, CA <\/strong>a joint les rangs de la fonction publique en 1988, au Bureau du v\u00e9rificateur g\u00e9n\u00e9ral \u00e0 Ottawa. Elle est d\u00e9m\u00e9nag\u00e9e au Nouveau-Brunswick en 1992 o\u00f9 elle a travaill\u00e9 pour le compte d\u2019une compagnie d\u2019assurances priv\u00e9e avant de revenir \u00e0 la fonction publique en 1998 \u00e0 titre d\u2019agente d\u2019ex\u00e9cution de programmes au bureau r\u00e9gional du Nouveau-Brunswick de l\u2019APECA. Elle a ensuite occup\u00e9 divers postes \u00e0 l\u2019Agence, notamment ceux de directrice g\u00e9n\u00e9rale des Finances et de l\u2019Administration en 2006 et de vice-pr\u00e9sidente des Services financiers et int\u00e9gr\u00e9s, poste qu\u2019elle occupe depuis ao\u00fbt 2009. Elle est aussi la championne de l\u2019Agence pour Objectif 2020, Valeurs et \u00e9thique, \u00e9quit\u00e9 en mati\u00e8re d\u2019emploi\/diversit\u00e9.<\/p>\n<p><strong>Heather Langley, CPA, CMA <\/strong>est FI-03 \u00e0 l\u2019Agence de promotion \u00e9conomique du Canada atlantique; elle est n\u00e9e et a grandi \u00e0 Halifax. Elle s\u2019est jointe au gouvernement f\u00e9d\u00e9ral en 2006 \u00e0 titre de v\u00e9rificatrice \u00e0 Services de v\u00e9rification Canada, puis elle est devenue gestionnaire des finances \u00e0 SPAC en 2012. En avril 2017, elle est pass\u00e9e \u00e0 l\u2019APECA en qualit\u00e9 de gestionnaire des finances. Elle est membre du conseil d\u2019administration du Wee Care Developmental Centre, une garderie inclusive, entra\u00eeneure b\u00e9n\u00e9vole au sein du programme Enfant actif pour les Jeux olympiques sp\u00e9ciaux et m\u00e8re de deux fillettes.<\/p>\n<p><a href=\"http:\/\/susanstewart.ca\/\" target=\"_blank\" rel=\"noopener\"><strong>Susan Stewart<\/strong><\/a> est une humoriste, auteure et conf\u00e9renci\u00e8re professionnelle qui se consacre depuis une d\u00e9cennie \u00e0 divertir et \u00e0 inspirer les gens \u00e0 voir le bon c\u00f4t\u00e9 de la vie et \u00e0 ma\u00eetriser les pouvoirs de la pens\u00e9e positive. Susan est l\u2019auteure de <em>Reaching The Laugh Resort<\/em>,\u00a0<em>Your New Lenses Are Ready For Pick Up: A Guide To Seeing The Lighter Side Of Life<\/em> et <em>You Gotta Laugh: Wit\u00a0And Wisdom About Not Taking Life (Or Yourself) Too Seriously<\/em>.<\/p>\n<h3>H\u00e9bergement<\/h3>\n<p>Pour faire en sorte que les membres de la communaut\u00e9 FI de toute la R\u00e9gion atlantique puissent y participer, l\u2019ACAF remboursera les frais d\u2019une nuit\u00e9e d\u2019h\u00e9bergement \u00e0 l\u2019h\u00f4tel<strong> \u00e0 ses membres qui se d\u00e9placeront de l\u2019ext\u00e9rieur de la r\u00e9gion de Moncton<\/strong>. <strong>L\u2019ACAF ne remboursera pas les frais li\u00e9s au d\u00e9placement ou les faux-frais (c.-\u00e0-d., les repas).<\/strong><\/p>\n<p>La mise au point de l\u2019Atlantique est offerte \u00e0 la communaut\u00e9 FI du Canada atlantique gr\u00e2ce au Fonds conjoint de perfectionnement professionnel ACAF-BCG.<\/p>\n<h3>Inscription<\/h3>\n<p>Pour vous inscrire ou r\u00e9server une chambre ou si vous avez des questions, veuillez communiquer avec Lauren Doty (<a href=\"mailto:ldoty@acfo-acaf.com\">ldoty@acfo-acaf.com<\/a>).<\/p>\n","protected":false},"excerpt":{"rendered":"<p>L\u2019ACAF et l\u2019IGF Moncton pr\u00e9sentent\u00a0: La mise au point 2017 de l\u2019Atlantique\u00a0: remplir son coffre \u00e0 outils en leadership L\u2019ACAF [&hellip;]<\/p>\n","protected":false},"author":0,"featured_media":1024,"comment_status":"closed","ping_status":"closed","sticky":false,"template":"","format":"standard","meta":{"_acf_changed":false,"footnotes":""},"categories":[38],"tags":[],"class_list":["post-3539","post","type-post","status-publish","format-standard","has-post-thumbnail","hentry","category-mise-jour"],"acf":{"categories":[38],"groups":false,"canBeFeatured":false},"_links":{"self":[{"href":"https:\/\/www.acfo-acaf.com\/fr\/wp-json\/wp\/v2\/posts\/3539","targetHints":{"allow":["GET"]}}],"collection":[{"href":"https:\/\/www.acfo-acaf.com\/fr\/wp-json\/wp\/v2\/posts"}],"about":[{"href":"https:\/\/www.acfo-acaf.com\/fr\/wp-json\/wp\/v2\/types\/post"}],"replies":[{"embeddable":true,"href":"https:\/\/www.acfo-acaf.com\/fr\/wp-json\/wp\/v2\/comments?post=3539"}],"version-history":[{"count":0,"href":"https:\/\/www.acfo-acaf.com\/fr\/wp-json\/wp\/v2\/posts\/3539\/revisions"}],"acf:term":[{"embeddable":true,"taxonomy":"category","href":"https:\/\/www.acfo-acaf.com\/fr\/wp-json\/wp\/v2\/categories\/38"}],"wp:featuredmedia":[{"embeddable":true,"href":"https:\/\/www.acfo-acaf.com\/fr\/wp-json\/wp\/v2\/media\/1024"}],"wp:attachment":[{"href":"https:\/\/www.acfo-acaf.com\/fr\/wp-json\/wp\/v2\/media?parent=3539"}],"wp:term":[{"taxonomy":"category","embeddable":true,"href":"https:\/\/www.acfo-acaf.com\/fr\/wp-json\/wp\/v2\/categories?post=3539"},{"taxonomy":"post_tag","embeddable":true,"href":"https:\/\/www.acfo-acaf.com\/fr\/wp-json\/wp\/v2\/tags?post=3539"}],"curies":[{"name":"wp","href":"https:\/\/api.w.org\/{rel}","templated":true}]}}