{"id":3551,"date":"2017-07-25T08:38:57","date_gmt":"2017-07-25T08:38:57","guid":{"rendered":"http:\/\/www.acfo-acaf.com\/?p=9107"},"modified":"2017-07-25T08:38:57","modified_gmt":"2017-07-25T08:38:57","slug":"la-date-limite-des-rappels-de-salaires-approche","status":"publish","type":"post","link":"https:\/\/www.acfo-acaf.com\/fr\/la-date-limite-des-rappels-de-salaires-approche\/","title":{"rendered":"La date limite des rappels de salaires approche"},"content":{"rendered":"<p>Comme la plus r\u00e9cente convention collective FI pour la fonction publique a \u00e9t\u00e9 sign\u00e9e le 13 avril, la date limite de 120 jours pour la mise en \u0153uvre int\u00e9grale de ses dispositions, y compris le traitement de tous les paiements r\u00e9troactifs (<a href=\"http:\/\/www.acfo-acaf.com\/fr\/2017\/03\/31\/mise-a-jour-mise-en-oeuvre-de-la-convention-collective-fi-et-echeancier\/\">voir cette mise \u00e0 jour<\/a> pour de plus amples d\u00e9tails), est fix\u00e9e au 11\u00a0ao\u00fbt.<\/p>\n<p>\u00c9tant donn\u00e9 que les rajustements de rappels de salaires ont \u00e9t\u00e9 trait\u00e9s par \u00e9tapes, certains FI auront re\u00e7u des paiements partiels en plusieurs tranches et d\u2019autres, un paiement int\u00e9gral forfaitaire, selon la complexit\u00e9 des calculs et le fait que des calculs manuels s\u2019imposaient ou non. Veuillez v\u00e9rifier avec soin votre rappel de salaire sur vos plus r\u00e9cents talons de paye et vous assurer d\u2019avoir re\u00e7u le paiement int\u00e9gral d\u2019ici le 11 ao\u00fbt.<\/p>\n<p>Si vous n\u2019avez pas re\u00e7u votre paiement int\u00e9gral ou s\u2019il y a des erreurs dans votre paiement, veuillez communiquer avec <a href=\"mailto:labourrelations@acfo-acaf.com\">labourrelations@acfo-acaf.com<\/a> apr\u00e8s le 11 ao\u00fbt afin que nous puissions tenter de faire acc\u00e9l\u00e9rer votre dossier. Si vous avez d\u00e9j\u00e0 contact\u00e9 l\u2019ACAF au sujet de probl\u00e8mes de paye et que votre dossier n\u2019est pas encore r\u00e9gl\u00e9, veuillez faire le point avec nous sur l\u2019\u00e9tat de votre dossier, de sorte que nous puissions faire en sorte que ces probl\u00e8mes soient r\u00e9gl\u00e9s en temps opportun.<\/p>\n","protected":false},"excerpt":{"rendered":"<p>Comme la plus r\u00e9cente convention collective FI pour la fonction publique a \u00e9t\u00e9 sign\u00e9e le 13 avril, la date limite [&hellip;]<\/p>\n","protected":false},"author":0,"featured_media":625,"comment_status":"closed","ping_status":"closed","sticky":false,"template":"","format":"standard","meta":{"_acf_changed":false,"footnotes":""},"categories":[20],"tags":[],"class_list":["post-3551","post","type-post","status-publish","format-standard","has-post-thumbnail","hentry","category-negociation-collective"],"acf":{"categories":[20],"groups":false,"canBeFeatured":false},"_links":{"self":[{"href":"https:\/\/www.acfo-acaf.com\/fr\/wp-json\/wp\/v2\/posts\/3551","targetHints":{"allow":["GET"]}}],"collection":[{"href":"https:\/\/www.acfo-acaf.com\/fr\/wp-json\/wp\/v2\/posts"}],"about":[{"href":"https:\/\/www.acfo-acaf.com\/fr\/wp-json\/wp\/v2\/types\/post"}],"replies":[{"embeddable":true,"href":"https:\/\/www.acfo-acaf.com\/fr\/wp-json\/wp\/v2\/comments?post=3551"}],"version-history":[{"count":0,"href":"https:\/\/www.acfo-acaf.com\/fr\/wp-json\/wp\/v2\/posts\/3551\/revisions"}],"acf:term":[{"embeddable":true,"taxonomy":"category","href":"https:\/\/www.acfo-acaf.com\/fr\/wp-json\/wp\/v2\/categories\/20"}],"wp:featuredmedia":[{"embeddable":true,"href":"https:\/\/www.acfo-acaf.com\/fr\/wp-json\/wp\/v2\/media\/625"}],"wp:attachment":[{"href":"https:\/\/www.acfo-acaf.com\/fr\/wp-json\/wp\/v2\/media?parent=3551"}],"wp:term":[{"taxonomy":"category","embeddable":true,"href":"https:\/\/www.acfo-acaf.com\/fr\/wp-json\/wp\/v2\/categories?post=3551"},{"taxonomy":"post_tag","embeddable":true,"href":"https:\/\/www.acfo-acaf.com\/fr\/wp-json\/wp\/v2\/tags?post=3551"}],"curies":[{"name":"wp","href":"https:\/\/api.w.org\/{rel}","templated":true}]}}