{"id":3583,"date":"2017-04-05T15:58:22","date_gmt":"2017-04-05T15:58:22","guid":{"rendered":"http:\/\/www.acfo-acaf.com\/?p=8772"},"modified":"2017-04-05T15:58:22","modified_gmt":"2017-04-05T15:58:22","slug":"victoire-de-lacaf-devant-loit","status":"publish","type":"post","link":"https:\/\/www.acfo-acaf.com\/fr\/victoire-de-lacaf-devant-loit\/","title":{"rendered":"Victoire de l\u2019ACAF devant l\u2019OIT"},"content":{"rendered":"<p>En septembre 2015, l\u2019<a href=\"http:\/\/www.acfo-acaf.com\/fr\/2015\/09\/09\/une-plainte-redigee-par-lacaf-deposee-aupres-de-loit\/\" target=\"_blank\" rel=\"noopener\">ACAF a pilot\u00e9 la r\u00e9daction d\u2019une plainte<\/a> contre le gouvernement Harper qui a \u00e9t\u00e9 d\u00e9pos\u00e9e aupr\u00e8s de l\u2019Organisation internationale du Travail (OIT). La plainte \u00e9tait parrain\u00e9e par nos partenaires du Congr\u00e8s du Travail du Canada (CTC) et l\u2019Internationale des Services Publics (ISP), en r\u00e9action au projet de loi C-59.<\/p>\n<p>Le projet de loi C-59 se voulait une attaque id\u00e9ologique contre notre libert\u00e9 d\u2019association et notre de droit \u00e0 la n\u00e9gociation collective. Il comportait un \u00e9ventail de dispositions r\u00e9gressives qui conf\u00e9raient au gouvernement le pouvoir l\u00e9gislatif d\u2019abroger ou de modifier unilat\u00e9ralement des droits obtenus par voie de n\u00e9gociation collective; limitaient la comp\u00e9tence des arbitres du travail ind\u00e9pendants; et violaient fondamentalement les protections du gel pr\u00e9vu par la loi de nos conditions d\u2019emploi \u00e0 l\u2019expiration d\u2019une convention collective.<\/p>\n<p><a href=\"http:\/\/www.ilo.org\/gb\/GBSessions\/GB329\/ins\/WCMS_548466\/lang--fr\/index.htm\" target=\"_blank\" rel=\"noopener\">Dans sa d\u00e9cision en l\u2019esp\u00e8ce<\/a>, l\u2019OIT s\u2019est rang\u00e9e \u00e0 l\u2019avis de l\u2019ACAF et de ses partenaires membres du CNM qui se sont joints \u00e0 sa plainte et elle a encourag\u00e9 le Canada \u00ab\u00a0\u00e0 poursuivre son action pour mettre la l\u00e9gislation en conformit\u00e9 avec le principe de la libert\u00e9 syndicale et le principe de la promotion du d\u00e9veloppement et de l\u2019utilisation les plus larges de proc\u00e9dures de n\u00e9gociation collective en pleine consultation avec les partenaires sociaux concern\u00e9s\u00a0\u00bb.<\/p>\n<p>En r\u00e9action aux efforts solides, strat\u00e9giques et coordonn\u00e9s de syndicats, comme la plainte de l\u2019ACAF aupr\u00e8s de l\u2019OIT, le gouvernement lib\u00e9ral a, au d\u00e9but de son mandat, d\u00e9pos\u00e9 un projet de loi visant \u00e0 abroger ces dispositions et il a n\u00e9goci\u00e9 des conditions transitoires qui ont servi en partie \u00e0 conclure notre nouvelle convention collective dont la signature aura lieu le 13 avril. Le projet de loi n\u2019a toutefois pas encore \u00e9t\u00e9 adopt\u00e9.<\/p>\n<p>Cette d\u00e9cision de l\u2019OIT constitue un vif rappel de l\u2019importance de veiller \u00e0 ce que le projet de loi soit adopt\u00e9 et obtienne la sanction royale et deviendra une jurisprudence utile si jamais les gouvernements devaient dans l\u2019avenir tenter de miner les droits \u00e0 la n\u00e9gociation collective des fonctionnaires.<\/p>\n<p>L\u2019ACAF est reconnaissante au CTC et \u00e0 l\u2019ISP de leur soutien et de leur appui dans cet important enjeu.<\/p>\n","protected":false},"excerpt":{"rendered":"<p>En septembre 2015, l\u2019ACAF a pilot\u00e9 la r\u00e9daction d\u2019une plainte contre le gouvernement Harper qui a \u00e9t\u00e9 d\u00e9pos\u00e9e aupr\u00e8s de [&hellip;]<\/p>\n","protected":false},"author":0,"featured_media":392,"comment_status":"closed","ping_status":"closed","sticky":false,"template":"","format":"standard","meta":{"_acf_changed":false,"footnotes":""},"categories":[22,38],"tags":[],"class_list":["post-3583","post","type-post","status-publish","format-standard","has-post-thumbnail","hentry","category-commentaires-sujet-politique","category-mise-jour"],"acf":{"categories":[22,38],"groups":false,"canBeFeatured":false},"_links":{"self":[{"href":"https:\/\/www.acfo-acaf.com\/fr\/wp-json\/wp\/v2\/posts\/3583","targetHints":{"allow":["GET"]}}],"collection":[{"href":"https:\/\/www.acfo-acaf.com\/fr\/wp-json\/wp\/v2\/posts"}],"about":[{"href":"https:\/\/www.acfo-acaf.com\/fr\/wp-json\/wp\/v2\/types\/post"}],"replies":[{"embeddable":true,"href":"https:\/\/www.acfo-acaf.com\/fr\/wp-json\/wp\/v2\/comments?post=3583"}],"version-history":[{"count":0,"href":"https:\/\/www.acfo-acaf.com\/fr\/wp-json\/wp\/v2\/posts\/3583\/revisions"}],"acf:term":[{"embeddable":true,"taxonomy":"category","href":"https:\/\/www.acfo-acaf.com\/fr\/wp-json\/wp\/v2\/categories\/38"},{"embeddable":true,"taxonomy":"category","href":"https:\/\/www.acfo-acaf.com\/fr\/wp-json\/wp\/v2\/categories\/22"}],"wp:featuredmedia":[{"embeddable":true,"href":"https:\/\/www.acfo-acaf.com\/fr\/wp-json\/wp\/v2\/media\/392"}],"wp:attachment":[{"href":"https:\/\/www.acfo-acaf.com\/fr\/wp-json\/wp\/v2\/media?parent=3583"}],"wp:term":[{"taxonomy":"category","embeddable":true,"href":"https:\/\/www.acfo-acaf.com\/fr\/wp-json\/wp\/v2\/categories?post=3583"},{"taxonomy":"post_tag","embeddable":true,"href":"https:\/\/www.acfo-acaf.com\/fr\/wp-json\/wp\/v2\/tags?post=3583"}],"curies":[{"name":"wp","href":"https:\/\/api.w.org\/{rel}","templated":true}]}}