{"id":3585,"date":"2017-04-04T08:44:14","date_gmt":"2017-04-04T08:44:14","guid":{"rendered":"http:\/\/www.acfo-acaf.com\/?p=8765"},"modified":"2017-04-04T08:44:14","modified_gmt":"2017-04-04T08:44:14","slug":"le-budget-2017-modifications-proposees-aux-prestations-parentales","status":"publish","type":"post","link":"https:\/\/www.acfo-acaf.com\/fr\/le-budget-2017-modifications-proposees-aux-prestations-parentales\/","title":{"rendered":"Le budget 2017 : modifications propos\u00e9es aux prestations parentales"},"content":{"rendered":"<p>Outre certaines des propositions expos\u00e9es dans la <a href=\"http:\/\/www.acfo-acaf.com\/fr\/2017\/03\/22\/le-budget-de-2017-messages-positifs-mais-mesures-limitees\/\">r\u00e9action de l\u2019ACAF<\/a> au budget 2017, il est devenu manifeste que des modifications propos\u00e9es \u00e0 certaines prestations parentales et de soignants pourraient avoir des incidences sur les avantages pr\u00e9vus dans la convention collective FI pour la fonction publique.<\/p>\n<p>Il est important de noter qu\u2019\u00e0 l\u2019heure actuelle, les modifications aux prestations de soignants naturels et de maternit\u00e9 et aux prestations parentales en vertu de l\u2019assurance-emploi (AE) ne sont que des propositions. Par cons\u00e9quent, les employ\u00e9s qui sont actuellement en cong\u00e9 de maternit\u00e9, cong\u00e9 parental ou cong\u00e9 de soignant qui touchent des prestations d\u2019AE ne peuvent pas b\u00e9n\u00e9ficier de ces initiatives budg\u00e9taires pour le moment.<\/p>\n<p>Une fois que des amendements \u00e0 la <em>Loi sur l\u2019assurance-emploi<\/em> donnant effet \u00e0 ces mesures auront \u00e9t\u00e9 d\u00e9pos\u00e9es, nous proc\u00e9derons \u00e0 un examen plus approfondi afin d\u2019\u00e9tablir les incidences qu\u2019elles pourraient avoir sur les fonctionnaires f\u00e9d\u00e9raux.<\/p>\n<p>L\u2019ACAF a communiqu\u00e9 avec le Conseil du Tr\u00e9sor pour amorcer des discussions sur l\u2019impact de ces modifications sur la communaut\u00e9 FI. Nous continuerons \u00e0 surveiller de pr\u00e8s ces initiatives budg\u00e9taires et nous vous tiendrons au courant des d\u00e9tails au fur et \u00e0 mesure que nous les conna\u00eetrons.<\/p>\n","protected":false},"excerpt":{"rendered":"<p>Outre certaines des propositions expos\u00e9es dans la r\u00e9action de l\u2019ACAF au budget 2017, il est devenu manifeste que des modifications [&hellip;]<\/p>\n","protected":false},"author":0,"featured_media":936,"comment_status":"closed","ping_status":"closed","sticky":false,"template":"","format":"standard","meta":{"_acf_changed":false,"footnotes":""},"categories":[22],"tags":[],"class_list":["post-3585","post","type-post","status-publish","format-standard","has-post-thumbnail","hentry","category-commentaires-sujet-politique"],"acf":{"categories":[22],"groups":false,"canBeFeatured":false},"_links":{"self":[{"href":"https:\/\/www.acfo-acaf.com\/fr\/wp-json\/wp\/v2\/posts\/3585","targetHints":{"allow":["GET"]}}],"collection":[{"href":"https:\/\/www.acfo-acaf.com\/fr\/wp-json\/wp\/v2\/posts"}],"about":[{"href":"https:\/\/www.acfo-acaf.com\/fr\/wp-json\/wp\/v2\/types\/post"}],"replies":[{"embeddable":true,"href":"https:\/\/www.acfo-acaf.com\/fr\/wp-json\/wp\/v2\/comments?post=3585"}],"version-history":[{"count":0,"href":"https:\/\/www.acfo-acaf.com\/fr\/wp-json\/wp\/v2\/posts\/3585\/revisions"}],"acf:term":[{"embeddable":true,"taxonomy":"category","href":"https:\/\/www.acfo-acaf.com\/fr\/wp-json\/wp\/v2\/categories\/22"}],"wp:featuredmedia":[{"embeddable":true,"href":"https:\/\/www.acfo-acaf.com\/fr\/wp-json\/wp\/v2\/media\/936"}],"wp:attachment":[{"href":"https:\/\/www.acfo-acaf.com\/fr\/wp-json\/wp\/v2\/media?parent=3585"}],"wp:term":[{"taxonomy":"category","embeddable":true,"href":"https:\/\/www.acfo-acaf.com\/fr\/wp-json\/wp\/v2\/categories?post=3585"},{"taxonomy":"post_tag","embeddable":true,"href":"https:\/\/www.acfo-acaf.com\/fr\/wp-json\/wp\/v2\/tags?post=3585"}],"curies":[{"name":"wp","href":"https:\/\/api.w.org\/{rel}","templated":true}]}}