{"id":3699,"date":"2016-06-08T14:02:33","date_gmt":"2016-06-08T14:02:33","guid":{"rendered":"http:\/\/www.acfo-acaf.com\/?p=7403"},"modified":"2016-06-08T14:02:33","modified_gmt":"2016-06-08T14:02:33","slug":"des-mesures-interimaires-adoptees-pour-les-negociations-un-autre-pas-dans-la-bonne-voie","status":"publish","type":"post","link":"https:\/\/www.acfo-acaf.com\/fr\/des-mesures-interimaires-adoptees-pour-les-negociations-un-autre-pas-dans-la-bonne-voie\/","title":{"rendered":"Des mesures int\u00e9rimaires adopt\u00e9es pour les n\u00e9gociations : un autre pas dans la bonne voie"},"content":{"rendered":"<p>Ce matin, le gouvernement <a href=\"http:\/\/ottawacitizen.com\/news\/national\/brison-agrees-to-interim-measures-for-bargaining-with-ps-unions\">a annonc\u00e9 qu\u2019il avait adopt\u00e9 des mesures int\u00e9rimaires<\/a> pour les n\u00e9gociations collectives dans le secteur public, qui visent \u00e0 am\u00e9liorer la justice et l\u2019\u00e9quilibre \u00e0 la table de n\u00e9gociation d\u2019ici \u00e0 l\u2019abrogation formelle du projet de loi antisyndical C-4 \u00e0 l\u2019automne. Comme toujours, l\u2019ACAF s\u2019est donn\u00e9 comme objectif de conclure une entente qui r\u00e9mun\u00e8re \u00e9quitablement les FI pour la valeur exceptionnelle qu\u2019ils apportent \u00e0 la fonction publique gr\u00e2ce \u00e0 leur expertise en mati\u00e8re de gestion financi\u00e8re. Toute mesure qui nous permet de nous pr\u00e9senter \u00e0 la table de bonne foi et avec l\u2019attente de r\u00e8gles du jeu plus \u00e9quitables constitue un pas dans la bonne voie. Nous savons gr\u00e9 au gouvernement du geste qu\u2019il a pos\u00e9 et nous avons h\u00e2te d\u2019avoir des discussions encore plus productives dans l\u2019avenir.<\/p>\n<ul>\n<li><a href=\"http:\/\/www.acfo-acaf.com\/wp-content\/uploads\/2016\/06\/2016-06-06-TreasuryBoardLetterFR.pdf\" target=\"_blank\" rel=\"noopener\">Lisez la lettre de Scott Brison ici<\/a><\/li>\n<\/ul>\n","protected":false},"excerpt":{"rendered":"<p>Ce matin, le gouvernement a annonc\u00e9 qu\u2019il avait adopt\u00e9 des mesures int\u00e9rimaires pour les n\u00e9gociations collectives dans le secteur public, [&hellip;]<\/p>\n","protected":false},"author":0,"featured_media":451,"comment_status":"closed","ping_status":"closed","sticky":false,"template":"","format":"standard","meta":{"_acf_changed":false,"footnotes":""},"categories":[20],"tags":[],"class_list":["post-3699","post","type-post","status-publish","format-standard","has-post-thumbnail","hentry","category-negociation-collective"],"acf":{"categories":[20],"groups":false,"canBeFeatured":false},"_links":{"self":[{"href":"https:\/\/www.acfo-acaf.com\/fr\/wp-json\/wp\/v2\/posts\/3699","targetHints":{"allow":["GET"]}}],"collection":[{"href":"https:\/\/www.acfo-acaf.com\/fr\/wp-json\/wp\/v2\/posts"}],"about":[{"href":"https:\/\/www.acfo-acaf.com\/fr\/wp-json\/wp\/v2\/types\/post"}],"replies":[{"embeddable":true,"href":"https:\/\/www.acfo-acaf.com\/fr\/wp-json\/wp\/v2\/comments?post=3699"}],"version-history":[{"count":0,"href":"https:\/\/www.acfo-acaf.com\/fr\/wp-json\/wp\/v2\/posts\/3699\/revisions"}],"acf:term":[{"embeddable":true,"taxonomy":"category","href":"https:\/\/www.acfo-acaf.com\/fr\/wp-json\/wp\/v2\/categories\/20"}],"wp:featuredmedia":[{"embeddable":true,"href":"https:\/\/www.acfo-acaf.com\/fr\/wp-json\/wp\/v2\/media\/451"}],"wp:attachment":[{"href":"https:\/\/www.acfo-acaf.com\/fr\/wp-json\/wp\/v2\/media?parent=3699"}],"wp:term":[{"taxonomy":"category","embeddable":true,"href":"https:\/\/www.acfo-acaf.com\/fr\/wp-json\/wp\/v2\/categories?post=3699"},{"taxonomy":"post_tag","embeddable":true,"href":"https:\/\/www.acfo-acaf.com\/fr\/wp-json\/wp\/v2\/tags?post=3699"}],"curies":[{"name":"wp","href":"https:\/\/api.w.org\/{rel}","templated":true}]}}