{"id":3781,"date":"2015-09-08T13:16:55","date_gmt":"2015-09-08T13:16:55","guid":{"rendered":"http:\/\/www.acfo-acaf.com\/?p=6603"},"modified":"2015-09-08T13:16:55","modified_gmt":"2015-09-08T13:16:55","slug":"annonce-dun-sondage-sur-letat-de-la-communaute-fi","status":"publish","type":"post","link":"https:\/\/www.acfo-acaf.com\/fr\/annonce-dun-sondage-sur-letat-de-la-communaute-fi\/","title":{"rendered":"Annonce d\u2019un sondage sur l\u2019\u00e9tat de la communaut\u00e9 FI"},"content":{"rendered":"<p>Dans deux semaines, l\u2019ACAF lancera son premier sondage annuel sur l\u2019\u00e9tat de la communaut\u00e9 FI, son plus important jusqu\u2019ici. Il sera extr\u00eamement utile \u00e0 la communaut\u00e9 FI en milieu de travail, \u00e0 la table de n\u00e9gociation, aux rencontres de CCPS (comit\u00e9s de consultation patronale-syndicale) et lors de pourparlers avec les APF.<\/p>\n<p>Le sondage portera sur les priorit\u00e9s cl\u00e9s de la communaut\u00e9 FI, notamment les cong\u00e9s, le perfectionnement professionnel et la conciliation travail-vie.<\/p>\n<p>Nous garantissons la confidentialit\u00e9, et seules les donn\u00e9es group\u00e9es suffisamment nombreuses pour prot\u00e9ger votre anonymat seront partag\u00e9es avec l\u2019employeur. Cependant, la fourniture de renseignements comme le\u00a0 nom de votre minist\u00e8re, votre statut professionnel et votre r\u00e9gion nous permettra de recueillir des donn\u00e9es concr\u00e8tes sur la communaut\u00e9 FI et la satisfaction \u00e0 l\u2019\u00e9chelle minist\u00e9rielle, de faire la lumi\u00e8re sur leurs principaux points et forts et lacunes et de les exposer.<\/p>\n<p>Un rapport d\u00e9taill\u00e9 fond\u00e9 sur les r\u00e9sultats que l\u2019ACAF publiera favorisera d\u2019une part la concurrence entre les minist\u00e8res qui voudront am\u00e9liorer leur rendement et, d\u2019autre part, <em>vous renseignera avec exactitude sur les minist\u00e8res qui offrent aux FI le plus grand nombre d\u2019occasions de r\u00e9ussite tout en respectant vos droits <\/em>:<\/p>\n<ul>\n<li>le rang annuel des minist\u00e8res sera mis \u00e0 la disposition des membres de l\u2019ACAF afin de les aider \u00e0 \u00e9valuer les occasions d\u2019avancement;<\/li>\n<li>nous ciblerons de mani\u00e8re strat\u00e9gique et constructive les minist\u00e8res dont le rendement est faible afin de les aider \u00e0 am\u00e9liorer leurs r\u00e9sultats; et<\/li>\n<li>nous soulignerons les minist\u00e8res dont le rendement est sup\u00e9rieur de mani\u00e8re \u00e0 encourager la tendance \u00e0 la hausse dans ces secteurs.<\/li>\n<\/ul>\n<p>Enfin, l\u2019\u00e9quipe des relations de travail de l\u2019ACAF pr\u00e9sentera ces donn\u00e9es d\u00e9mographiques pr\u00e9cieuses \u2013 donn\u00e9es que, contre toute logique, l\u2019employeur n\u2019a pas recueillies \u2013 \u00e0 la table de n\u00e9gociation, aux rencontres de CCPS et lors de pourparlers avec les APF, pour renforcer le fait que la communaut\u00e9 FI est un groupe digne de normes professionnelles \u00e9lev\u00e9es.<\/p>\n<p>Lorsque le sondage sera livr\u00e9 dans votre bo\u00eete de r\u00e9ception, le 22 septembre, nous vous serions reconnaissants de bien vouloir prendre quelques minutes pour le remplir durant l\u2019une de vos pauses.<\/p>\n","protected":false},"excerpt":{"rendered":"<p>Dans deux semaines, l\u2019ACAF lancera son premier sondage annuel sur l\u2019\u00e9tat de la communaut\u00e9 FI, son plus important jusqu\u2019ici. Il [&hellip;]<\/p>\n","protected":false},"author":0,"featured_media":391,"comment_status":"closed","ping_status":"closed","sticky":false,"template":"","format":"standard","meta":{"_acf_changed":false,"footnotes":""},"categories":[38],"tags":[],"class_list":["post-3781","post","type-post","status-publish","format-standard","has-post-thumbnail","hentry","category-mise-jour"],"acf":{"categories":[38],"groups":false,"canBeFeatured":false},"_links":{"self":[{"href":"https:\/\/www.acfo-acaf.com\/fr\/wp-json\/wp\/v2\/posts\/3781","targetHints":{"allow":["GET"]}}],"collection":[{"href":"https:\/\/www.acfo-acaf.com\/fr\/wp-json\/wp\/v2\/posts"}],"about":[{"href":"https:\/\/www.acfo-acaf.com\/fr\/wp-json\/wp\/v2\/types\/post"}],"replies":[{"embeddable":true,"href":"https:\/\/www.acfo-acaf.com\/fr\/wp-json\/wp\/v2\/comments?post=3781"}],"version-history":[{"count":0,"href":"https:\/\/www.acfo-acaf.com\/fr\/wp-json\/wp\/v2\/posts\/3781\/revisions"}],"acf:term":[{"embeddable":true,"taxonomy":"category","href":"https:\/\/www.acfo-acaf.com\/fr\/wp-json\/wp\/v2\/categories\/38"}],"wp:featuredmedia":[{"embeddable":true,"href":"https:\/\/www.acfo-acaf.com\/fr\/wp-json\/wp\/v2\/media\/391"}],"wp:attachment":[{"href":"https:\/\/www.acfo-acaf.com\/fr\/wp-json\/wp\/v2\/media?parent=3781"}],"wp:term":[{"taxonomy":"category","embeddable":true,"href":"https:\/\/www.acfo-acaf.com\/fr\/wp-json\/wp\/v2\/categories?post=3781"},{"taxonomy":"post_tag","embeddable":true,"href":"https:\/\/www.acfo-acaf.com\/fr\/wp-json\/wp\/v2\/tags?post=3781"}],"curies":[{"name":"wp","href":"https:\/\/api.w.org\/{rel}","templated":true}]}}