{"id":3817,"date":"2015-06-16T11:26:25","date_gmt":"2015-06-16T11:26:25","guid":{"rendered":"http:\/\/www.acfo-acaf.com\/?p=8462"},"modified":"2015-06-16T11:26:25","modified_gmt":"2015-06-16T11:26:25","slug":"8462","status":"publish","type":"post","link":"https:\/\/www.acfo-acaf.com\/fr\/8462\/","title":{"rendered":"\u00d6gmundur J\u00f3nasson: L\u2019exp\u00e9rience islandaise"},"content":{"rendered":"<p><em>Les 16-17 juin 2015, l\u2019ACAF a \u00e9t\u00e9 l\u2019h\u00f4tesse du sommet sur le financement de la d\u00e9mocratie, une activit\u00e9 de port\u00e9e internationale d\u2019une dur\u00e9e de deux jours regroupant des chefs de file mondiaux de l\u2019industrie, du gouvernement, de l\u2019\u00e9ducation et des ONG afin de se pencher sur les enjeux en mati\u00e8re de fiscalit\u00e9, de corruption et de commerce et d\u2019\u00e9laborer des pistes de solution \u00e0 ces probl\u00e8mes mondiaux. Voici un r\u00e9sum\u00e9 du sommet sur le financement de la d\u00e9mocratie.<\/em><\/p>\n<p><strong>\u00d6gmundur\u00a0J\u00f3nasson lance le sommet sur le financement de la d\u00e9mocratie en puisant dans les le\u00e7ons tir\u00e9es de la crise \u00e9conomique et de la reprise en Islande\u00a0<\/strong><\/p>\n<p>\u00d6gmundur\u00a0J\u00f3nasson, membre du Parlement de l\u2019Islande, a amorc\u00e9 le sommet sur le financement de la d\u00e9mocratie mardi en puisant dans sa perspective personnelle de la crise financi\u00e8re et de la reprise en Islande. M. J\u00f3nasson a bross\u00e9 un bref historique de l\u2019Islande avant que le pays ne plonge dans ce qui est consid\u00e9r\u00e9 comme l\u2019une des pires crises financi\u00e8res dans le monde, puis en exposant les mesures que l\u2019Islande a prises pour s\u2019en remettre et les avantages \u00e0 long terme de leurs solutions.<\/p>\n<p>J\u00f3nasson a expliqu\u00e9 qu\u2019en 2008, le syst\u00e8me financier de l\u2019Islande s\u2019est effondr\u00e9. Une r\u00e9orientation vers la sous-traitance et la commercialisation ainsi que la privatisation compl\u00e8te des banques ont entra\u00een\u00e9 un gonflement du syst\u00e8me. Jusque-l\u00e0, l\u2019Islande jouissait d\u2019une \u00e9conomie florissante et d\u2019une p\u00e9riode de quasi plein emploi, mais la crise a tout chang\u00e9.<\/p>\n<p>J\u00f3nasson a poursuivi en exposant les mesures et les politiques cl\u00e9s qui ont permis \u00e0 l\u2019Islande de se r\u00e9tablir rapidement, tout en mettant l\u2019accent sur les gens et la collectivit\u00e9. Il a d\u00e9taill\u00e9 les mesures expresses que le gouvernement a prises pour adopter des lois visant \u00e0 ralentir les taux de faillites massives, de fermetures d\u2019entreprises et de saisies de maisons \u2014 mesures qu\u2019il qualifie de cruciales pour le r\u00e9tablissement rapide.<\/p>\n<p>Il y a eu d\u2019autres politiques cl\u00e9s, notamment pour emp\u00eacher la socialisation des banques priv\u00e9es, prot\u00e9ger l\u2019\u00e9conomie r\u00e9elle et \u00e9tablir des objectifs pour \u00e9quilibrer le budget. Ces objectifs ont permis d\u2019amasser un total de 31,6\u00a0% des compressions budg\u00e9taires. M.\u00a0J\u00f3nasson a fait remarquer que l\u2019objectif principal consistait \u00e0 prot\u00e9ger les emplois dans les services de bien-\u00eatre comme les h\u00f4pitaux et l\u2019\u00e9ducation \u2014 une approche ascendante qui allait \u00e0 l\u2019encontre de l\u2019avis du FMI.<\/p>\n<p>Il a soulign\u00e9 que les compressions avaient \u00e9t\u00e9 g\u00e9n\u00e9ralement accept\u00e9es. Tout le monde savait que cela s\u2019imposait, d\u2019ajouter M. J\u00f3nasson,\u00a0mais la cl\u00e9, c\u2019\u00e9tait la r\u00e9organisation. Les avantages \u00e0 long terme de ces mesures ont \u00e9t\u00e9 les suivants\u00a0:<\/p>\n<ul>\n<li>renforcement des infrastructures et de la culture<\/li>\n<li>libert\u00e9 de mettre l\u2019accent sur les enjeux sociaux<\/li>\n<li>discussions sur la d\u00e9mocratisation<\/li>\n<\/ul>\n<p>En guise de conclusion, M. J\u00f3nasson a rappel\u00e9 \u00e0 l\u2019auditoire que, pour voguer en eaux plus calmes, nous avons tous et toutes besoin d\u2019un aviron \u2013 mais cela ne fonctionne que si nous sommes dans le m\u00eame bateau.<\/p>\n","protected":false},"excerpt":{"rendered":"<p>Les 16-17 juin 2015, l\u2019ACAF a \u00e9t\u00e9 l\u2019h\u00f4tesse du sommet sur le financement de la d\u00e9mocratie, une activit\u00e9 de port\u00e9e [&hellip;]<\/p>\n","protected":false},"author":0,"featured_media":825,"comment_status":"closed","ping_status":"closed","sticky":false,"template":"","format":"standard","meta":{"_acf_changed":false,"footnotes":""},"categories":[22],"tags":[],"class_list":["post-3817","post","type-post","status-publish","format-standard","has-post-thumbnail","hentry","category-commentaires-sujet-politique"],"acf":{"categories":[22],"groups":false,"canBeFeatured":false},"_links":{"self":[{"href":"https:\/\/www.acfo-acaf.com\/fr\/wp-json\/wp\/v2\/posts\/3817","targetHints":{"allow":["GET"]}}],"collection":[{"href":"https:\/\/www.acfo-acaf.com\/fr\/wp-json\/wp\/v2\/posts"}],"about":[{"href":"https:\/\/www.acfo-acaf.com\/fr\/wp-json\/wp\/v2\/types\/post"}],"replies":[{"embeddable":true,"href":"https:\/\/www.acfo-acaf.com\/fr\/wp-json\/wp\/v2\/comments?post=3817"}],"version-history":[{"count":0,"href":"https:\/\/www.acfo-acaf.com\/fr\/wp-json\/wp\/v2\/posts\/3817\/revisions"}],"acf:term":[{"embeddable":true,"taxonomy":"category","href":"https:\/\/www.acfo-acaf.com\/fr\/wp-json\/wp\/v2\/categories\/22"}],"wp:featuredmedia":[{"embeddable":true,"href":"https:\/\/www.acfo-acaf.com\/fr\/wp-json\/wp\/v2\/media\/825"}],"wp:attachment":[{"href":"https:\/\/www.acfo-acaf.com\/fr\/wp-json\/wp\/v2\/media?parent=3817"}],"wp:term":[{"taxonomy":"category","embeddable":true,"href":"https:\/\/www.acfo-acaf.com\/fr\/wp-json\/wp\/v2\/categories?post=3817"},{"taxonomy":"post_tag","embeddable":true,"href":"https:\/\/www.acfo-acaf.com\/fr\/wp-json\/wp\/v2\/tags?post=3817"}],"curies":[{"name":"wp","href":"https:\/\/api.w.org\/{rel}","templated":true}]}}