{"id":3825,"date":"2015-06-17T14:41:38","date_gmt":"2015-06-17T14:41:38","guid":{"rendered":"http:\/\/www.acfo-acaf.com\/?p=8692"},"modified":"2015-06-17T14:41:38","modified_gmt":"2015-06-17T14:41:38","slug":"jim-stanford-coter-le-rendement-economique-du-canada-sous-divers-premiers-ministres-2","status":"publish","type":"post","link":"https:\/\/www.acfo-acaf.com\/fr\/jim-stanford-coter-le-rendement-economique-du-canada-sous-divers-premiers-ministres-2\/","title":{"rendered":"Jim Stanford: Coter le rendement \u00e9conomique du Canada sous divers premiers ministres"},"content":{"rendered":"<p><em>Les 16-17 juin 2015, l\u2019ACAF a \u00e9t\u00e9 l\u2019h\u00f4tesse du sommet sur le financement de la d\u00e9mocratie, une activit\u00e9 de port\u00e9e internationale d\u2019une dur\u00e9e de deux jours regroupant des chefs de file mondiaux de l\u2019industrie, du gouvernement, de l\u2019\u00e9ducation et des ONG afin de se pencher sur les enjeux en mati\u00e8re de fiscalit\u00e9, de corruption et de commerce et d\u2019\u00e9laborer des pistes de solution \u00e0 ces probl\u00e8mes mondiaux. Voici un r\u00e9sum\u00e9 du sommet sur le financement de la d\u00e9mocratie.<\/em><\/p>\n<p><em><strong>Jim Stanford conteste les pr\u00e9tentions fiscales actuelles du gouvernement<\/strong><\/em><\/p>\n<p>L\u2019\u00e9conomiste d\u2019Unifor, Jim Stanford, a amorc\u00e9 la discussion en invitant l\u2019auditoire \u00e0 examiner comment il serait possible, collectivement, de tenter d\u2019influer sur l\u2019orientation du gouvernement. Il a contest\u00e9 la croyance pr\u00e9dominante que nous devons maintenir le statu quo afin de garder une main ferme sur la barre des finances.<\/p>\n<p>Gr\u00e2ce \u00e0 des citations illustratives puis\u00e9es dans divers discours politiques et comptes Twitter, M. Stanford a ensuite d\u00e9construit des fausset\u00e9s sur la stabilit\u00e9 fiscale du Canada selon des comptes rendus du gouvernement. Ces pr\u00e9tentions sont notamment les suivantes\u00a0:<\/p>\n<ul>\n<li>Le gouvernement a \u00e9quilibr\u00e9 le budget \u00e0 temps, comme promis<\/li>\n<li>Le gouvernement a cr\u00e9\u00e9 1,2 million d\u2019emplois<\/li>\n<li>Le gouvernement actuel est le meilleur gestionnaire \u00e9conomique de toute l\u2019histoire du Canada<\/li>\n<\/ul>\n<p>Stanford a d\u00e9truit la premi\u00e8re pr\u00e9tention en exposant une s\u00e9rie de mesures fiscales qui ont effectivement alt\u00e9r\u00e9 le paysage budg\u00e9taire. Qualifiant l\u2019astuce de \u00ab\u00a0jeu des gobelets\u00a0\u00bb, il a fait remarquer que les d\u00e9penses ont \u00e9t\u00e9 pellet\u00e9es \u00e0 l\u2019exercice suivant afin de prot\u00e9ger la pr\u00e9tention actuelle d\u2019exc\u00e9dent du gouvernement, alors qu\u2019en r\u00e9alit\u00e9, il serait plus correct de parler d\u2019un d\u00e9ficit budg\u00e9taire de six milliards de dollars.<\/p>\n<p>Le gouvernement actuel pr\u00e9tend avoir cr\u00e9\u00e9 1,2 million d\u2019emplois, mais la plupart ne viennent pas de postes qu\u2019il contr\u00f4le. Selon M. Stanford, des milliers de postes ont effectivement \u00e9t\u00e9 abolis au sein du gouvernement f\u00e9d\u00e9ral. Il a ajout\u00e9 qu\u2019une grande pr\u00e9occupation relative aux rapports sur les donn\u00e9es de l\u2019emploi, c\u2019est que ces donn\u00e9es sont souvent prises hors du contexte du nombre de personnes qui ont vraiment besoin d\u2019un emploi au Canada.<\/p>\n<p>Stanford a contest\u00e9 la derni\u00e8re pr\u00e9tention par une s\u00e9rie de statistiques comparant les gouvernements pass\u00e9s de l\u2019apr\u00e8s-guerre et le gouvernement actuel. Dans le secteur du travail du point de vue tant qualitatif que quantitatif, le gouvernement de Stephen Harper figure comme le pire. Il se situe aussi au dernier rang pour la croissance et \u00e0 l\u2019avant-dernier rang pour la productivit\u00e9.<\/p>\n<p>Stanford a enfin conclu que le gouvernement actuel figure vraiment comme le pire gestionnaire de toute l\u2019histoire de l\u2019apr\u00e8s-guerre du Canada.<\/p>\n","protected":false},"excerpt":{"rendered":"<p>Les 16-17 juin 2015, l\u2019ACAF a \u00e9t\u00e9 l\u2019h\u00f4tesse du sommet sur le financement de la d\u00e9mocratie, une activit\u00e9 de port\u00e9e [&hellip;]<\/p>\n","protected":false},"author":0,"featured_media":821,"comment_status":"closed","ping_status":"closed","sticky":false,"template":"","format":"standard","meta":{"_acf_changed":false,"footnotes":""},"categories":[22],"tags":[],"class_list":["post-3825","post","type-post","status-publish","format-standard","has-post-thumbnail","hentry","category-commentaires-sujet-politique"],"acf":{"categories":[22],"groups":false,"canBeFeatured":false},"_links":{"self":[{"href":"https:\/\/www.acfo-acaf.com\/fr\/wp-json\/wp\/v2\/posts\/3825","targetHints":{"allow":["GET"]}}],"collection":[{"href":"https:\/\/www.acfo-acaf.com\/fr\/wp-json\/wp\/v2\/posts"}],"about":[{"href":"https:\/\/www.acfo-acaf.com\/fr\/wp-json\/wp\/v2\/types\/post"}],"replies":[{"embeddable":true,"href":"https:\/\/www.acfo-acaf.com\/fr\/wp-json\/wp\/v2\/comments?post=3825"}],"version-history":[{"count":0,"href":"https:\/\/www.acfo-acaf.com\/fr\/wp-json\/wp\/v2\/posts\/3825\/revisions"}],"acf:term":[{"embeddable":true,"taxonomy":"category","href":"https:\/\/www.acfo-acaf.com\/fr\/wp-json\/wp\/v2\/categories\/22"}],"wp:featuredmedia":[{"embeddable":true,"href":"https:\/\/www.acfo-acaf.com\/fr\/wp-json\/wp\/v2\/media\/821"}],"wp:attachment":[{"href":"https:\/\/www.acfo-acaf.com\/fr\/wp-json\/wp\/v2\/media?parent=3825"}],"wp:term":[{"taxonomy":"category","embeddable":true,"href":"https:\/\/www.acfo-acaf.com\/fr\/wp-json\/wp\/v2\/categories?post=3825"},{"taxonomy":"post_tag","embeddable":true,"href":"https:\/\/www.acfo-acaf.com\/fr\/wp-json\/wp\/v2\/tags?post=3825"}],"curies":[{"name":"wp","href":"https:\/\/api.w.org\/{rel}","templated":true}]}}