{"id":3827,"date":"2015-06-16T11:05:23","date_gmt":"2015-06-16T11:05:23","guid":{"rendered":"http:\/\/www.acfo-acaf.com\/?p=8437"},"modified":"2015-06-16T11:05:23","modified_gmt":"2015-06-16T11:05:23","slug":"robert-reich-inegalite-pour-tous","status":"publish","type":"post","link":"https:\/\/www.acfo-acaf.com\/fr\/robert-reich-inegalite-pour-tous\/","title":{"rendered":"Robert Reich: In\u00e9galit\u00e9 pour tous"},"content":{"rendered":"<p><em>Les 16-17 juin 2015, l\u2019ACAF a \u00e9t\u00e9 l\u2019h\u00f4tesse du sommet sur le financement de la d\u00e9mocratie, une activit\u00e9 de port\u00e9e internationale d\u2019une dur\u00e9e de deux jours regroupant des chefs de file mondiaux de l\u2019industrie, du gouvernement, de l\u2019\u00e9ducation et des ONG afin de se pencher sur les enjeux en mati\u00e8re de fiscalit\u00e9, de corruption et de commerce et d\u2019\u00e9laborer des pistes de solution \u00e0 ces probl\u00e8mes mondiaux. Voici un r\u00e9sum\u00e9 du sommet sur le financement de la d\u00e9mocratie.<\/em><\/p>\n<p><em><strong>Robert Reich aux participants du sommet sur le financement de la d\u00e9mocratie : \u00ab\u00a0Vous \u00eates des agents de changement\u00a0\u00bb<\/strong><\/em><\/p>\n<p>Dans sa stimulante allocution principale de mardi apr\u00e8s-midi, Robert Reich a inject\u00e9 un peu d\u2019humour dans la triste r\u00e9alit\u00e9 de l\u2019in\u00e9galit\u00e9 de revenu en Am\u00e9rique du Nord. M.\u00a0Reich a soulign\u00e9 que, depuis trois d\u00e9cennies, il n\u2019y a eu aucune hausse du salaire m\u00e9dian aux \u00c9.-U.; or, si le salaire m\u00e9dian ne bouge pas, a-t-il d\u00e9clar\u00e9, cela pose un probl\u00e8me. M. Reich a ajout\u00e9 que, bien que les probl\u00e8mes d\u2019in\u00e9galit\u00e9 aux \u00c9.-U. soient plus extr\u00eames, le Canada a tendance \u00e0 suivre les tendances.<\/p>\n<p>Reich a signal\u00e9 que, contrairement \u00e0 la croyance populaire, la croissance \u00e9conomique n\u2019est pas une condition pr\u00e9alable \u00e0 de bons emplois. Il a propos\u00e9 comme solution de soutenir les classes moyenne et inf\u00e9rieure parce que leur pouvoir d\u2019achat qui en r\u00e9sultera stimulera la croissance.<\/p>\n<p>Reich a aussi abord\u00e9 le probl\u00e8me de la corruption. Le pouvoir politique assorti d\u2019une concentration du revenu et de la richesse au niveau sup\u00e9rieur est nocif pour une d\u00e9mocratie fonctionnelle, a-t-il d\u00e9clar\u00e9. Le syst\u00e8me actuel est corrompu.<\/p>\n<p>Tout au cours de son allocution, M. Reich a dissip\u00e9 bon nombre de mythes \u00e9conomiques, notamment\u00a0:<\/p>\n<ul>\n<li>Les plus riches sont des cr\u00e9ateurs d\u2019emplois<\/li>\n<li>Des salaires peu \u00e9lev\u00e9s entra\u00eenent un plus grand nombre d\u2019emplois<\/li>\n<li>Les travailleurs nationaux livrent concurrence avec les autres pays pour obtenir des emplois<\/li>\n<li>Nous devons choisir entre le libre march\u00e9 et le gouvernement<\/li>\n<\/ul>\n<p>Comme solution, M. Reich s\u2019est retourn\u00e9 vers les d\u00e9cennies de l\u2019apr\u00e8s-guerre, o\u00f9 les \u00c9.\u2011U. et le Canada connaissaient une p\u00e9riode de prosp\u00e9rit\u00e9 g\u00e9n\u00e9rale. Il a soulign\u00e9 la formule fructueuse de l\u2019\u00e9poque, qui comportait notamment un niveau \u00e9lev\u00e9 de main-d\u2019\u0153uvre syndiqu\u00e9e, des investissements dans l\u2019avenir, y compris les infrastructures et l\u2019\u00e9ducation, des taux d\u2019imposition marginal \u00e9lev\u00e9s pour les bien nantis et un syst\u00e8me financier au service de l\u2019industrie, au lieu de le contr\u00f4ler.<\/p>\n<p>Le changement est \u00e0 nos portes, selon M. Reich, car de plus en plus de bien nantis prennent conscience qu\u2019ils r\u00e9ussiraient mieux avec une plus petite part d\u2019une \u00e9conomie en croissance rapide qu\u2019avec une grande part d\u2019une \u00e9conomie stagnante. Et, \u00e0 mesure que ceux qui ne sont pas en t\u00eate constateront que les d\u00e9s sont pip\u00e9s, ils commenceront \u00e0 dire non au statu quo.<\/p>\n<p>Avant de passer \u00e0 une br\u00e8ve p\u00e9riode de Q&amp;R, M. Reich a conclu son expos\u00e9 par un appel \u00e0 l\u2019action aux participants du sommet sur le financement de la d\u00e9mocratie\u00a0: \u00ab\u00a0Nous sommes \u00e0 l\u2019aube du changement; aidons tous \u00e0 le concr\u00e9tiser\u00a0\u00bb, a-t-il d\u00e9clar\u00e9. \u00ab\u00a0Vous \u00eates des agents de changement.\u00a0\u00bb<\/p>\n","protected":false},"excerpt":{"rendered":"<p>Les 16-17 juin 2015, l\u2019ACAF a \u00e9t\u00e9 l\u2019h\u00f4tesse du sommet sur le financement de la d\u00e9mocratie, une activit\u00e9 de port\u00e9e [&hellip;]<\/p>\n","protected":false},"author":0,"featured_media":820,"comment_status":"closed","ping_status":"closed","sticky":false,"template":"","format":"standard","meta":{"_acf_changed":false,"footnotes":""},"categories":[22],"tags":[],"class_list":["post-3827","post","type-post","status-publish","format-standard","has-post-thumbnail","hentry","category-commentaires-sujet-politique"],"acf":{"categories":[22],"groups":false,"canBeFeatured":false},"_links":{"self":[{"href":"https:\/\/www.acfo-acaf.com\/fr\/wp-json\/wp\/v2\/posts\/3827","targetHints":{"allow":["GET"]}}],"collection":[{"href":"https:\/\/www.acfo-acaf.com\/fr\/wp-json\/wp\/v2\/posts"}],"about":[{"href":"https:\/\/www.acfo-acaf.com\/fr\/wp-json\/wp\/v2\/types\/post"}],"replies":[{"embeddable":true,"href":"https:\/\/www.acfo-acaf.com\/fr\/wp-json\/wp\/v2\/comments?post=3827"}],"version-history":[{"count":0,"href":"https:\/\/www.acfo-acaf.com\/fr\/wp-json\/wp\/v2\/posts\/3827\/revisions"}],"acf:term":[{"embeddable":true,"taxonomy":"category","href":"https:\/\/www.acfo-acaf.com\/fr\/wp-json\/wp\/v2\/categories\/22"}],"wp:featuredmedia":[{"embeddable":true,"href":"https:\/\/www.acfo-acaf.com\/fr\/wp-json\/wp\/v2\/media\/820"}],"wp:attachment":[{"href":"https:\/\/www.acfo-acaf.com\/fr\/wp-json\/wp\/v2\/media?parent=3827"}],"wp:term":[{"taxonomy":"category","embeddable":true,"href":"https:\/\/www.acfo-acaf.com\/fr\/wp-json\/wp\/v2\/categories?post=3827"},{"taxonomy":"post_tag","embeddable":true,"href":"https:\/\/www.acfo-acaf.com\/fr\/wp-json\/wp\/v2\/tags?post=3827"}],"curies":[{"name":"wp","href":"https:\/\/api.w.org\/{rel}","templated":true}]}}