{"id":3829,"date":"2015-06-16T11:00:29","date_gmt":"2015-06-16T11:00:29","guid":{"rendered":"http:\/\/www.acfo-acaf.com\/?p=8430"},"modified":"2015-06-16T11:00:29","modified_gmt":"2015-06-16T11:00:29","slug":"panel-linegalite-de-revenu","status":"publish","type":"post","link":"https:\/\/www.acfo-acaf.com\/fr\/panel-linegalite-de-revenu\/","title":{"rendered":"Panel: L\u2019in\u00e9galit\u00e9 de revenu"},"content":{"rendered":"<p><em>Les 16-17 juin 2015, l\u2019ACAF a \u00e9t\u00e9 l\u2019h\u00f4tesse du sommet sur le financement de la d\u00e9mocratie, une activit\u00e9 de port\u00e9e internationale d\u2019une dur\u00e9e de deux jours regroupant des chefs de file mondiaux de l\u2019industrie, du gouvernement, de l\u2019\u00e9ducation et des ONG afin de se pencher sur les enjeux en mati\u00e8re de fiscalit\u00e9, de corruption et de commerce et d\u2019\u00e9laborer des pistes de solution \u00e0 ces probl\u00e8mes mondiaux. Voici un r\u00e9sum\u00e9 du sommet sur le financement de la d\u00e9mocratie.<\/em><\/p>\n<p><strong>Le panel du sommet sur le financement de la d\u00e9mocratie lance un appel \u00e0 une sensibilisation accrue et \u00e0 un plus grand nombre de mesures en mati\u00e8re d\u2019in\u00e9galit\u00e9 de revenu<\/strong><\/p>\n<p><strong>Robert Reich<\/strong> a amorc\u00e9 le d\u00e9bat en insistant sur le fait que les th\u00e8mes du sommet \u2013 l\u2019in\u00e9galit\u00e9, la d\u00e9mocratie et le financement de l\u2019\u00c9tat \u2013 sont d\u2019une importance cruciale. On n\u2019a pas l\u2019habitude de relier les points, a-t-il d\u00e9clar\u00e9, et il a fortement recommand\u00e9 aux participants de r\u00e9pandre le mot que c\u2019est pr\u00e9cis\u00e9ment ce qu\u2019il faut faire.<\/p>\n<p>Selon M. Reich, les in\u00e9galit\u00e9s deviennent de plus en plus manifestes parce que les m\u00e9canismes d\u2019adaptation que la soci\u00e9t\u00e9 utilisait dans le pass\u00e9 pour \u00e9viter de confronter la r\u00e9alit\u00e9 deviennent de moins en moins efficaces. Les niveaux d\u2019in\u00e9galit\u00e9 le plus \u00e9lev\u00e9s aux \u00c9.-U. et au Canada, a-t-il ajout\u00e9, se sont produits en 1928 et en 2007. Il a expliqu\u00e9 qu\u2019au cours des ann\u00e9es suivantes, les bulles de la dette ont, dans les deux cas, \u00e9clat\u00e9. Il a dit que nous sommes en voie de revenir rapidement \u00e0 ces bas niveaux au Canada, aujourd\u2019hui.<\/p>\n<p><strong>Jonathan Sas<\/strong>, de l\u2019Institut Broadbent, a soutenu que nous avons un gouvernement f\u00e9d\u00e9ral qui empire activement la situation par l\u2019\u00e9largissement des limites pour les comptes d\u2019\u00e9pargne libres d\u2019imp\u00f4t et le fractionnement du revenu. Toutefois, a-t-il dit, le point positif est que nous avons atteint un point tournant et que le gouvernement actuel est contest\u00e9 relativement \u00e0 ces \u00e9gards. Pour conclure, M. Sas a mentionn\u00e9 son r\u00f4le de t\u00e9moin au sein de la Commission de v\u00e9rit\u00e9 et r\u00e9conciliation. Il a encourag\u00e9 les participants \u00e0 lire le document et \u00e0 en parler aux autres. Tous les partis politiques canadiens devraient \u00eatre oblig\u00e9s de rendre des comptes, a-t-il d\u00e9clar\u00e9.<\/p>\n<p><strong>Kate McInturff,<\/strong> recherchiste principale du Centre canadien de politiques alternatives, a commenc\u00e9 par souligner l\u2019\u00a0\u00ab\u00a0irrationalit\u00e9\u00a0\u00bb de ne pas subventionner pleinement les services sociaux ou de ne pas garantir l\u2019\u00e9galit\u00e9 de la main-d\u2019\u0153uvre. Un des plus importants \u00e9carts salariaux qui existent est entre les Autochtones et les non-Autochtones, a-t-elle d\u00e9clar\u00e9, et ces \u00e9carts sont, de fait, plus prononc\u00e9s \u00e0 mesure que le niveau de salaire augmente. Elle a aussi fait remarquer que les salaires m\u00e9dians des femmes ont augment\u00e9 de plus de 20\u00a0% au cours des 20 derni\u00e8res ann\u00e9es, mais que c\u2019est en termes de travail \u00e0 plein temps.<\/p>\n<p>Elle a d\u00e9clar\u00e9 qu\u2019il faut reconna\u00eetre qu\u2019il y a eu beaucoup de croissance \u00e9conomique au cours des 20 derni\u00e8res ann\u00e9es et qu\u2019on peut dire, \u00ab\u00a0sans se vanter\u00a0\u00bb, que c\u2019est gr\u00e2ce aux femmes. Mme McInturff a encourag\u00e9 les participants \u00e0 se rendre sur upfordebate.ca et \u00e0 signer une p\u00e9tition demandant aux leaders politiques de parler davantage aux femmes. Nous devons demander \u00e0 nos leaders de quelle mani\u00e8re leurs politiques tiendront compte du fait que les femmes et les hommes existent dans l\u2019\u00e9conomie de diff\u00e9rentes fa\u00e7ons, a-t-elle d\u00e9clar\u00e9.<\/p>\n<p><strong>Linda McQuaig<\/strong>, auteure et commentatrice, a signal\u00e9 que, vers la fin des ann\u00e9es 1980, \u00a0l\u2019int\u00e9r\u00eat populaire \u00e9tait pour l\u2019imposition des riches. 85\u00a0% des Canadiens \u00e9taient en faveur de cette imposition. Cependant, le gouvernement Mulroney a fait le contraire et, depuis, c\u2019est le statu quo. Elle a ajout\u00e9 qu\u2019il existait un \u00e9cart entre ce que le public voulait et le r\u00e9sultat des politiques publiques.<\/p>\n<p>\u00c0 pr\u00e9sent, il semble que le monde politique soit en voie de rattraper l\u2019int\u00e9r\u00eat populaire qui ne s\u2019est jamais d\u00e9menti. Il est prouv\u00e9 que la notion d\u2019\u00e9conomie \u00ab\u00a0de retomb\u00e9es\u00a0\u00bb n\u2019est pas r\u00e9aliste, a-t-elle soutenu, et, chose int\u00e9ressante, on sent effectivement \u00ab\u00a0dans l\u2019air\u00a0\u00bb quelque chose qui pointe vers un changement positif. Elle a conclu en incitant les participants \u00e0 encourager la priorisation de ces enjeux dans les campagnes lors de la prochaine \u00e9lection f\u00e9d\u00e9rale canadienne.<\/p>\n<p><strong>Rosa Pavanelli<\/strong>, secr\u00e9taire g\u00e9n\u00e9rale de l\u2019Internationale des Services Publics, a parl\u00e9 d\u2019exemples qu\u2019elle a vus dans le monde de la diff\u00e9rence qui existe entre les pays dont les services publics sont de qualit\u00e9 et ceux qui n\u2019en ont pas. Partout dans le monde, a-t-elle dit, les conditions empirent lorsque les salaires baissent \u00e0 cause de l\u2019influence des multinationales sur le programme du gouvernement et le programme mondial.<\/p>\n<p>Elle a donn\u00e9 quelques pays africains comme exemples de gouvernements qui tentent d\u2019attirer des investissements \u00e9trangers \u00e0 un co\u00fbt et des pays d\u2019Europe comme exemples de gouvernements qui tentent de faire des profits sans barri\u00e8res. Mme Pavanelli a soutenu que les co\u00fbts d\u00e9passent les profits dans ces cas-l\u00e0. Elle a conclu en incitant les participants \u00e0 rechercher des investissements plus rentables sur le plan social dans l\u2019avenir.<\/p>\n<p><strong>Jim Stanford<\/strong> a soulign\u00e9 combien c\u2019est du gaspillage lorsque les riches d\u00e9pensent de l\u2019argent pour se prot\u00e9ger contre l\u2019in\u00e9galit\u00e9 pr\u00e9vue. M. Stanford a d\u00e9clar\u00e9 qu\u2019on est de plus en plus conscient de toutes les fa\u00e7ons dont l\u2019in\u00e9galit\u00e9 mine l\u2019\u00e9conomie dans son ensemble, et que nous devons amener la classe ouvri\u00e8re, la classe moyenne, \u00e0 faire davantage confiance \u00e0 l\u2019\u00e9conomie. La culture \u00e9conomique, a conclu M. Stanford, est une forme d\u2019autod\u00e9fense intellectuelle.<\/p>\n","protected":false},"excerpt":{"rendered":"<p>Les 16-17 juin 2015, l\u2019ACAF a \u00e9t\u00e9 l\u2019h\u00f4tesse du sommet sur le financement de la d\u00e9mocratie, une activit\u00e9 de port\u00e9e [&hellip;]<\/p>\n","protected":false},"author":0,"featured_media":819,"comment_status":"closed","ping_status":"closed","sticky":false,"template":"","format":"standard","meta":{"_acf_changed":false,"footnotes":""},"categories":[22],"tags":[],"class_list":["post-3829","post","type-post","status-publish","format-standard","has-post-thumbnail","hentry","category-commentaires-sujet-politique"],"acf":{"categories":[22],"groups":false,"canBeFeatured":false},"_links":{"self":[{"href":"https:\/\/www.acfo-acaf.com\/fr\/wp-json\/wp\/v2\/posts\/3829","targetHints":{"allow":["GET"]}}],"collection":[{"href":"https:\/\/www.acfo-acaf.com\/fr\/wp-json\/wp\/v2\/posts"}],"about":[{"href":"https:\/\/www.acfo-acaf.com\/fr\/wp-json\/wp\/v2\/types\/post"}],"replies":[{"embeddable":true,"href":"https:\/\/www.acfo-acaf.com\/fr\/wp-json\/wp\/v2\/comments?post=3829"}],"version-history":[{"count":0,"href":"https:\/\/www.acfo-acaf.com\/fr\/wp-json\/wp\/v2\/posts\/3829\/revisions"}],"acf:term":[{"embeddable":true,"taxonomy":"category","href":"https:\/\/www.acfo-acaf.com\/fr\/wp-json\/wp\/v2\/categories\/22"}],"wp:featuredmedia":[{"embeddable":true,"href":"https:\/\/www.acfo-acaf.com\/fr\/wp-json\/wp\/v2\/media\/819"}],"wp:attachment":[{"href":"https:\/\/www.acfo-acaf.com\/fr\/wp-json\/wp\/v2\/media?parent=3829"}],"wp:term":[{"taxonomy":"category","embeddable":true,"href":"https:\/\/www.acfo-acaf.com\/fr\/wp-json\/wp\/v2\/categories?post=3829"},{"taxonomy":"post_tag","embeddable":true,"href":"https:\/\/www.acfo-acaf.com\/fr\/wp-json\/wp\/v2\/tags?post=3829"}],"curies":[{"name":"wp","href":"https:\/\/api.w.org\/{rel}","templated":true}]}}