{"id":3861,"date":"2015-03-19T09:40:32","date_gmt":"2015-03-19T09:40:32","guid":{"rendered":"http:\/\/www.acfo-acaf.com\/?p=5331"},"modified":"2015-03-19T09:40:32","modified_gmt":"2015-03-19T09:40:32","slug":"lacaf-se-rejouit-de-lalternative-budgetaire-pour-le-gouvernement-federal","status":"publish","type":"post","link":"https:\/\/www.acfo-acaf.com\/fr\/lacaf-se-rejouit-de-lalternative-budgetaire-pour-le-gouvernement-federal\/","title":{"rendered":"L\u2019ACAF se r\u00e9jouit de l\u2019Alternative budg\u00e9taire pour le gouvernement f\u00e9d\u00e9ral"},"content":{"rendered":"<p>L\u2019ACAF est heureuse d\u2019appuyer les recommandations relatives \u00e0 la fiscalit\u00e9 et aux investissements dans les services publics pr\u00e9sent\u00e9es dans l\u2019Alternative budg\u00e9taire pour le gouvernement f\u00e9d\u00e9ral du Centre canadien de politiques alternatives.<\/p>\n<p>\u00ab\u00a0Les recommandations dans cette alternative budg\u00e9taire refl\u00e8tent bon nombre de celles que l\u2019ACAF a formul\u00e9es au cours des derniers mois\u00a0\u00bb, fait remarquer Milt Isaacs, pr\u00e9sident de l\u2019ACAF. \u00ab\u00a0En notre qualit\u00e9 d\u2019agents financiers de l\u2019\u00c9tat, nous connaissons l\u2019importance de tenir compte des deux colonnes du bilan lorsqu\u2019il s\u2019agit d\u2019\u00e9valuer les r\u00e9alit\u00e9s financi\u00e8res du pays. C\u2019est exactement ce que fait cette alternative budg\u00e9taire.\u00a0\u00bb<\/p>\n<p>L\u2019Alternative budg\u00e9taire pour le gouvernement f\u00e9d\u00e9ral souligne que des \u00ab\u00a0compressions fiscales r\u00e9gressives ont d\u00e9j\u00e0 r\u00e9duit les recettes du gouvernement f\u00e9d\u00e9ral \u00e0 leur plus petite part de l\u2019\u00e9conomie en 70 ans\u00a0\u00bb. M. Isaacs ajoute que ces recettes \u00e0 la baisse sont symptomatiques d\u2019un probl\u00e8me beaucoup plus grave.<\/p>\n<p>\u00ab\u00a0Cette course vers le bas au nom de l\u2019aust\u00e9rit\u00e9 est insoutenable\u00a0\u00bb, fait valoir M. Isaacs. \u00ab\u00a0Il existe plus d\u2019\u00e9l\u00e9ments de preuve qu\u2019il n\u2019en faut que, tout ce que nous faisons, c\u2019est d\u2019accro\u00eetre l\u2019in\u00e9galit\u00e9 de revenu. Le fardeau est pass\u00e9 des soci\u00e9t\u00e9s et des particuliers \u00e0 revenu \u00e9lev\u00e9 \u00e0 la classe moyenne.\u00a0\u00bb<\/p>\n<p>\u00ab\u00a0Cette alternative budg\u00e9taire r\u00e9v\u00e8le qu\u2019il y a moyen de r\u00e9tablir l\u2019\u00e9quilibre et d\u2019\u00e9tablir la durabilit\u00e9 au sein de l\u2019\u00c9tat sans augmenter le fardeau des Canadiens moyens\u00a0\u00bb, conclut M. Isaacs. \u00ab\u00a0Nous souscrivons sans r\u00e9serve \u00e0 cette d\u00e9marche d\u2019approche progressiste \u00e0 une fiscalit\u00e9 \u00e9quitable.\u00a0\u00bb<\/p>\n<p>Pour en savoir davantage\u00a0:<\/p>\n<ul>\n<li><a title=\"Alternative budg\u00e9taire pour le gouvernement f\u00e9d\u00e9ral 2015\" href=\"http:\/\/policyalternatives.ca\/abgf2015\" target=\"_blank\" rel=\"noopener\">Alternative budg\u00e9taire pour le gouvernement f\u00e9d\u00e9ral 2015<\/a><br \/>\nPr\u00e9par\u00e9e par le CCPA<\/li>\n<li><a title=\"Remplir les coffres de l'Etat\" href=\"http:\/\/www.acfo-acaf.com\/wp-content\/uploads\/2014\/08\/2014-07-23-BudgetSubmission-FINAL-FR.pdf\" target=\"_blank\" rel=\"noopener\">Remplir les coffres de l\u2019\u00c9tat<\/a><br \/>\nM\u00e9moire de l\u2019ACAF au Comit\u00e9 permanent des finances de la Chambre des communes (ao\u00fbt 2014)<\/li>\n<li><a title=\"Le financement de la d\u00e9mocratie\" href=\"http:\/\/www.acfo-acaf.com\/fr\/2015\/02\/24\/invitation-sommet-mondial-historique-sur-le-gouvernement-durable-sous-les-auspices-de-lacaf\/\" target=\"_blank\" rel=\"noopener\">Le financement de la d\u00e9mocratie\u00a0: des solutions de rechange pratiques \u00e0 l\u2019aust\u00e9rit\u00e9 mondiale<\/a><br \/>\nSommet mondial sous les auspices de l\u2019ACAF, qui aura lieu \u00e0 Ottawa en juin prochain<\/li>\n<\/ul>\n","protected":false},"excerpt":{"rendered":"<p>L\u2019ACAF est heureuse d\u2019appuyer les recommandations relatives \u00e0 la fiscalit\u00e9 et aux investissements dans les services publics pr\u00e9sent\u00e9es dans l\u2019Alternative [&hellip;]<\/p>\n","protected":false},"author":0,"featured_media":270,"comment_status":"closed","ping_status":"closed","sticky":false,"template":"","format":"standard","meta":{"_acf_changed":false,"footnotes":""},"categories":[22,24],"tags":[],"class_list":["post-3861","post","type-post","status-publish","format-standard","has-post-thumbnail","hentry","category-commentaires-sujet-politique","category-communiques-de-presse"],"acf":{"categories":[22,24],"groups":false,"canBeFeatured":false},"_links":{"self":[{"href":"https:\/\/www.acfo-acaf.com\/fr\/wp-json\/wp\/v2\/posts\/3861","targetHints":{"allow":["GET"]}}],"collection":[{"href":"https:\/\/www.acfo-acaf.com\/fr\/wp-json\/wp\/v2\/posts"}],"about":[{"href":"https:\/\/www.acfo-acaf.com\/fr\/wp-json\/wp\/v2\/types\/post"}],"replies":[{"embeddable":true,"href":"https:\/\/www.acfo-acaf.com\/fr\/wp-json\/wp\/v2\/comments?post=3861"}],"version-history":[{"count":0,"href":"https:\/\/www.acfo-acaf.com\/fr\/wp-json\/wp\/v2\/posts\/3861\/revisions"}],"acf:term":[{"embeddable":true,"taxonomy":"category","href":"https:\/\/www.acfo-acaf.com\/fr\/wp-json\/wp\/v2\/categories\/24"},{"embeddable":true,"taxonomy":"category","href":"https:\/\/www.acfo-acaf.com\/fr\/wp-json\/wp\/v2\/categories\/22"}],"wp:featuredmedia":[{"embeddable":true,"href":"https:\/\/www.acfo-acaf.com\/fr\/wp-json\/wp\/v2\/media\/270"}],"wp:attachment":[{"href":"https:\/\/www.acfo-acaf.com\/fr\/wp-json\/wp\/v2\/media?parent=3861"}],"wp:term":[{"taxonomy":"category","embeddable":true,"href":"https:\/\/www.acfo-acaf.com\/fr\/wp-json\/wp\/v2\/categories?post=3861"},{"taxonomy":"post_tag","embeddable":true,"href":"https:\/\/www.acfo-acaf.com\/fr\/wp-json\/wp\/v2\/tags?post=3861"}],"curies":[{"name":"wp","href":"https:\/\/api.w.org\/{rel}","templated":true}]}}