{"id":3915,"date":"2014-08-29T07:56:02","date_gmt":"2014-08-29T07:56:02","guid":{"rendered":"http:\/\/www.acfo-acaf.com\/?p=4473"},"modified":"2014-08-29T07:56:02","modified_gmt":"2014-08-29T07:56:02","slug":"reflexions-sur-la-fete-du-travail","status":"publish","type":"post","link":"https:\/\/www.acfo-acaf.com\/fr\/reflexions-sur-la-fete-du-travail\/","title":{"rendered":"R\u00e9flexions sur la f\u00eate du Travail"},"content":{"rendered":"<p>Un autre \u00e9t\u00e9 s\u2019ach\u00e8ve, les familles s\u2019activent aux pr\u00e9paratifs de la rentr\u00e9e scolaire, et on peut alors facilement perdre de vue la vraie raison d\u2019\u00eatre de la f\u00eate du Travail. Cette ann\u00e9e plus que jamais encore, il est important pour l\u2019ACAF de r\u00e9fl\u00e9chir \u00e0 l\u2019\u00e9volution de son r\u00f4le dans le secteur du travail en g\u00e9n\u00e9ral.<\/p>\n<p>Au cours des derniers mois et des derni\u00e8res ann\u00e9es, l\u2019ACAF a nou\u00e9 des liens avec des groupes d\u2019int\u00e9r\u00eats communs au sein du mouvement ouvrier tant au pays qu\u2019\u00e0 l\u2019\u00e9tranger, des groupes avec lesquels nous avons collabor\u00e9 \u00e0 des enjeux de grande importance pour les Canadiens et les Canadiennes et, de fait, pour la population mondiale. Des probl\u00e8mes comme la d\u00e9composition de la classe moyenne, le foss\u00e9 croissant entre les riches et les pauvres et l\u2019\u00e9rosion des droits des travailleurs et des travailleuses nous touchent tous et toutes. Nous avons vraiment trouv\u00e9 notre voix sur la sc\u00e8ne mondiale, ces derniers mois, et le bon travail et la solide r\u00e9putation de la communaut\u00e9 FI nous donnent la cr\u00e9dibilit\u00e9 voulue pour nous exprimer sur ces enjeux.<\/p>\n<p>En \u00e9tablissant ces relations, je me suis clairement rendu compte que l\u2019ACAF a effectivement un r\u00f4le \u00e0 jouer dans le mouvement en g\u00e9n\u00e9ral. Outre la cr\u00e9dibilit\u00e9 dans nos propos, nous pouvons aussi en b\u00e9n\u00e9ficier comme communaut\u00e9. Le renforcement de cette cr\u00e9dibilit\u00e9 et de ce sentiment d\u2019appartenance internationale devient de plus en plus important au moment o\u00f9, ici au Canada, les fonctionnaires et leurs repr\u00e9sentants se buttent \u00e0 des attaques \u00e0 la veille de la plus exigeante ronde de n\u00e9gociations collectives que nous n\u2019ayons jamais connue.<\/p>\n<p>\u00c0 travers l\u2019histoire, nous avons r\u00e9ussi \u00e0 entretenir de saines relations avec le Conseil du Tr\u00e9sor, fond\u00e9es sur l\u2019esprit de collaboration et le respect mutuel pour le professionnalisme de toutes les parties en cause. Nous sommes parvenus dans une large mesure \u00e0 \u00e9viter la rh\u00e9torique et les mesquineries qui caract\u00e9risent souvent les relations patronales-syndicales parce que nous avons su convaincre un gouvernement dispos\u00e9 \u00e0 tendre l\u2019oreille de la valeur de la communaut\u00e9 FI.<\/p>\n<p>Nous n\u2019aimerions rien de mieux que de poursuivre notre tradition de collaboration, mais, pour ce faire, l\u2019engagement des deux parties est indispensable. C\u2019est un engagement que nous ne pouvons plus escompter. Cette fois-ci, les d\u00e9s sont pip\u00e9s contre nous avant m\u00eame que nous n\u2019ayons pu entamer des discussions\u00a0: une loi draconienne visant \u00e0 affaiblir notre capacit\u00e9 de vous repr\u00e9senter; des campagnes de d\u00e9sinformation concernant le r\u00e9gime de cong\u00e9s de maladie, destin\u00e9es \u00e0 vilipender les fonctionnaires dans les m\u00e9dias; et le traitement de projets de strat\u00e9gies de \u00ab\u00a0mieux-\u00eatre\u00a0\u00bb comme \u00e9tant un fait accompli avant m\u00eame que nous ne nous soyons assis pour en discuter.<\/p>\n<p>Ces mesures ont toutes \u00e9t\u00e9 prises dans le cadre d\u2019un soi-disant programme d\u2019aust\u00e9rit\u00e9, lui-m\u00eame partie de la croissance g\u00e9n\u00e9ralis\u00e9e du capitalisme sauvage et de la corruption; c\u2019est pourquoi nous nous sommes affili\u00e9s \u00e0 nos partenaires internationaux pour lutter contre ces deux fl\u00e9aux. L\u2019\u00e9limination des \u00e9chappatoires fiscales et des pratiques de d\u00e9localisation ne servira pas uniquement \u00e0 combattre l\u2019in\u00e9galit\u00e9 de la richesse, mais elle permettra aussi au gouvernement f\u00e9d\u00e9ral de percevoir des recettes fiscales qui lui sont dues. Plus d\u2019argent dans les coffres de l\u2019\u00c9tat, c\u2019est aussi plus d\u2019argent pour les services publics \u2013 des services dont notre population vieillissante a d\u00e9sesp\u00e9r\u00e9ment besoin.<\/p>\n<p>Ainsi, \u00e0 l\u2019occasion de la fin de l\u2019\u00e9t\u00e9 et du d\u00e9but d\u2019une autre ann\u00e9e scolaire, je vous invite \u00e0 vous joindre \u00e0 moi dans mes r\u00e9flexions sur l\u2019importance de d\u00e9fendre les services publics comme partie int\u00e9grante du mouvement ouvrier en g\u00e9n\u00e9ral. Nous avons constat\u00e9 \u00e0 maintes et maintes reprises que, lorsque le mouvement ouvrier est affaibli, il en va ensuite de m\u00eame des services publics. Et lorsque les services publics passent au second plan apr\u00e8s les int\u00e9r\u00eats des soci\u00e9t\u00e9s, tout le monde en sort perdant.<\/p>\n<p>L\u2019ACAF a constitu\u00e9 des partenariats avec des organisations aux vues similaires partout dans le monde parce que nous avons constat\u00e9 le bien qui peut en r\u00e9sulter lorsque nous travaillons ensemble \u00e0 prot\u00e9ger les valeurs que, nous le savons, les Canadiens et les Canadiennes ont \u00e0 c\u0153ur. La route qui nous attend se r\u00e9v\u00e9lera parfois difficile, mais, en nous tenant debout ensemble et en nous soutenant les uns les autres, la communaut\u00e9 FI et, de fait, la population dans son ensemble en b\u00e9n\u00e9ficieront.<\/p>\n<p>&nbsp;<\/p>\n<p>Milt Isaacs, CPA, CMA, CPFA<br \/>\nPr\u00e9sident, Association canadienne des agents financiers<\/p>\n","protected":false},"excerpt":{"rendered":"<p>Un autre \u00e9t\u00e9 s\u2019ach\u00e8ve, les familles s\u2019activent aux pr\u00e9paratifs de la rentr\u00e9e scolaire, et on peut alors facilement perdre de [&hellip;]<\/p>\n","protected":false},"author":0,"featured_media":209,"comment_status":"closed","ping_status":"closed","sticky":false,"template":"","format":"standard","meta":{"_acf_changed":false,"footnotes":""},"categories":[22,44],"tags":[],"class_list":["post-3915","post","type-post","status-publish","format-standard","has-post-thumbnail","hentry","category-commentaires-sujet-politique","category-le-coin-du-president"],"acf":{"categories":[22,44],"groups":false,"canBeFeatured":false},"_links":{"self":[{"href":"https:\/\/www.acfo-acaf.com\/fr\/wp-json\/wp\/v2\/posts\/3915","targetHints":{"allow":["GET"]}}],"collection":[{"href":"https:\/\/www.acfo-acaf.com\/fr\/wp-json\/wp\/v2\/posts"}],"about":[{"href":"https:\/\/www.acfo-acaf.com\/fr\/wp-json\/wp\/v2\/types\/post"}],"replies":[{"embeddable":true,"href":"https:\/\/www.acfo-acaf.com\/fr\/wp-json\/wp\/v2\/comments?post=3915"}],"version-history":[{"count":0,"href":"https:\/\/www.acfo-acaf.com\/fr\/wp-json\/wp\/v2\/posts\/3915\/revisions"}],"acf:term":[{"embeddable":true,"taxonomy":"category","href":"https:\/\/www.acfo-acaf.com\/fr\/wp-json\/wp\/v2\/categories\/44"},{"embeddable":true,"taxonomy":"category","href":"https:\/\/www.acfo-acaf.com\/fr\/wp-json\/wp\/v2\/categories\/22"}],"wp:featuredmedia":[{"embeddable":true,"href":"https:\/\/www.acfo-acaf.com\/fr\/wp-json\/wp\/v2\/media\/209"}],"wp:attachment":[{"href":"https:\/\/www.acfo-acaf.com\/fr\/wp-json\/wp\/v2\/media?parent=3915"}],"wp:term":[{"taxonomy":"category","embeddable":true,"href":"https:\/\/www.acfo-acaf.com\/fr\/wp-json\/wp\/v2\/categories?post=3915"},{"taxonomy":"post_tag","embeddable":true,"href":"https:\/\/www.acfo-acaf.com\/fr\/wp-json\/wp\/v2\/tags?post=3915"}],"curies":[{"name":"wp","href":"https:\/\/api.w.org\/{rel}","templated":true}]}}