{"id":3947,"date":"2014-03-20T18:16:23","date_gmt":"2014-03-20T18:16:23","guid":{"rendered":"http:\/\/acfo-acaf.com\/?p=2886"},"modified":"2014-03-20T18:16:23","modified_gmt":"2014-03-20T18:16:23","slug":"avez-vous-du-service-anterieur-titre-detudiant-dans-la-fonction-publique","status":"publish","type":"post","link":"https:\/\/www.acfo-acaf.com\/fr\/avez-vous-du-service-anterieur-titre-detudiant-dans-la-fonction-publique\/","title":{"rendered":"Avez-vous du service ant\u00e9rieur \u00e0 titre d&rsquo;\u00e9tudiant dans la fonction publique?"},"content":{"rendered":"<p>Le Conseil du Tr\u00e9sor a <a href=\"https:\/\/www.tbs-sct.gc.ca\/hr-rh\/in-ai\/2013\/0829-eng.asp\" target=\"_blank\" rel=\"noopener\">r\u00e9vis\u00e9 son interpr\u00e9tation<\/a> quant \u00e0 la reconnaissance des p\u00e9riodes d\u2019emploi ant\u00e9rieures \u00e0 titre d\u2019\u00e9tudiant pour le calcul des droits \u00e0 cong\u00e9s annuels.<\/p>\n<p>Toute p\u00e9riode de service au sein de la fonction publique, qu\u2019elle soit continue ou discontinue, entrera en ligne de compte dans le calcul des cr\u00e9dits de cong\u00e9 annuel quand un individu devient assujetti aux dispositions de cong\u00e9s annuels dans la convention collective pertinente. Par exemple, avez-vous particip\u00e9 au Programme f\u00e9d\u00e9ral d\u2019exp\u00e9rience de travail \u00e9tudiant (PFETE)? Ces p\u00e9riodes pourraient \u00eatre consid\u00e9r\u00e9es comme du service aux fins du calcul des droits \u00e0 cong\u00e9s annuels.<\/p>\n<p>Cette modification est prospective et il n\u2019y aura aucun recalcule des cr\u00e9dits de cong\u00e9 pour les ann\u00e9es ant\u00e9rieures au 1er avril 2013.<\/p>\n<p>Il incombe aux employ\u00e9s de signaler eux-m\u00eames toute p\u00e9riode de service ant\u00e9rieur aux conseillers en r\u00e9mun\u00e9ration de leurs minist\u00e8res respectifs. Si ce n\u2019est pas d\u00e9j\u00e0 fait, veuillez communiquer avec eux dans les plus brefs d\u00e9lais.<\/p>\n<p>Si vous avez des questions \u00e0 cet \u00e9gard, veuillez communiquer avec un conseiller ou une conseill\u00e8re en relations de travail de l\u2019ACAF au 613-728-0695 ou \u00e0 <a href=\"mailto:labourrelations@acfo-acaf.com\" target=\"_blank\" rel=\"noopener\">labourrelations@acfo-acaf.com<\/a>.<\/p>\n<p>20\/3\/2014<\/p>\n","protected":false},"excerpt":{"rendered":"<p>Le Conseil du Tr\u00e9sor a r\u00e9vis\u00e9 son interpr\u00e9tation quant \u00e0 la reconnaissance des p\u00e9riodes d\u2019emploi ant\u00e9rieures \u00e0 titre d\u2019\u00e9tudiant pour [&hellip;]<\/p>\n","protected":false},"author":0,"featured_media":0,"comment_status":"closed","ping_status":"closed","sticky":false,"template":"","format":"standard","meta":{"_acf_changed":false,"footnotes":""},"categories":[38],"tags":[],"class_list":["post-3947","post","type-post","status-publish","format-standard","hentry","category-mise-jour"],"acf":{"categories":[38],"groups":false,"canBeFeatured":false},"_links":{"self":[{"href":"https:\/\/www.acfo-acaf.com\/fr\/wp-json\/wp\/v2\/posts\/3947","targetHints":{"allow":["GET"]}}],"collection":[{"href":"https:\/\/www.acfo-acaf.com\/fr\/wp-json\/wp\/v2\/posts"}],"about":[{"href":"https:\/\/www.acfo-acaf.com\/fr\/wp-json\/wp\/v2\/types\/post"}],"replies":[{"embeddable":true,"href":"https:\/\/www.acfo-acaf.com\/fr\/wp-json\/wp\/v2\/comments?post=3947"}],"version-history":[{"count":0,"href":"https:\/\/www.acfo-acaf.com\/fr\/wp-json\/wp\/v2\/posts\/3947\/revisions"}],"acf:term":[{"embeddable":true,"taxonomy":"category","href":"https:\/\/www.acfo-acaf.com\/fr\/wp-json\/wp\/v2\/categories\/38"}],"wp:attachment":[{"href":"https:\/\/www.acfo-acaf.com\/fr\/wp-json\/wp\/v2\/media?parent=3947"}],"wp:term":[{"taxonomy":"category","embeddable":true,"href":"https:\/\/www.acfo-acaf.com\/fr\/wp-json\/wp\/v2\/categories?post=3947"},{"taxonomy":"post_tag","embeddable":true,"href":"https:\/\/www.acfo-acaf.com\/fr\/wp-json\/wp\/v2\/tags?post=3947"}],"curies":[{"name":"wp","href":"https:\/\/api.w.org\/{rel}","templated":true}]}}