{"id":4031,"date":"2013-04-22T15:21:50","date_gmt":"2013-04-22T15:21:50","guid":{"rendered":"http:\/\/127.0.0.1\/wordpress87\/?p=1409"},"modified":"2013-04-22T15:21:50","modified_gmt":"2013-04-22T15:21:50","slug":"grace-efforts-lacaf-lancienne-presidente-tcdp-est-tenu-responsable","status":"publish","type":"post","link":"https:\/\/www.acfo-acaf.com\/fr\/grace-efforts-lacaf-lancienne-presidente-tcdp-est-tenu-responsable\/","title":{"rendered":"Gr\u00e2ce aux efforts de l&rsquo;ACAF, l&rsquo;ancienne pr\u00e9sidente du TCDP est tenu responsable"},"content":{"rendered":"<p>Vous trouverez en annexe\u00a0<a href=\"http:\/\/acfo-acaf.com\/wp-content\/uploads\/sites\/default\/files\/letter_to_ba_further_to_opsic_april_2013.pdf\">une note<\/a>\u00a0de service que le Tribunal canadien des droits de la personne (TCDP) a fait parvenir \u00e0 l&rsquo;ACAF concernant un rapport au Parlement dans lequel le Commissaire \u00e0 l\u2019int\u00e9grit\u00e9 expose des cas graves de mauvaise gestion et d\u2019inconduite de la part de l\u2019ancienne pr\u00e9sidente du TCDP.<\/p>\n<p>L\u2019affaire avait \u00e9t\u00e9 port\u00e9e \u00e0 l\u2019attention du Commissaire \u00e0 l\u2019int\u00e9grit\u00e9 comme point culminant de trois ans d\u2019efforts d\u00e9ploy\u00e9s par plusieurs agents n\u00e9gociateurs, notamment l\u2019ACAF, en soutien de nos membres qui avaient subi des abus au travail.<\/p>\n<p>L\u2019ACAF est heureuse que ces efforts aient port\u00e9 fruit sur les plans de la responsabilisation et de la transparence dans cette affaire. L\u2019Association se r\u00e9jouit de collaborer avec le TCDP afin d\u2019am\u00e9liorer les conditions de travail et de r\u00e9parer les dommages occasionn\u00e9s.<\/p>\n<p>L\u2019ACAF s\u2019engage \u00e0 faire en sorte que chacune et chacune des FI aient le droit de travailler dans un milieu libre de tout harc\u00e8lement. Si vous avez un probl\u00e8me au travail, n\u2019h\u00e9sitez pas \u00e0 communiquer avec l\u2019un de nos conseillers en relations de travail.<\/p>\n<p>Article Date:\u00a02013-04-22<\/p>\n","protected":false},"excerpt":{"rendered":"<p>Vous trouverez en annexe\u00a0une note\u00a0de service que le Tribunal canadien des droits de la personne (TCDP) a fait parvenir \u00e0 [&hellip;]<\/p>\n","protected":false},"author":0,"featured_media":0,"comment_status":"closed","ping_status":"closed","sticky":false,"template":"","format":"standard","meta":{"_acf_changed":false,"footnotes":""},"categories":[38],"tags":[],"class_list":["post-4031","post","type-post","status-publish","format-standard","hentry","category-mise-jour"],"acf":{"categories":[38],"groups":false,"canBeFeatured":false},"_links":{"self":[{"href":"https:\/\/www.acfo-acaf.com\/fr\/wp-json\/wp\/v2\/posts\/4031","targetHints":{"allow":["GET"]}}],"collection":[{"href":"https:\/\/www.acfo-acaf.com\/fr\/wp-json\/wp\/v2\/posts"}],"about":[{"href":"https:\/\/www.acfo-acaf.com\/fr\/wp-json\/wp\/v2\/types\/post"}],"replies":[{"embeddable":true,"href":"https:\/\/www.acfo-acaf.com\/fr\/wp-json\/wp\/v2\/comments?post=4031"}],"version-history":[{"count":0,"href":"https:\/\/www.acfo-acaf.com\/fr\/wp-json\/wp\/v2\/posts\/4031\/revisions"}],"acf:term":[{"embeddable":true,"taxonomy":"category","href":"https:\/\/www.acfo-acaf.com\/fr\/wp-json\/wp\/v2\/categories\/38"}],"wp:attachment":[{"href":"https:\/\/www.acfo-acaf.com\/fr\/wp-json\/wp\/v2\/media?parent=4031"}],"wp:term":[{"taxonomy":"category","embeddable":true,"href":"https:\/\/www.acfo-acaf.com\/fr\/wp-json\/wp\/v2\/categories?post=4031"},{"taxonomy":"post_tag","embeddable":true,"href":"https:\/\/www.acfo-acaf.com\/fr\/wp-json\/wp\/v2\/tags?post=4031"}],"curies":[{"name":"wp","href":"https:\/\/api.w.org\/{rel}","templated":true}]}}