{"id":4071,"date":"2012-12-06T16:15:26","date_gmt":"2012-12-06T16:15:26","guid":{"rendered":"http:\/\/127.0.0.1\/wordpress87\/?p=1338"},"modified":"2012-12-06T16:15:26","modified_gmt":"2012-12-06T16:15:26","slug":"president-lacaf-recipiendaire-medaille-jubile-diamant-reine","status":"publish","type":"post","link":"https:\/\/www.acfo-acaf.com\/fr\/president-lacaf-recipiendaire-medaille-jubile-diamant-reine\/","title":{"rendered":"Le pr\u00e9sident de l&rsquo;ACAF r\u00e9cipiendaire de la M\u00e9daille du jubil\u00e9 de diamant de la reine"},"content":{"rendered":"<p>Le 29 novembre 2012, le pr\u00e9sident de l\u2019ACAF Milt Isaacs a eu l\u2019honneur de se faire d\u00e9cerner la M\u00e9daille du jubil\u00e9 de diamant de la reine.<\/p>\n<p>Au cours d\u2019une c\u00e9r\u00e9monie qui s\u2019est d\u00e9roul\u00e9e sur la Colline du Parlement, la m\u00e9daille a \u00e9t\u00e9 remise \u00e0 M.\u00a0Isaacs par M. Ed Komarnicki, d\u00e9put\u00e9 conservateur de Souris-Moose Mountain en Saskatchewan et pr\u00e9sident du Comit\u00e9 permanent des ressources humaines, du d\u00e9veloppement des comp\u00e9tences, du d\u00e9veloppement social et de la condition des personnes handicap\u00e9es. M.\u00a0David McGuinty, d\u00e9put\u00e9 lib\u00e9ral d\u2019Ottawa-Sud \u00e9tait \u00e9galement pr\u00e9sent afin de f\u00e9liciter M.\u00a0Isaacs.<\/p>\n<p>Au cours de ses trente ann\u00e9es d\u2019exp\u00e9rience au sein du gouvernement f\u00e9d\u00e9ral comme contr\u00f4leur et agent financier, M.\u00a0Isaacs a fait preuve de son engagement envers l\u2019imputabilit\u00e9 et les politiques de saine gestion financi\u00e8re. Cette exp\u00e9rience et son leadership l\u2019ont men\u00e9 \u00e0 la pr\u00e9sidence de l\u2019ACAF et de son conseil d\u2019administration.<\/p>\n<p>\u00ab\u00a0Nous sommes ravis pour Milt.\u00a0 Son \u00a0leadership et sa vision ont orient\u00e9 l\u2019ACAF vers l\u2019organisation qu\u2019elle est devenue aujourd\u2019hui\u00a0\u00bb, a d\u00e9clar\u00e9 Karen Hall, Vice-pr\u00e9sidente ex\u00e9cutive de l\u2019ACAF.<\/p>\n<p>La M\u00e9daille du jubil\u00e9 de diamant de la reine Elizabeth II marque le 60<sup>e<\/sup>\u00a0anniversaire de l\u2019accession au tr\u00f4ne de Sa Majest\u00e9 en 1952.\u00a0La m\u00e9daille honore les contributions et accomplissements significatifs des Canadiens et Canadiennes.<\/p>\n<p>Article Date:\u00a02012-12-06<\/p>\n","protected":false},"excerpt":{"rendered":"<p>Le 29 novembre 2012, le pr\u00e9sident de l\u2019ACAF Milt Isaacs a eu l\u2019honneur de se faire d\u00e9cerner la M\u00e9daille du [&hellip;]<\/p>\n","protected":false},"author":0,"featured_media":0,"comment_status":"closed","ping_status":"closed","sticky":false,"template":"","format":"standard","meta":{"_acf_changed":false,"footnotes":""},"categories":[38],"tags":[],"class_list":["post-4071","post","type-post","status-publish","format-standard","hentry","category-mise-jour"],"acf":{"categories":[38],"groups":false,"canBeFeatured":false},"_links":{"self":[{"href":"https:\/\/www.acfo-acaf.com\/fr\/wp-json\/wp\/v2\/posts\/4071","targetHints":{"allow":["GET"]}}],"collection":[{"href":"https:\/\/www.acfo-acaf.com\/fr\/wp-json\/wp\/v2\/posts"}],"about":[{"href":"https:\/\/www.acfo-acaf.com\/fr\/wp-json\/wp\/v2\/types\/post"}],"replies":[{"embeddable":true,"href":"https:\/\/www.acfo-acaf.com\/fr\/wp-json\/wp\/v2\/comments?post=4071"}],"version-history":[{"count":0,"href":"https:\/\/www.acfo-acaf.com\/fr\/wp-json\/wp\/v2\/posts\/4071\/revisions"}],"acf:term":[{"embeddable":true,"taxonomy":"category","href":"https:\/\/www.acfo-acaf.com\/fr\/wp-json\/wp\/v2\/categories\/38"}],"wp:attachment":[{"href":"https:\/\/www.acfo-acaf.com\/fr\/wp-json\/wp\/v2\/media?parent=4071"}],"wp:term":[{"taxonomy":"category","embeddable":true,"href":"https:\/\/www.acfo-acaf.com\/fr\/wp-json\/wp\/v2\/categories?post=4071"},{"taxonomy":"post_tag","embeddable":true,"href":"https:\/\/www.acfo-acaf.com\/fr\/wp-json\/wp\/v2\/tags?post=4071"}],"curies":[{"name":"wp","href":"https:\/\/api.w.org\/{rel}","templated":true}]}}