{"id":4097,"date":"2012-09-17T15:01:12","date_gmt":"2012-09-17T15:01:12","guid":{"rendered":"http:\/\/127.0.0.1\/wordpress87\/?p=1288"},"modified":"2012-09-17T15:01:12","modified_gmt":"2012-09-17T15:01:12","slug":"teleconference-tous-membres-concernant-re-0","status":"publish","type":"post","link":"https:\/\/www.acfo-acaf.com\/fr\/teleconference-tous-membres-concernant-re-0\/","title":{"rendered":"T\u00e9l\u00e9conf\u00e9rence de tous les membres concernant le RE"},"content":{"rendered":"<p>Le 26 septembre 2012, l&rsquo;ACAF tiendra une conf\u00e9rence t\u00e9l\u00e9phonique bilingue afin de fournir de l\u2019information aux FI concernant le r\u00e9am\u00e9nagement des effectifs (RE).\u00a0 La participation est ouverte \u00e0 tout FI qui aurait des questions, qu\u2019elle ou il soit ou non affect\u00e9.<\/p>\n<table width=\"321\">\n<tbody>\n<tr>\n<td width=\"142\"><strong>Date<\/strong><\/td>\n<td width=\"180\">Mercredi le 26 septembre<\/td>\n<\/tr>\n<tr>\n<td width=\"142\"><strong>Heure<\/strong><\/td>\n<td width=\"180\">13 h \u00a0&#8211; 14 h (HAE)<\/td>\n<\/tr>\n<tr>\n<td width=\"142\"><strong>Num\u00e9ro d\u2019acc\u00e8s<\/strong><\/td>\n<td width=\"180\">1-866-219-7782<\/td>\n<\/tr>\n<tr>\n<td width=\"142\"><strong>Code du participant<\/strong><\/td>\n<td width=\"180\">575328<\/td>\n<\/tr>\n<\/tbody>\n<\/table>\n<p>L\u2019information fournie comprendra un aper\u00e7u du processus de r\u00e9am\u00e9nagement des effectifs, les avantages et les inconv\u00e9nients des options offertes, la fa\u00e7on dont le RE influe sur la r\u00e9mun\u00e9ration et les avantages sociaux et une analyse des donn\u00e9es relatives au r\u00e9am\u00e9nagement des effectifs FI jusqu\u2019ici.<\/p>\n<p>Le processus de RE peut se r\u00e9v\u00e9ler d\u00e9concertant. L\u2019Association est l\u00e0 pour offrir de l\u2019orientation et des ressources aux FI au cours de cette p\u00e9riode de transition exigeante. Des renseignements d\u00e9taill\u00e9s sont affich\u00e9s sur a page du RE du site web de l\u2019ACAF \u00e0\u00a0<a href=\"http:\/\/www.acfo-acaf.com\/fr\/reamenagement-effectifs\">http:\/\/www.acfo-acaf.com\/fr\/reamenagement-effectifs<\/a>, dont<\/p>\n<ul>\n<li>un\u00a0<a href=\"http:\/\/acfo-acaf.com\/wp-content\/uploads\/sites\/default\/files\/guide_du_reamenagement_des_effectifs.pdf\">Guide du RE<\/a><\/li>\n<li>une\u00a0<a href=\"http:\/\/www.acfo-acaf.com\/fr\/reamenagement-effectifs-foire-questions\">FAQ<\/a><\/li>\n<li><a href=\"http:\/\/www.acfo-acaf.com\/fr\/reseau-dechange-postes-0\">une liste de participants au programme d&rsquo;\u00e9change de postes<\/a><\/li>\n<li>des donn\u00e9es group\u00e9es sur la fa\u00e7on dont le\u00a0<a href=\"http:\/\/www.acfo-acaf.com\/fr\/stats-fi-affectes\">RE touche la communaut\u00e9 FI<\/a><\/li>\n<\/ul>\n<p>L\u2019Association continuera d\u2019afficher des renseignements pertinents sur le r\u00e9am\u00e9nagement des effectifs au fur et \u00e0 mesure qu\u2019ils deviennent disponibles. Veuillez consulter le site Web r\u00e9guli\u00e8rement.<\/p>\n<p>Nos conseillers en relations de travail sont aussi disponibles pour aider les membres \u00e0 examiner leurs options sur une base individuelle au 1-877-728-0695 ou (613) 728-0695 ou par courriel \u00e0\u00a0<a href=\"http:\/\/www.acfo-acaf.com\/mailto:labourrelations@acfo-acaf.com\">labourrelations@acfo-acaf.com<\/a>.<\/p>\n<p>Date:\u00a02012-09-17<\/p>\n","protected":false},"excerpt":{"rendered":"<p>Le 26 septembre 2012, l&rsquo;ACAF tiendra une conf\u00e9rence t\u00e9l\u00e9phonique bilingue afin de fournir de l\u2019information aux FI concernant le r\u00e9am\u00e9nagement [&hellip;]<\/p>\n","protected":false},"author":0,"featured_media":0,"comment_status":"closed","ping_status":"closed","sticky":false,"template":"","format":"standard","meta":{"_acf_changed":false,"footnotes":""},"categories":[56],"tags":[],"class_list":["post-4097","post","type-post","status-publish","format-standard","hentry","category-reamenagement-des-effectifs"],"acf":{"categories":[56],"groups":false,"canBeFeatured":false},"_links":{"self":[{"href":"https:\/\/www.acfo-acaf.com\/fr\/wp-json\/wp\/v2\/posts\/4097","targetHints":{"allow":["GET"]}}],"collection":[{"href":"https:\/\/www.acfo-acaf.com\/fr\/wp-json\/wp\/v2\/posts"}],"about":[{"href":"https:\/\/www.acfo-acaf.com\/fr\/wp-json\/wp\/v2\/types\/post"}],"replies":[{"embeddable":true,"href":"https:\/\/www.acfo-acaf.com\/fr\/wp-json\/wp\/v2\/comments?post=4097"}],"version-history":[{"count":0,"href":"https:\/\/www.acfo-acaf.com\/fr\/wp-json\/wp\/v2\/posts\/4097\/revisions"}],"acf:term":[{"embeddable":true,"taxonomy":"category","href":"https:\/\/www.acfo-acaf.com\/fr\/wp-json\/wp\/v2\/categories\/56"}],"wp:attachment":[{"href":"https:\/\/www.acfo-acaf.com\/fr\/wp-json\/wp\/v2\/media?parent=4097"}],"wp:term":[{"taxonomy":"category","embeddable":true,"href":"https:\/\/www.acfo-acaf.com\/fr\/wp-json\/wp\/v2\/categories?post=4097"},{"taxonomy":"post_tag","embeddable":true,"href":"https:\/\/www.acfo-acaf.com\/fr\/wp-json\/wp\/v2\/tags?post=4097"}],"curies":[{"name":"wp","href":"https:\/\/api.w.org\/{rel}","templated":true}]}}