{"id":4133,"date":"2012-05-02T19:47:13","date_gmt":"2012-05-02T19:47:13","guid":{"rendered":"http:\/\/127.0.0.1\/wordpress87\/?p=1218"},"modified":"2012-05-02T19:47:13","modified_gmt":"2012-05-02T19:47:13","slug":"teleconference-tous-membres-concernant-re","status":"publish","type":"post","link":"https:\/\/www.acfo-acaf.com\/fr\/teleconference-tous-membres-concernant-re\/","title":{"rendered":"T\u00e9l\u00e9conf\u00e9rence de tous les membres concernant le RE"},"content":{"rendered":"<p>Pour ceux et celles qui n\u2019ont pu participer aux\u00a0<a href=\"http:\/\/www.acfo-acaf.com\/news-and-events\/newsroom\/wfa-qa-conference-call\">conf\u00e9rences t\u00e9l\u00e9phoniques sur le RE<\/a>\u00a0ant\u00e9rieures, l\u2019ACAF tiendra des conf\u00e9rences t\u00e9l\u00e9phoniques afin de fournir de l\u2019information aux FI et de r\u00e9pondre \u00e0 leurs questions concernant le r\u00e9am\u00e9nagement des effectifs (RE).\u00a0 La participation est ouverte \u00e0 tout FI qui aurait des questions, qu\u2019elle ou il soit ou non affect\u00e9.<\/p>\n<p>La conf\u00e9rence d\u00e9butera par un expos\u00e9 de 30 minutes sur le processus de r\u00e9am\u00e9nagement des effectifs, notamment les types d\u2019avis que vous pourriez recevoir, les avantages et les inconv\u00e9nients des options offertes et la fa\u00e7on dont le RE influe sur la r\u00e9mun\u00e9ration et les avantages sociaux, suivie d\u2019une p\u00e9riode de questions et r\u00e9ponses. La mati\u00e8re vis\u00e9e sera la m\u00eame que lors des conf\u00e9rences t\u00e9l\u00e9phoniques ant\u00e9rieures.<\/p>\n<p>Pour poser une question avant ou pendant la pr\u00e9sentation, veuillez l\u2019envoyer par courriel \u00e0\u00a0g<a href=\"http:\/\/www.acfo-acaf.com\/mailto:gboland@acfo-acaf.com\">boland@acfo-acaf.com<\/a>.<\/p>\n<table width=\"579\">\n<tbody>\n<tr>\n<td><\/td>\n<td><strong>Anglais<\/strong><\/td>\n<td><strong>Fran\u00e7ais<\/strong><\/td>\n<\/tr>\n<tr>\n<td><strong>Date<\/strong><\/td>\n<td>Mercredi 9 mai<\/td>\n<td>Mercredi 9 mai<\/td>\n<\/tr>\n<tr>\n<td><strong>Heure<\/strong><\/td>\n<td>15 h 00 &#8212; 16 h 00 (HNE)<\/td>\n<td>13 h 30 &#8212; 14 h 30 (HNE)<\/td>\n<\/tr>\n<tr>\n<td><strong>Num\u00e9ro d\u2019acc\u00e8s<\/strong><\/td>\n<td>1-866-219-7782<\/td>\n<td>1-866-219-7782<\/td>\n<\/tr>\n<tr>\n<td><strong>Code du participant<\/strong><\/td>\n<td>375150<\/td>\n<td>639706<\/td>\n<\/tr>\n<\/tbody>\n<\/table>\n<p>Le processus de RE peut se r\u00e9v\u00e9ler d\u00e9concertant. L\u2019Association est l\u00e0 pour offrir de l\u2019orientation et des ressources aux FI au cours de cette p\u00e9riode de transition exigeante.<\/p>\n<p>Des renseignements d\u00e9taill\u00e9s sont affich\u00e9s sur le site web du RE de l\u2019ACAF \u00e0\u00a0<a href=\"http:\/\/www.acfo-acaf.com\/fr\/reamenagement-effectifs\">http:\/\/www.acfo-acaf.com\/fr\/reamenagement-effectifs<\/a>, dont un\u00a0<a href=\"http:\/\/acfo-acaf.com\/wp-content\/uploads\/sites\/default\/files\/guide_du_reamenagement_des_effectifs.pdf\">Guide du RE<\/a>\u00a0et une\u00a0<a href=\"http:\/\/www.acfo-acaf.com\/fr\/reamenagement-effectifs-foire-questions\">FAQ<\/a><span style=\"text-decoration: underline;\">.<\/span><\/p>\n<p>L\u2019Association continuera d\u2019afficher des renseignements pertinents sur le r\u00e9am\u00e9nagement des effectifs dans les jours et semaines \u00e0 venir. Veuillez consulter le site Web r\u00e9guli\u00e8rement.<\/p>\n<p>Nos conseillers en relations de travail sont aussi disponibles pour aider les membres \u00e0 examiner leurs options sur une base individuelle au 1-877-728-0695 ou (613) 728-0695 ou par courriel \u00e0\u00a0<a href=\"http:\/\/www.acfo-acaf.com\/mailto:labourrelations@acfo-acaf.com\">labourrelations@acfo-acaf.com<\/a>.<\/p>\n<p>Date:\u00a02012-05-02<\/p>\n","protected":false},"excerpt":{"rendered":"<p>Pour ceux et celles qui n\u2019ont pu participer aux\u00a0conf\u00e9rences t\u00e9l\u00e9phoniques sur le RE\u00a0ant\u00e9rieures, l\u2019ACAF tiendra des conf\u00e9rences t\u00e9l\u00e9phoniques afin de [&hellip;]<\/p>\n","protected":false},"author":0,"featured_media":0,"comment_status":"closed","ping_status":"closed","sticky":false,"template":"","format":"standard","meta":{"_acf_changed":false,"footnotes":""},"categories":[56],"tags":[],"class_list":["post-4133","post","type-post","status-publish","format-standard","hentry","category-reamenagement-des-effectifs"],"acf":{"categories":[56],"groups":false,"canBeFeatured":false},"_links":{"self":[{"href":"https:\/\/www.acfo-acaf.com\/fr\/wp-json\/wp\/v2\/posts\/4133","targetHints":{"allow":["GET"]}}],"collection":[{"href":"https:\/\/www.acfo-acaf.com\/fr\/wp-json\/wp\/v2\/posts"}],"about":[{"href":"https:\/\/www.acfo-acaf.com\/fr\/wp-json\/wp\/v2\/types\/post"}],"replies":[{"embeddable":true,"href":"https:\/\/www.acfo-acaf.com\/fr\/wp-json\/wp\/v2\/comments?post=4133"}],"version-history":[{"count":0,"href":"https:\/\/www.acfo-acaf.com\/fr\/wp-json\/wp\/v2\/posts\/4133\/revisions"}],"acf:term":[{"embeddable":true,"taxonomy":"category","href":"https:\/\/www.acfo-acaf.com\/fr\/wp-json\/wp\/v2\/categories\/56"}],"wp:attachment":[{"href":"https:\/\/www.acfo-acaf.com\/fr\/wp-json\/wp\/v2\/media?parent=4133"}],"wp:term":[{"taxonomy":"category","embeddable":true,"href":"https:\/\/www.acfo-acaf.com\/fr\/wp-json\/wp\/v2\/categories?post=4133"},{"taxonomy":"post_tag","embeddable":true,"href":"https:\/\/www.acfo-acaf.com\/fr\/wp-json\/wp\/v2\/tags?post=4133"}],"curies":[{"name":"wp","href":"https:\/\/api.w.org\/{rel}","templated":true}]}}