{"id":4145,"date":"2012-04-04T20:16:58","date_gmt":"2012-04-04T20:16:58","guid":{"rendered":"http:\/\/127.0.0.1\/wordpress87\/?p=1224"},"modified":"2012-04-04T20:16:58","modified_gmt":"2012-04-04T20:16:58","slug":"52-milliards-gouvernement-federal-vont-provoquer-pertes-40-000-emplois-dans","status":"publish","type":"post","link":"https:\/\/www.acfo-acaf.com\/fr\/52-milliards-gouvernement-federal-vont-provoquer-pertes-40-000-emplois-dans\/","title":{"rendered":"5,2$ milliards du gouvernement f\u00e9d\u00e9ral vont provoquer des pertes de 40 000 emplois dans le secteur priv\u00e9"},"content":{"rendered":"<p>Les compressions de 5,2$ milliards des d\u00e9penses annonc\u00e9es dans le budget d\u00e9pos\u00e9 par le gouvernement f\u00e9d\u00e9ral vont provoquer 40\u00a0825 pertes d\u2019emploi dans le secteur priv\u00e9.<\/p>\n<p>C\u2019est la conclusion de l\u2019analyse r\u00e9alis\u00e9e par l\u2019Association canadienne des employ\u00e9s professionnels du Canada (ACEP) \u00e0 partir des donn\u00e9es du budget 2012 du gouvernement canadien en appliquant un mod\u00e8le \u00e9conomique d\u00e9velopp\u00e9 par Statistique Canada. Le gouvernement a annonc\u00e9 dans son budget des compressions de ses d\u00e9penses de 5,2$ milliards et la r\u00e9duction de 19\u00a0200 emplois dans le secteur public f\u00e9d\u00e9ral.<\/p>\n<p>Selon le mod\u00e8le de Statistique Canada analys\u00e9 par l\u2019ACEP \u00e0 la lueur des donn\u00e9es du budget, des pertes d\u2019emplois dans les secteurs public et priv\u00e9 vont toucher de fa\u00e7on variable toutes les r\u00e9gions du Canada. Ainsi, les compressions annonc\u00e9es signifient les pertes d\u2019emploi suivantes\u00a0:<\/p>\n<ul>\n<li>Ontario\u00a0: 26\u00a0155 emplois, dont 18\u00a0199 dans le secteur priv\u00e9;<\/li>\n<li>Qu\u00e9bec\u00a0: 13\u00a0299 emplois, dont 9\u00a0314 du secteur priv\u00e9;<\/li>\n<li>Ouest canadien\u00a0: 7\u00a0538 pertes d\u2019emploi, dont 4\u00a0886 dans le priv\u00e9;<\/li>\n<li>Atlantique (incluant Terre-Neuve)\u00a0: 6\u00a0758 emplois, dont 4 286 dans le priv\u00e9;<\/li>\n<li>Colombie-Britannique\u00a0: 5\u00a0869 pertes d\u2019emploi, dont 4\u00a0009 dans le priv\u00e9.<\/li>\n<\/ul>\n<p>Si on examine les pertes d\u2019emploi par secteurs d\u2019activit\u00e9, 8\u00a0222 travailleurs du secteur de la vente en d\u00e9tail et en gros, 2 879 employ\u00e9s de la restauration, 1 934 personnes travaillant dans le secteur du soutien administratif et 1 575 travailleurs de la construction perdront leur emploi.<\/p>\n<p>Selon l\u2019ACEP, le mod\u00e8le d\u00e9velopp\u00e9 par Statistique Canada et utilis\u00e9 depuis des ann\u00e9es par les minist\u00e8res f\u00e9d\u00e9raux, les provinces et les entreprises priv\u00e9es d\u00e9montre que le budget ne va pas toucher uniquement le secteur public f\u00e9d\u00e9ral. Cons\u00e9quence de la r\u00e9duction des d\u00e9penses du gouvernement dans l\u2019\u00e9conomie en g\u00e9n\u00e9ral, les pertes d\u2019emploi vont \u00e9galement frapper des vendeurs, des coiffeuses, des travailleurs de la construction, des infirmi\u00e8res, des cuisiniers, des agentes de voyage, des chauffeurs de taxi, des commis, des m\u00e9caniciens et des travailleurs d\u2019autres secteurs. Au total, les pertes d\u2019emploi provoqu\u00e9es par la r\u00e9duction des d\u00e9penses du gouvernement f\u00e9d\u00e9ral vont toucher 40\u00a0825 Canadiennes et Canadiens de tous les secteurs, en plus des 19\u00a0200 employ\u00e9s de la fonction publique f\u00e9d\u00e9rale.<\/p>\n<p>Pour en arriver \u00e0 ces donn\u00e9es, l\u2019ACEP a int\u00e9gr\u00e9 dans le mod\u00e8le de Statistique Canada les donn\u00e9es du budget et a pris en compte les 19\u00a0200 emplois qui seront abolis dans le secteur public selon les \u00e9valuations du ministre des Finances.<\/p>\n<p>Le mois dernier, l\u2019ACEP avait analys\u00e9 un mod\u00e8le qui \u00e9tait bas\u00e9 sur des compressions de 8$ milliards \u00e9voqu\u00e9es par le ministre des Finances du Canada et avait indiqu\u00e9 qu\u2019elle referait son analyse au lendemain du budget. Ce sont ces donn\u00e9es actualis\u00e9es que l\u2019ACEP rend public aujourd\u2019hui.<\/p>\n<p>L\u2019ACEP repr\u00e9sente quelque 13\u00a0000 \u00e9conomistes et employ\u00e9s en sciences sociales qui conseillent le gouvernement sur les politiques publiques, 1\u00a0000 traducteurs, interpr\u00e8tes, terminologues qui assurent le visage bilingue du gouvernement et 85 analystes et adjoints de recherche \u00e0 la Biblioth\u00e8que du Parlement.<\/p>\n<p>Pour plus de renseignements, veuillez contactez Pierre Lebel, relations avec les m\u00e9dias de l\u2019ACEP \u00e0\u00a0<a href=\"http:\/\/www.acfo-acaf.com\/mailto:plebel@acep-cape.ca\">plebel@acep-cape.ca<\/a><span style=\"text-decoration: underline;\">.<\/span><\/p>\n<p>Date:\u00a02012-04-04<\/p>\n","protected":false},"excerpt":{"rendered":"<p>Les compressions de 5,2$ milliards des d\u00e9penses annonc\u00e9es dans le budget d\u00e9pos\u00e9 par le gouvernement f\u00e9d\u00e9ral vont provoquer 40\u00a0825 pertes [&hellip;]<\/p>\n","protected":false},"author":0,"featured_media":0,"comment_status":"closed","ping_status":"closed","sticky":false,"template":"","format":"standard","meta":{"_acf_changed":false,"footnotes":""},"categories":[56],"tags":[],"class_list":["post-4145","post","type-post","status-publish","format-standard","hentry","category-reamenagement-des-effectifs"],"acf":{"categories":[56],"groups":false,"canBeFeatured":false},"_links":{"self":[{"href":"https:\/\/www.acfo-acaf.com\/fr\/wp-json\/wp\/v2\/posts\/4145","targetHints":{"allow":["GET"]}}],"collection":[{"href":"https:\/\/www.acfo-acaf.com\/fr\/wp-json\/wp\/v2\/posts"}],"about":[{"href":"https:\/\/www.acfo-acaf.com\/fr\/wp-json\/wp\/v2\/types\/post"}],"replies":[{"embeddable":true,"href":"https:\/\/www.acfo-acaf.com\/fr\/wp-json\/wp\/v2\/comments?post=4145"}],"version-history":[{"count":0,"href":"https:\/\/www.acfo-acaf.com\/fr\/wp-json\/wp\/v2\/posts\/4145\/revisions"}],"acf:term":[{"embeddable":true,"taxonomy":"category","href":"https:\/\/www.acfo-acaf.com\/fr\/wp-json\/wp\/v2\/categories\/56"}],"wp:attachment":[{"href":"https:\/\/www.acfo-acaf.com\/fr\/wp-json\/wp\/v2\/media?parent=4145"}],"wp:term":[{"taxonomy":"category","embeddable":true,"href":"https:\/\/www.acfo-acaf.com\/fr\/wp-json\/wp\/v2\/categories?post=4145"},{"taxonomy":"post_tag","embeddable":true,"href":"https:\/\/www.acfo-acaf.com\/fr\/wp-json\/wp\/v2\/tags?post=4145"}],"curies":[{"name":"wp","href":"https:\/\/api.w.org\/{rel}","templated":true}]}}