{"id":4181,"date":"2011-12-14T14:56:54","date_gmt":"2011-12-14T14:56:54","guid":{"rendered":"http:\/\/127.0.0.1\/wordpress87\/?p=1066"},"modified":"2011-12-14T14:56:54","modified_gmt":"2011-12-14T14:56:54","slug":"point-negociations-collectives-equipes-cahiers-revendications-pour-fonction-publiqu","status":"publish","type":"post","link":"https:\/\/www.acfo-acaf.com\/fr\/point-negociations-collectives-equipes-cahiers-revendications-pour-fonction-publiqu\/","title":{"rendered":"Le point sur les n\u00e9gociations collectives &#8211; les \u00e9quipes et les cahiers de revendications pour la fonction publique et NAV CANADA sont \u00e9tablies"},"content":{"rendered":"<p>Le conseil d\u2019administration de l\u2019ACAF a nomm\u00e9 l\u2019\u00e9quipe de n\u00e9gociation pour la fonction publique parmi les membres du comit\u00e9 de n\u00e9gociation collective. Voici les membres et les employ\u00e9s de l\u2019Association qui repr\u00e9senteront l\u2019ACAF \u00e0 la table de n\u00e9gociation lors de la pr\u00e9sente ronde :<\/p>\n<table width=\"681\">\n<tbody>\n<tr>\n<td><strong>Nom<\/strong><\/td>\n<td><strong>Niveau FI<\/strong><\/td>\n<td><strong>Minist\u00e8re<\/strong><\/td>\n<td><strong>Endroit<\/strong><\/td>\n<\/tr>\n<tr>\n<td>Karen Hall (pr\u00e9sidente)<\/td>\n<td>3<\/td>\n<td>GRC<\/td>\n<td>Vancouver<\/td>\n<\/tr>\n<tr>\n<td>Scott Chamberlain (n\u00e9gociateur principal)<\/td>\n<td>&#8211;<\/td>\n<td>ACAF<\/td>\n<td>&#8211;<\/td>\n<\/tr>\n<tr>\n<td>Grant Boland (n\u00e9gociateur adjoint)<\/td>\n<td>&#8211;<\/td>\n<td>ACAF<\/td>\n<td>&#8211;<\/td>\n<\/tr>\n<tr>\n<td>Dany Richard<\/td>\n<td>2<\/td>\n<td>TPSGC<\/td>\n<td>RCN<\/td>\n<\/tr>\n<tr>\n<td>Fran\u00e7ois Fortier<\/td>\n<td>3<\/td>\n<td>MDN<\/td>\n<td>Montr\u00e9al<\/td>\n<\/tr>\n<tr>\n<td>Raoul Andersen<\/td>\n<td>2<\/td>\n<td>RHDCC<\/td>\n<td>St. John&rsquo;s<\/td>\n<\/tr>\n<tr>\n<td>Rob Hawkins<\/td>\n<td>2<\/td>\n<td>SCC<\/td>\n<td>Joyceville<\/td>\n<\/tr>\n<tr>\n<td>Stephen Brown<\/td>\n<td>4<\/td>\n<td>MDN<\/td>\n<td>RCN<\/td>\n<\/tr>\n<tr>\n<td>Tessie Genise<\/td>\n<td>1<\/td>\n<td>AGR<\/td>\n<td>Winnipeg<\/td>\n<\/tr>\n<tr>\n<td>Richard Rizok (rempla\u00e7ant)<\/td>\n<td>1<\/td>\n<td>TPSGC<\/td>\n<td>RCN<\/td>\n<\/tr>\n<tr>\n<td>Melanie Fugard (rempla\u00e7ante)<\/td>\n<td>2<\/td>\n<td>MDN<\/td>\n<td>Victoria<\/td>\n<\/tr>\n<\/tbody>\n<\/table>\n<p>Le comit\u00e9 de n\u00e9gociation a \u00e9tabli son cahier de revendications en fonction de l\u2019apport des membres de la communaut\u00e9 FI, ainsi qu\u2019une analyse d\u00e9taill\u00e9e des groupes de comparaison au sein et \u00e0 l\u2019ext\u00e9rieur de la fonction publique.<\/p>\n<p>De concert avec des d\u00e9l\u00e9gu\u00e9s du Conseil du Tr\u00e9sor, nous sommes en voie de fixer des dates en vue de l\u2019\u00e9change de revendications et de propositions entre le comit\u00e9 de n\u00e9gociation et l\u2019employeur.<\/p>\n<p><strong>NAV CANADA<\/strong><\/p>\n<p>Les membres suivants ont \u00e9t\u00e9 nomm\u00e9s membres de l\u2019\u00e9quipe de n\u00e9gociation pour NAV CANADA lors de la pr\u00e9sente ronde\u00a0:<\/p>\n<p>Scott Chamberlain (n\u00e9gociateur principal)<br \/>\nLinda Diodati<br \/>\nKeri Taber<br \/>\nDebra Clark<\/p>\n<p>Les revendications pour NAV CANADA ont \u00e9t\u00e9 \u00e9tablies. Des rencontres avec l\u2019employeur sont pr\u00e9vues pour les 20-22 d\u00e9cembre 2011.<\/p>\n<p>Pour obtenir des renseignements suppl\u00e9mentaires \u00e0 cet \u00e9gard, veuillez communiquer avec la pr\u00e9sidente du comit\u00e9 de n\u00e9gociation collective, Karen Hall, \u00e0\u00a0<a href=\"http:\/\/www.acfo-acaf.com\/mailto:khall@acfo-acaf.com\">khall@acfo-acaf.com<\/a>\u00a0, ou avec le directeur des Relations de travail et n\u00e9gociateur principal de l\u2019ACAF, Scott Chamberlain, \u00e0\u00a0<a href=\"http:\/\/www.acfo-acaf.com\/mailto:schamberlain@acfo-acaf.com\">schamberlain@acfo-acaf.com<\/a>, ou au num\u00e9ro sans frais 1-877-728-0695, poste 225.<\/p>\n<p>Date:\u00a02011-12-13<\/p>\n","protected":false},"excerpt":{"rendered":"<p>Le conseil d\u2019administration de l\u2019ACAF a nomm\u00e9 l\u2019\u00e9quipe de n\u00e9gociation pour la fonction publique parmi les membres du comit\u00e9 de [&hellip;]<\/p>\n","protected":false},"author":0,"featured_media":0,"comment_status":"closed","ping_status":"closed","sticky":false,"template":"","format":"standard","meta":{"_acf_changed":false,"footnotes":""},"categories":[20],"tags":[],"class_list":["post-4181","post","type-post","status-publish","format-standard","hentry","category-negociation-collective"],"acf":{"categories":[20],"groups":false,"canBeFeatured":false},"_links":{"self":[{"href":"https:\/\/www.acfo-acaf.com\/fr\/wp-json\/wp\/v2\/posts\/4181","targetHints":{"allow":["GET"]}}],"collection":[{"href":"https:\/\/www.acfo-acaf.com\/fr\/wp-json\/wp\/v2\/posts"}],"about":[{"href":"https:\/\/www.acfo-acaf.com\/fr\/wp-json\/wp\/v2\/types\/post"}],"replies":[{"embeddable":true,"href":"https:\/\/www.acfo-acaf.com\/fr\/wp-json\/wp\/v2\/comments?post=4181"}],"version-history":[{"count":0,"href":"https:\/\/www.acfo-acaf.com\/fr\/wp-json\/wp\/v2\/posts\/4181\/revisions"}],"acf:term":[{"embeddable":true,"taxonomy":"category","href":"https:\/\/www.acfo-acaf.com\/fr\/wp-json\/wp\/v2\/categories\/20"}],"wp:attachment":[{"href":"https:\/\/www.acfo-acaf.com\/fr\/wp-json\/wp\/v2\/media?parent=4181"}],"wp:term":[{"taxonomy":"category","embeddable":true,"href":"https:\/\/www.acfo-acaf.com\/fr\/wp-json\/wp\/v2\/categories?post=4181"},{"taxonomy":"post_tag","embeddable":true,"href":"https:\/\/www.acfo-acaf.com\/fr\/wp-json\/wp\/v2\/tags?post=4181"}],"curies":[{"name":"wp","href":"https:\/\/api.w.org\/{rel}","templated":true}]}}