{"id":4255,"date":"2011-01-18T17:59:26","date_gmt":"2011-01-18T17:59:26","guid":{"rendered":"http:\/\/127.0.0.1\/wordpress87\/?p=653"},"modified":"2011-01-18T17:59:26","modified_gmt":"2011-01-18T17:59:26","slug":"point-parite-salariale-0","status":"publish","type":"post","link":"https:\/\/www.acfo-acaf.com\/fr\/point-parite-salariale-0\/","title":{"rendered":"Le point sur la parit\u00e9 salariale"},"content":{"rendered":"<p>L&rsquo;\u00e9quipe de l&rsquo;ACAF charg\u00e9e de la parit\u00e9 salariale a r\u00e9dig\u00e9 et pr\u00e9sent\u00e9 ses arguments cl\u00e9s (Expos\u00e9 des pr\u00e9cisions) \u00e0 la CRTFP le 13 ao\u00fbt 2010, et le Secr\u00e9tariat du Conseil du Tr\u00e9sor (SCT) a fait de m\u00eame le 18 octobre 2010, conform\u00e9ment \u00e0 l&rsquo;<a href=\"http:\/\/www.acfo-acaf.com\/fr\/initiatives-actuelles\/parite-salariale\/point-parite-salariale-1\">\u00e9ch\u00e9ancier \u00e9tabli en juin dernier<\/a>.<\/p>\n<p>Depuis, les parties se sont entendues sur un \u00e9ch\u00e9ancier pour la communication de documents. Les 25\u00a0octobre et 26 novembre 2010, l&rsquo;\u00e9quipe de l&rsquo;ACAF s&rsquo;est r\u00e9unie pour dresser la liste des documents que nous devons obtenir du SCT dans le cadre de cet exercice, ainsi que des documents que le SCT a demand\u00e9 \u00e0 l&rsquo;ACAF de lui communiquer.<\/p>\n<p>Nous avons ensuite envoy\u00e9 une lettre au SCT, le 15 d\u00e9cembre 2010, pour lui exposer les preuves que l&rsquo;ACAF a l&rsquo;intention de lui communiquer et lui demander les documents qu&rsquo;il doit nous communiquer. Le 4\u00a0janvier 2011, le SCT a r\u00e9pondu par la n\u00e9gative \u00e0 cette demande de communication de documents, mettant en doute leur pertinence.<\/p>\n<p>Notre \u00e9quipe charg\u00e9e de la parit\u00e9 salariale r\u00e9dige actuellement une r\u00e9ponse au refus du SCT de communiquer ces documents, en justifiant la n\u00e9cessit\u00e9 de cette information. Une fois que tous les documents n\u00e9cessaires auront \u00e9t\u00e9 communiqu\u00e9s, les parties continueront \u00e0 pr\u00e9parer leurs plaidoyers respectifs concernant cette plainte de parit\u00e9 salariale que la CRTFP instruira en 2012. Le comit\u00e9 de la parit\u00e9 salariale compte se r\u00e9unir \u00e0 la fin de janvier pour discuter de ces questions.<\/p>\n<p>Nous continuerons de vous tenir au courant des d\u00e9veloppements dans cette affaire. Dans l&rsquo;intervalle, veuillez communiquer avec Vivian Gates au 613-728-0695, poste 226, si vous avez des questions.<\/p>\n","protected":false},"excerpt":{"rendered":"<p>L&rsquo;\u00e9quipe de l&rsquo;ACAF charg\u00e9e de la parit\u00e9 salariale a r\u00e9dig\u00e9 et pr\u00e9sent\u00e9 ses arguments cl\u00e9s (Expos\u00e9 des pr\u00e9cisions) \u00e0 la [&hellip;]<\/p>\n","protected":false},"author":0,"featured_media":0,"comment_status":"closed","ping_status":"closed","sticky":false,"template":"","format":"standard","meta":{"_acf_changed":false,"footnotes":""},"categories":[48],"tags":[],"class_list":["post-4255","post","type-post","status-publish","format-standard","hentry","category-parite-salariale"],"acf":{"categories":[48],"groups":false,"canBeFeatured":false},"_links":{"self":[{"href":"https:\/\/www.acfo-acaf.com\/fr\/wp-json\/wp\/v2\/posts\/4255","targetHints":{"allow":["GET"]}}],"collection":[{"href":"https:\/\/www.acfo-acaf.com\/fr\/wp-json\/wp\/v2\/posts"}],"about":[{"href":"https:\/\/www.acfo-acaf.com\/fr\/wp-json\/wp\/v2\/types\/post"}],"replies":[{"embeddable":true,"href":"https:\/\/www.acfo-acaf.com\/fr\/wp-json\/wp\/v2\/comments?post=4255"}],"version-history":[{"count":0,"href":"https:\/\/www.acfo-acaf.com\/fr\/wp-json\/wp\/v2\/posts\/4255\/revisions"}],"acf:term":[{"embeddable":true,"taxonomy":"category","href":"https:\/\/www.acfo-acaf.com\/fr\/wp-json\/wp\/v2\/categories\/48"}],"wp:attachment":[{"href":"https:\/\/www.acfo-acaf.com\/fr\/wp-json\/wp\/v2\/media?parent=4255"}],"wp:term":[{"taxonomy":"category","embeddable":true,"href":"https:\/\/www.acfo-acaf.com\/fr\/wp-json\/wp\/v2\/categories?post=4255"},{"taxonomy":"post_tag","embeddable":true,"href":"https:\/\/www.acfo-acaf.com\/fr\/wp-json\/wp\/v2\/tags?post=4255"}],"curies":[{"name":"wp","href":"https:\/\/api.w.org\/{rel}","templated":true}]}}