{"id":4261,"date":"2010-12-06T18:22:36","date_gmt":"2010-12-06T18:22:36","guid":{"rendered":"http:\/\/127.0.0.1\/wordpress87\/?p=705"},"modified":"2010-12-06T18:22:36","modified_gmt":"2010-12-06T18:22:36","slug":"point-negociations-collectives-2","status":"publish","type":"post","link":"https:\/\/www.acfo-acaf.com\/fr\/point-negociations-collectives-2\/","title":{"rendered":"Le point sur les n\u00e9gociations collectives"},"content":{"rendered":"<p>L\u2019\u00e9quipe de n\u00e9gociation de l\u2019ACAF a rencontr\u00e9 l\u2019Employeur le 2 d\u00e9cembre 2010.<\/p>\n<p>Les parties ont r\u00e9ussi \u00e0 s\u2019entendre sur deux des revendications en litige.<\/p>\n<p>L\u2019Employeur et l\u2019ACAF sont rest\u00e9s sur leurs positions respectives concernant les concessions relatives \u00e0 l\u2019indemnit\u00e9 de d\u00e9part, les salaires et la dur\u00e9e de la convention collective. L\u2019ACAF demande une convention d\u2019une dur\u00e9e de deux ans comportant des augmentations annuelles de 1,5 %. L\u2019Employeur veut pour sa part une convention portant sur plusieurs ann\u00e9es et comportant des concessions relatives \u00e0 l\u2019indemnit\u00e9 de d\u00e9part et des augmentations salariales semblables \u00e0 celles que plusieurs \u00e9l\u00e9ments de l\u2019AFPC ont ratifi\u00e9es le 1er d\u00e9cembre 2010.<\/p>\n<p>Une derni\u00e8re s\u00e9ance de n\u00e9gociation est pr\u00e9vue pour le 20 janvier 2011. Si nous sommes incapables d\u2019en venir \u00e0 une entente de principe pour une convention d\u2019une dur\u00e9e de deux comportant des augmentations salariales de 1,5 % par ann\u00e9e, nous aurons atteint une impasse, et l\u2019ACAF se pr\u00e9vaudra de son droit de renvoyer l\u2019affaire \u00e0 l\u2019arbitrage ex\u00e9cutoire.<\/p>\n<p>L\u2019ACAF est dispos\u00e9e \u00e0 rencontrer l\u2019Employeur apr\u00e8s la conclusion d\u2019une convention d\u2019une dur\u00e9e de deux ans pour discuter de sa proposition concernant l\u2019indemnit\u00e9 de d\u00e9part. Avant d\u2019entamer ces pourparlers, l\u2019ACAF proc\u00e9dera \u00e0 un sondage aupr\u00e8s de ses membres au d\u00e9but de la nouvelle ann\u00e9e et pr\u00e9parera des mod\u00e8les de prix de revient exhaustifs pour fins d\u2019utilisation lors des n\u00e9gociations.<\/p>\n<p>Si vous avez des questions ou besoin de renseignements suppl\u00e9mentaires, n\u2019h\u00e9sitez pas \u00e0 communiquer avec Scott Chamberlain ou Vicky Ringuette au 613-728-0695.<\/p>\n","protected":false},"excerpt":{"rendered":"<p>L\u2019\u00e9quipe de n\u00e9gociation de l\u2019ACAF a rencontr\u00e9 l\u2019Employeur le 2 d\u00e9cembre 2010. Les parties ont r\u00e9ussi \u00e0 s\u2019entendre sur deux [&hellip;]<\/p>\n","protected":false},"author":0,"featured_media":0,"comment_status":"closed","ping_status":"closed","sticky":false,"template":"","format":"standard","meta":{"_acf_changed":false,"footnotes":""},"categories":[20],"tags":[],"class_list":["post-4261","post","type-post","status-publish","format-standard","hentry","category-negociation-collective"],"acf":{"categories":[20],"groups":false,"canBeFeatured":false},"_links":{"self":[{"href":"https:\/\/www.acfo-acaf.com\/fr\/wp-json\/wp\/v2\/posts\/4261","targetHints":{"allow":["GET"]}}],"collection":[{"href":"https:\/\/www.acfo-acaf.com\/fr\/wp-json\/wp\/v2\/posts"}],"about":[{"href":"https:\/\/www.acfo-acaf.com\/fr\/wp-json\/wp\/v2\/types\/post"}],"replies":[{"embeddable":true,"href":"https:\/\/www.acfo-acaf.com\/fr\/wp-json\/wp\/v2\/comments?post=4261"}],"version-history":[{"count":0,"href":"https:\/\/www.acfo-acaf.com\/fr\/wp-json\/wp\/v2\/posts\/4261\/revisions"}],"acf:term":[{"embeddable":true,"taxonomy":"category","href":"https:\/\/www.acfo-acaf.com\/fr\/wp-json\/wp\/v2\/categories\/20"}],"wp:attachment":[{"href":"https:\/\/www.acfo-acaf.com\/fr\/wp-json\/wp\/v2\/media?parent=4261"}],"wp:term":[{"taxonomy":"category","embeddable":true,"href":"https:\/\/www.acfo-acaf.com\/fr\/wp-json\/wp\/v2\/categories?post=4261"},{"taxonomy":"post_tag","embeddable":true,"href":"https:\/\/www.acfo-acaf.com\/fr\/wp-json\/wp\/v2\/tags?post=4261"}],"curies":[{"name":"wp","href":"https:\/\/api.w.org\/{rel}","templated":true}]}}